{"id":127962,"date":"2021-05-16T03:13:47","date_gmt":"2021-05-16T03:13:47","guid":{"rendered":"https:\/\/dimensionturistica.com\/es\/?p=127962"},"modified":"2021-05-16T03:13:47","modified_gmt":"2021-05-16T03:13:47","slug":"multitud-de-quiebras-de-pequenas-agencias-por-todo-mexico","status":"publish","type":"post","link":"https:\/\/dimensionturistica.com\/es\/multitud-de-quiebras-de-pequenas-agencias-por-todo-mexico\/","title":{"rendered":"Multitud de quiebras de peque\u00f1as agencias por todo M\u00e9xico"},"content":{"rendered":"<p> <br \/>\n<\/p>\n<div id=\"post-153943\">\n<p class=\"antetitulo\" style=\"margin-top: 10px;\">SI DECRETAN NUEVO CONFINAMIENTO<\/p>\n<hr style=\"margin: 10px 0 3px\" \/>\n<p class=\"autor\" style=\"font-size: 12px; margin: 10px 0;\">R. R. | M\u00e9xico | 15 de  mayo de 2021 &#13;<br \/>\n\t <a rel=\"nofollow noopener\" target=\"_blank\" href=\"https:\/\/www.reportur.com\/agencias\/2021\/05\/15\/multitud-quiebras-pequenas-agencias-mexico\/#respond\" style=\"float:right; text-decoration: none; color:#000000\">&#13;<br \/>\n    <img decoding=\"async\" src=\"https:\/\/www.reportur.com\/wp-content\/themes\/reportur\/images\/comment.png\" align=\"absmiddle\" style=\"margin-right: 0;\" \/> Deja un comentario\t\t<\/a>&#13;\n\t\t<\/p>\n<hr style=\"margin: 3px 0 10px\" \/>\n<p class=\"relacionadosSingle\"><b>TEMAS RELACIONADOS: <a rel=\"nofollow noopener\" target=\"_blank\" href=\"https:\/\/www.reportur.com\/tag\/armando-bojorquez\/\">Armando Boj\u00f3rquez<\/a>, <a rel=\"nofollow noopener\" target=\"_blank\" href=\"https:\/\/www.reportur.com\/tag\/miguel-torruco-marques\/\">Miguel Torruco Marqu\u00e9s<\/a>, <a rel=\"nofollow noopener\" target=\"_blank\" href=\"https:\/\/www.reportur.com\/tag\/presidente-de-la-asociacion-de-cultura-y-turismo-de-america-latina\/\">presidente de la Asociaci\u00f3n de Cultura y Turismo de Am\u00e9rica Latina<\/a>, <a rel=\"nofollow noopener\" target=\"_blank\" href=\"https:\/\/www.reportur.com\/tag\/secretaria-federal-de-turismo\/\">secretaria federal de Turismo<\/a>, <a rel=\"nofollow noopener\" target=\"_blank\" href=\"https:\/\/www.reportur.com\/tag\/secretario-federal-de-turismo\/\">secretario federal de Turismo<\/a><\/b><\/p>\n<hr style=\"margin-bottom: 15px;\" \/>\n<div class=\"post\">\n<p><img decoding=\"async\" class=\"aligncenter size-full wp-image-144815\" src=\"https:\/\/www.reportur.com\/wp-content\/uploads\/2020\/11\/agencias-de-viajes-2-e1607039759184.jpg\" alt=\"\" width=\"640\" height=\"316\" \/><\/p>\n<p>La disaster generada por la pandemia, ha llevado a una multitud de quiebras de peque\u00f1as agencias de viajes en todo M\u00e9xico, lo que podr\u00eda ser peor si decretan un nuevo confinamiento por causa de una nueva oleada de contagios de covid-19.<\/p>\n<p>\u201cM\u00e1s de 30 por ciento de las agencias de viaje en M\u00e9xico ya no abrir\u00e1n. Si se presenta otra oleada podr\u00eda ocasionar que llegaramos hasta 50 por ciento de las agencias de viaje, porque ya no pueden m\u00e1s, porque incluso hay mercados cerrados por la pandemia\u201d, manifest\u00f3 Armando Boj\u00f3rquez, presidente de la Asociaci\u00f3n de Cultura y Turismo de Am\u00e9rica Latina (Precise), en entrevista con La Raz\u00f3n.<\/p>\n<p>Adicionalmente, dijo Boj\u00f3rquez que los segmentos de reuniones o de romance ser\u00edan los m\u00e1s afectados, pues pr\u00e1cticamente est\u00e1n cerrados y existen incentivos para su reactivaci\u00f3n. Por otra parte, destinos como los asi\u00e1ticos est\u00e1n quietos.<\/p>\n<p>Como lo inform\u00f3 <em>REPORTUR.mx<\/em>, los estadounidenses se han tomado el turismo extranjero en M\u00e9xico con el 79.6% del whole, es decir, que de los 904,648 viajeros que llegaron al pa\u00eds, 720,763 fueron provenientes de Estados Unidos, as\u00ed lo dio a conocer la Secretar\u00eda Federal de Turismo de ese pa\u00eds. <a rel=\"nofollow noopener\" target=\"_blank\" href=\"https:\/\/www.reportur.com\/mexico\/2021\/04\/24\/usa-monopoliza-turismo-mexico-80-del-total\/\">(USA monopoliza el turismo en M\u00e9xico: el 80% del total).<\/a><\/p>\n<p>As\u00ed mismo, el secretario federal de Turismo, Miguel Torruco Marqu\u00e9s, indic\u00f3 que el Aeropuerto de Canc\u00fan recibi\u00f3 m\u00e1s turistas internacionales durante el mes de marzo, que el Aeropuerto de Ciudad de M\u00e9xico.<\/p>\n<p><!-- AddThis Advanced Settings above via filter on the_content --><!-- AddThis Advanced Settings below via filter on the_content --><!-- AddThis Advanced Settings generic via filter on the_content --><!-- AddThis Share Buttons above via filter on the_content --><!-- AddThis Share Buttons below via filter on the_content --><!-- AddThis Share Buttons generic via filter on the_content --><\/div>\n<hr class=\"noCss\" \/><\/div>\n\n<p><em> &#8221; Fuentes www.reportur.com &#8221; <\/em><\/p>\n","protected":false},"excerpt":{"rendered":"<p>SI DECRETAN NUEVO CONFINAMIENTO R. R. | M\u00e9xico | 15 de mayo de 2021 &#13; &#13; Deja un comentario &#13; TEMAS RELACIONADOS: Armando Boj\u00f3rquez, Miguel Torruco Marqu\u00e9s, presidente de la Asociaci\u00f3n de Cultura y Turismo de Am\u00e9rica Latina, secretaria federal de Turismo, secretario federal de Turismo La disaster generada por la pandemia, ha llevado a [&hellip;]<\/p>\n","protected":false},"author":4,"featured_media":0,"comment_status":"open","ping_status":"closed","sticky":false,"template":"","format":"standard","meta":{"om_disable_all_campaigns":false,"jnews-multi-image_gallery":[],"jnews_single_post":[],"jnews_primary_category":[],"jnews_social_meta":[],"footnotes":""},"categories":[40],"tags":[],"class_list":["post-127962","post","type-post","status-publish","format-standard","hentry","category-industria"],"_links":{"self":[{"href":"https:\/\/dimensionturistica.com\/es\/wp-json\/wp\/v2\/posts\/127962","targetHints":{"allow":["GET"]}}],"collection":[{"href":"https:\/\/dimensionturistica.com\/es\/wp-json\/wp\/v2\/posts"}],"about":[{"href":"https:\/\/dimensionturistica.com\/es\/wp-json\/wp\/v2\/types\/post"}],"author":[{"embeddable":true,"href":"https:\/\/dimensionturistica.com\/es\/wp-json\/wp\/v2\/users\/4"}],"replies":[{"embeddable":true,"href":"https:\/\/dimensionturistica.com\/es\/wp-json\/wp\/v2\/comments?post=127962"}],"version-history":[{"count":0,"href":"https:\/\/dimensionturistica.com\/es\/wp-json\/wp\/v2\/posts\/127962\/revisions"}],"wp:attachment":[{"href":"https:\/\/dimensionturistica.com\/es\/wp-json\/wp\/v2\/media?parent=127962"}],"wp:term":[{"taxonomy":"category","embeddable":true,"href":"https:\/\/dimensionturistica.com\/es\/wp-json\/wp\/v2\/categories?post=127962"},{"taxonomy":"post_tag","embeddable":true,"href":"https:\/\/dimensionturistica.com\/es\/wp-json\/wp\/v2\/tags?post=127962"}],"curies":[{"name":"wp","href":"https:\/\/api.w.org\/{rel}","templated":true}]}}