{"id":127931,"date":"2021-05-15T23:34:14","date_gmt":"2021-05-15T23:34:14","guid":{"rendered":"https:\/\/dimensionturistica.com\/es\/?p=127931"},"modified":"2021-05-15T23:34:14","modified_gmt":"2021-05-15T23:34:14","slug":"convenio-comercial-con-agencia-turistica-de-rusia-afianza-incremento-del-turismo-receptivo","status":"publish","type":"post","link":"https:\/\/dimensionturistica.com\/es\/convenio-comercial-con-agencia-turistica-de-rusia-afianza-incremento-del-turismo-receptivo\/","title":{"rendered":"Convenio comercial con agencia tur\u00edstica de Rusia afianza incremento del turismo receptivo"},"content":{"rendered":"<p> <br \/>\n<\/p>\n<div>\n<p>Este viernes, 14 de mayo, el ministro del Poder Fashionable para el Turismo, Al\u00ed Padr\u00f3n, presidi\u00f3 un encuentro con los 90 touroperadores de Rusia, para establecer estrategias que optimice la operatividad en el sector tur\u00edstico que el Gobierno Bolivariano impulsa ante el desaf\u00edo de la pandemia que enfrenta el mundo.<\/p>\n<p>Al respecto la viceministra de Turismo Internacional, Leticia G\u00f3mez suscribi\u00f3 un contrato de servicio como Agente Common de Ventas con la empresa Rutravel Enterprise de la Federaci\u00f3n de Rusia. Este nuevo acuerdo tiene la finalidad de promover ofertas de servicios tur\u00edsticos, entre ambas naciones.<\/p>\n<p>La nueva alianza comercial incluye pasajes a\u00e9reos, alojamiento, transporte, excursiones, servicios de gu\u00edas, as\u00ed como otras actividades inherentes al sector que contribuyen a resaltar los atractivos naturales, culturales e hist\u00f3ricos del pa\u00eds.<\/p>\n<p>Por su parte, Anastasia Pirogova, directora de Rutravel expres\u00f3 su satisfacci\u00f3n por la firma de este convenio que \u201c\u2026adem\u00e1s de afianzar los lazos de cooperaci\u00f3n entre dos naciones hermanas, permite establecer alianzas de comercializaci\u00f3n, bajo criterios de transparencia, responsabilidad y calidad de servicios entre estas empresas\u201d, expres\u00f3.<\/p>\n<p>A este acto, estuvieron presentes los ministros de Transporte y Educaci\u00f3n Superior Hip\u00f3lito Abreu y C\u00e9sar Tr\u00f3mpiz, respectivamente. Tambi\u00e9n asisti\u00f3 el presidente de Conviasa, Ram\u00f3n Vel\u00e1squez.<\/p>\n<p>Esta iniciativa est\u00e1 orientada a potenciar a Venezuela como pa\u00eds megadiverso y a dinamizar la econom\u00eda del Motor Turismo, conjuntamente con todos los actores que hacen vida en esta importante industria.<\/p>\n<p>\u00a0<\/p>\n<p><strong>Prensa Digital MippCI \/ Mintur<\/strong><\/p>\n<\/div>\n<p><script>(function(d, s, id) {\n  var js, fjs = d.getElementsByTagName(s)[0];\n  if (d.getElementById(id)) return;\n  js = d.createElement(s); js.id = id;\n  js.src = \"http:\/\/connect.facebook.net\/es_LA\/sdk.js#xfbml=1&version=v2.7\";\n  fjs.parentNode.insertBefore(js, fjs);\n}(document, 'script', 'facebook-jssdk'));<\/script><br \/>\n<br \/><\/p>\n<p><em> &#8221; Fuentes www.minci.gob.ve &#8221; <\/em><\/p>\n","protected":false},"excerpt":{"rendered":"<p>Este viernes, 14 de mayo, el ministro del Poder Fashionable para el Turismo, Al\u00ed Padr\u00f3n, presidi\u00f3 un encuentro con los 90 touroperadores de Rusia, para establecer estrategias que optimice la operatividad en el sector tur\u00edstico que el Gobierno Bolivariano impulsa ante el desaf\u00edo de la pandemia que enfrenta el mundo. Al respecto la viceministra de [&hellip;]<\/p>\n","protected":false},"author":4,"featured_media":127932,"comment_status":"open","ping_status":"closed","sticky":false,"template":"","format":"standard","meta":{"om_disable_all_campaigns":false,"jnews-multi-image_gallery":[],"jnews_single_post":[],"jnews_primary_category":[],"jnews_social_meta":[],"footnotes":""},"categories":[40],"tags":[],"class_list":["post-127931","post","type-post","status-publish","format-standard","has-post-thumbnail","hentry","category-industria"],"_links":{"self":[{"href":"https:\/\/dimensionturistica.com\/es\/wp-json\/wp\/v2\/posts\/127931","targetHints":{"allow":["GET"]}}],"collection":[{"href":"https:\/\/dimensionturistica.com\/es\/wp-json\/wp\/v2\/posts"}],"about":[{"href":"https:\/\/dimensionturistica.com\/es\/wp-json\/wp\/v2\/types\/post"}],"author":[{"embeddable":true,"href":"https:\/\/dimensionturistica.com\/es\/wp-json\/wp\/v2\/users\/4"}],"replies":[{"embeddable":true,"href":"https:\/\/dimensionturistica.com\/es\/wp-json\/wp\/v2\/comments?post=127931"}],"version-history":[{"count":0,"href":"https:\/\/dimensionturistica.com\/es\/wp-json\/wp\/v2\/posts\/127931\/revisions"}],"wp:featuredmedia":[{"embeddable":true,"href":"https:\/\/dimensionturistica.com\/es\/wp-json\/wp\/v2\/media\/127932"}],"wp:attachment":[{"href":"https:\/\/dimensionturistica.com\/es\/wp-json\/wp\/v2\/media?parent=127931"}],"wp:term":[{"taxonomy":"category","embeddable":true,"href":"https:\/\/dimensionturistica.com\/es\/wp-json\/wp\/v2\/categories?post=127931"},{"taxonomy":"post_tag","embeddable":true,"href":"https:\/\/dimensionturistica.com\/es\/wp-json\/wp\/v2\/tags?post=127931"}],"curies":[{"name":"wp","href":"https:\/\/api.w.org\/{rel}","templated":true}]}}