{"id":127908,"date":"2021-05-15T22:37:26","date_gmt":"2021-05-15T22:37:26","guid":{"rendered":"https:\/\/dimensionturistica.com\/es\/?p=127908"},"modified":"2021-05-15T22:37:26","modified_gmt":"2021-05-15T22:37:26","slug":"ente-mixto-comunicado-de-la-camara-ante-versiones-que-circulan-sobre-una-tasa","status":"publish","type":"post","link":"https:\/\/dimensionturistica.com\/es\/ente-mixto-comunicado-de-la-camara-ante-versiones-que-circulan-sobre-una-tasa\/","title":{"rendered":"ENTE MIXTO. Comunicado de la C\u00e1mara \u201cante versiones que circulan\u201d sobre una tasa"},"content":{"rendered":"<p> <br \/>\n<\/p>\n<div>\n<p style=\"text-align: justify;\">La C\u00e1mara de Hoteler\u00eda, Gastronom\u00eda, Comercio, Turismo e Industria de El Calafate se manifest\u00f3 en relaci\u00f3n a las fuentes de financiamiento que se analizan para poder hacer frente a la merma de ingresos que tiene el Ente Mixto de Turismo.<\/p>\n<div id=\"publi-71\" class=\"publi  C7\" data-publicidad=\"71\" data-nombre=\"El Calafate - Int\" data-tipo=\"imagen\">\n<p>                                <img decoding=\"async\" loading=\"lazy\" class=\"imagen-publicidad img-responsive puntero\" data-url=\"https:\/\/www.facebook.com\/MunicipalidaddeElChalten\/\" data-publicidad=\"71\" data-nombre=\"El Calafate - Int\" style=\"margin:0 auto\" src=\"https:\/\/ahoracalafate.com.ar\/download\/publicidades.imagen.820a5b9912581a32.696d6167656e2e676966.gif\"\/><\/p><\/div>\n<p style=\"text-align: justify;\">La entidad marca una posici\u00f3n contraria a la concept de implementar una tasa tur\u00edstica en el alojamiento, para destinarla a la promoci\u00f3n del destino. La C\u00e1mara se expresa a trav\u00e9s de un comunicado y \u201cante las versiones que circulan referidas a la posibilidad de cargar con nuevos costos contributivos a la actividad tur\u00edstica\u201d.<\/p>\n<p style=\"text-align: justify;\">El comunicado le da el calificativo de \u00a0\u201cversiones que circulan\u201d a las declaraciones p\u00fablicas que hicieron otros miembros del Ente Mixto, organismo que tambi\u00e9n integra la C\u00e1mara de Comercio.<\/p>\n<p style=\"text-align: justify;\">D\u00edas atr\u00e1s en una entrevista con FM DIMENSION el concejal Alexis Simunovic comparti\u00f3 la concept que hab\u00eda planteado d\u00edas antes en una reuni\u00f3n del Ente Mixto, del cual es el vicepresidente a cargo de la presidencia. \u00a0<\/p>\n<p style=\"text-align: justify;\">Tambi\u00e9n se hab\u00eda expresado sobre el tema el empresario Mario Guatti, integrante del Ente Mixto por otra entidad empresaria: la Asociaci\u00f3n de Hoteles de Turismo (AHT). Adem\u00e1s es uno de los miembros de una comisi\u00f3n conformada especialmente para buscar recursos alternativos para el Ente de promoci\u00f3n.<\/p>\n<p style=\"text-align: justify;\">En la misma radio Guatti se\u00f1al\u00f3 a modo de ejemplo que entre las concepts que se analizan est\u00e1 buscar que grandes empresas sean sponsors del destino, o trabajar sobre una Eco-Tasa que se le cobrar\u00eda al turista, y a cambio tenga descuentos en comercios de la localidad.\u00a0<\/p>\n<p style=\"text-align: justify;\">En referencia a las tasas, la entidad empresaria manifest\u00f3 \u201cel rechazo a este tipo de iniciativas que no hacen m\u00e1s que perjudicar a nuestro destino\u201d. Y la fundament\u00f3 diciendo que \u201cson sumamente distorsivas, encarecen nuestro producto y fomentan el alojamiento informal que no se encontrar\u00eda alcanzado por esta medida, en desmedro de aquellos que sistem\u00e1ticamente a\u00f1o tras a\u00f1o cumplen con el pago de sus tasas e impuestos\u201d.<\/p>\n<p style=\"text-align: justify;\">\u201cSumar nuevos costos atenta contra el desarrollo y crecimiento del turismo, que se ha visto afectado por los cierres de fronteras y mermas de vuelos entre otras cosas\u201d, agrega la C\u00e1mara.\u00a0<\/p>\n<p style=\"text-align: justify;\">\u201cCreemos que estas crisis deben dar paso a nuevas oportunidades en las que mediante el ingenio y la b\u00fasqueda de opciones de financiaci\u00f3n que no est\u00e9n orientadas al bolsillo de quienes quieren visitarnos, podamos lograr los fondos para destinar a acciones promocionales que tanto necesitamos\u201d, cube la C\u00e1mara.<\/p>\n<p style=\"text-align: justify;\">En tal sentido se manifiesta m\u00e1s favorable a la concept de conseguir el patrocinio de grandes empresas. \u201cTenemos una ciudad con calidad de servicios pr\u00f3xima a recursos naturales que motivan a personas de todo el mundo a viajar hasta aqu\u00ed y sin lugar a dudas, se podr\u00eda incentivar a grandes empresas, bancos, compa\u00f1\u00edas de trayectoria a invertir con un esp\u00edritu publicitario beneficioso para ambas partes si somos capaces de generar propuestas motivadoras a tal fin\u201d, afirma el comunicado.<\/p>\n<p style=\"text-align: justify;\">\u201cCaer en el recurso de generar nuevas imposiciones no creemos que sea el mejor camino, pero estamos dispuestos a trabajar mancomunadamente en la b\u00fasqueda de alternativas superadoras\u201d, concluye.<\/p>\n<p style=\"text-align: justify;\">El comunicado de la C\u00e1mara fue enviado por mail, aunque no est\u00e1 publicado ni en su internet oficial ni en su sitio de Fb, que est\u00e1n inactivas desde septiembre y octubre del a\u00f1o pasado, respectivamente.<\/p>\n<p style=\"text-align: justify;\">A continuaci\u00f3n el texto completo del comunicado.<\/p>\n<p style=\"text-align: justify;\"><img decoding=\"async\" alt=\"comunicado camara\" class=\"img-responsive\" height=\"659\" loading=\"lazy\" sizes=\"auto\" src=\"https:\/\/ahoracalafate.com.ar\/download\/multimedia.normal.8e0fa34ee8ffd228.636f6d756e696361646f2063616d6172615f6e6f726d616c2e6a7067.jpg\" srcset=\"https:\/\/ahoracalafate.com.ar\/download\/multimedia.normal.8e0fa34ee8ffd228.636f6d756e696361646f2063616d6172615f6e6f726d616c2e6a7067.jpg 915w, https:\/\/ahoracalafate.com.ar\/download\/multimedia.miniatura.bdbb49d8c4e99090.636f6d756e696361646f2063616d6172615f6d696e6961747572612e6a7067.jpg 400w\" width=\"915\"\/><\/p>\n<\/p><\/div>\n<p><script async defer crossorigin=\"anonymous\" src=\"https:\/\/connect.facebook.net\/es_LA\/sdk.js#xfbml=1&#038;version=v6.0&#038;autoLogAppEvents=1&#038;appId=\"><\/script><br \/>\n<br \/><\/p>\n<p><em> &#8221; Fuentes ahoracalafate.com.ar &#8221; <\/em><\/p>\n","protected":false},"excerpt":{"rendered":"<p>La C\u00e1mara de Hoteler\u00eda, Gastronom\u00eda, Comercio, Turismo e Industria de El Calafate se manifest\u00f3 en relaci\u00f3n a las fuentes de financiamiento que se analizan para poder hacer frente a la merma de ingresos que tiene el Ente Mixto de Turismo. La entidad marca una posici\u00f3n contraria a la concept de implementar una tasa tur\u00edstica en [&hellip;]<\/p>\n","protected":false},"author":4,"featured_media":102398,"comment_status":"open","ping_status":"closed","sticky":false,"template":"","format":"standard","meta":{"om_disable_all_campaigns":false,"jnews-multi-image_gallery":[],"jnews_single_post":[],"jnews_primary_category":[],"jnews_social_meta":[],"footnotes":""},"categories":[40],"tags":[],"class_list":["post-127908","post","type-post","status-publish","format-standard","has-post-thumbnail","hentry","category-industria"],"_links":{"self":[{"href":"https:\/\/dimensionturistica.com\/es\/wp-json\/wp\/v2\/posts\/127908","targetHints":{"allow":["GET"]}}],"collection":[{"href":"https:\/\/dimensionturistica.com\/es\/wp-json\/wp\/v2\/posts"}],"about":[{"href":"https:\/\/dimensionturistica.com\/es\/wp-json\/wp\/v2\/types\/post"}],"author":[{"embeddable":true,"href":"https:\/\/dimensionturistica.com\/es\/wp-json\/wp\/v2\/users\/4"}],"replies":[{"embeddable":true,"href":"https:\/\/dimensionturistica.com\/es\/wp-json\/wp\/v2\/comments?post=127908"}],"version-history":[{"count":0,"href":"https:\/\/dimensionturistica.com\/es\/wp-json\/wp\/v2\/posts\/127908\/revisions"}],"wp:featuredmedia":[{"embeddable":true,"href":"https:\/\/dimensionturistica.com\/es\/wp-json\/wp\/v2\/media\/102398"}],"wp:attachment":[{"href":"https:\/\/dimensionturistica.com\/es\/wp-json\/wp\/v2\/media?parent=127908"}],"wp:term":[{"taxonomy":"category","embeddable":true,"href":"https:\/\/dimensionturistica.com\/es\/wp-json\/wp\/v2\/categories?post=127908"},{"taxonomy":"post_tag","embeddable":true,"href":"https:\/\/dimensionturistica.com\/es\/wp-json\/wp\/v2\/tags?post=127908"}],"curies":[{"name":"wp","href":"https:\/\/api.w.org\/{rel}","templated":true}]}}