{"id":127871,"date":"2021-05-15T18:41:21","date_gmt":"2021-05-15T18:41:21","guid":{"rendered":"https:\/\/dimensionturistica.com\/es\/?p=127871"},"modified":"2021-05-15T18:41:21","modified_gmt":"2021-05-15T18:41:21","slug":"coronavirus-en-espana-en-directo-vacunacion-fin-del-estado-de-alarma-y-restricciones-en-madrid-ultima-hora","status":"publish","type":"post","link":"https:\/\/dimensionturistica.com\/es\/coronavirus-en-espana-en-directo-vacunacion-fin-del-estado-de-alarma-y-restricciones-en-madrid-ultima-hora\/","title":{"rendered":"Coronavirus en Espa\u00f1a en directo: vacunaci\u00f3n, fin del estado de alarma y restricciones en Madrid | \u00daltima hora"},"content":{"rendered":"<p> <br \/>\n<\/p>\n<div>\n<p><strong>GALICIA: BAJAN LOS INGRESOS HOSPITALARIOS<\/strong><\/p>\n<p>Seis d\u00edas despu\u00e9s de la ca\u00edda del estado de alarma y de las restricciones m\u00e1s duras que le iban aparejadas, la presi\u00f3n hospitalaria que deja la pandemia de la covid-19 contin\u00faa a la baja con un whole de 172 personas ingresadas, <strong>12 menos que un d\u00eda atr\u00e1s.<\/strong> Adem\u00e1s, <strong>los casos activos encadenan tres d\u00edas de ca\u00edda<\/strong> y se sit\u00faan en <strong>2.865 <\/strong>&#8211;68 menos&#8211;, lo que significa que las altas superan a los nuevos diagn\u00f3sticos de coronavirus.<\/p>\n<p>Sin embargo,<strong> los nuevos contagios detectados por cualquier tipo de prueba han vuelto a subir por tercer d\u00eda consecutivo hasta colocarse en 176<\/strong> &#8211;17 m\u00e1s&#8211;, aunque todav\u00eda est\u00e1n por debajo de los 200 que se registraban en d\u00edas pasados.<\/p>\n<p>En lo que respecta a la <strong>presi\u00f3n hospitalaria<\/strong>, los datos que ha hecho p\u00fablicos este s\u00e1bado la Conseller\u00eda de Sanidade, con registros hasta las 18,00 horas del viernes, <strong>Galicia cuenta con 172 ingresados,<\/strong> de los cuales 134 est\u00e1n en planta, tras una bajada de 12 en 24 horas; y los 38 restantes en unidades de cuidados intensivos (UCI), misma cifra que un d\u00eda atr\u00e1s.<\/p>\n<p>En cuanto a los casos activos de la enfermedad, han descendido por tercer d\u00eda consecutivo y, de acuerdo con los datos de este viernes, se sit\u00faan en 2.865, tras <strong>disminuir en 68 en un d\u00eda<\/strong>.\u00a0Esta bajada se ha replicado en todas las siete \u00e1reas sanitarias. La que m\u00e1s pacientes de covid contabiliza es la de Vigo, con 854 &#8211;tras un descenso de cinco&#8211;, seguida de A Coru\u00f1a, con 642 &#8211;una decena menos&#8211;.<\/p>\n<p>En toda Galicia <strong>se han detectado 176 casos de coronavirus<\/strong> a trav\u00e9s de cualquier tipo de prueba en las \u00faltimas 24 horas, de los cuales 168 se han confirmado con una PCR. Esto implica otro ligero repunte de 17 con respecto a los notificados el d\u00eda previo, pero siguen en cifras similares del inicio de la semana y por debajo de la barrera de los 200.<\/p>\n<p>Del whole de las nuevas infecciones detectadas,<strong> las principales \u00e1reas sanitarias afectadas<\/strong> vuelven a ser la de Vigo, con 65; seguida de la de Pontevedra-O Saln\u00e9s, con 30; Santiago-Barbanza, con 27; y A Coru\u00f1a-Cee, con 25.\u00a0En cuanto al resto, el \u00e1rea de Ourense-Ver\u00edn-O Barco ha sumado 15 nuevos positivos; Lugo-A Mari\u00f1a-Monforte, otros 11; y la de Ferrol, solo tres.<\/p>\n<p>Por tanto, <strong>los contagiados de covid-19 desde el inicio de la pandemia en toda Galicia han ascendido a<\/strong> 124.707, de los que 30.055 corresponden al \u00e1rea de A Coru\u00f1a; 24.398 a la de Vigo; 19.573 a la de Santiago; 15.529 a la de Ourense; 14.017 a la de Pontevedra; 12.623 a la de Lugo; y 8.512 a la de Ferrol.<\/p>\n<p>Desde el inicio de la pandemia, Galicia ha realizado 2.161.664 PCR, lo que supone que en las \u00faltimas 24 horas se han hecho 6.530 pruebas, alrededor de 250 m\u00e1s que las del d\u00eda anterior. Por su parte, <strong>la tasa de positividad<\/strong> &#8211;porcentaje de infecciones por check PCR realizados&#8211; ha vuelto a <strong>repuntar ligeramente<\/strong> hasta un 3%, despu\u00e9s del 2,9% del viernes, pero sigue por debajo del 5% que la Organizaci\u00f3n Mundial de la Salud (OMS) fija para dar por controlada la pandemia.<\/p>\n<p>Galicia acumula desde el inicio de la pandemia<strong> 2.401 personas fallecidas <\/strong>diagnosticadas con covid-19, tras haber notificado este jueves la Conseller\u00eda de Sanidade dos nuevos \u00f3bitos.<\/p>\n<\/div>\n\n<p><em> &#8221; Fuentes as.com &#8221; <\/em><\/p>\n","protected":false},"excerpt":{"rendered":"<p>GALICIA: BAJAN LOS INGRESOS HOSPITALARIOS Seis d\u00edas despu\u00e9s de la ca\u00edda del estado de alarma y de las restricciones m\u00e1s duras que le iban aparejadas, la presi\u00f3n hospitalaria que deja la pandemia de la covid-19 contin\u00faa a la baja con un whole de 172 personas ingresadas, 12 menos que un d\u00eda atr\u00e1s. Adem\u00e1s, los casos [&hellip;]<\/p>\n","protected":false},"author":4,"featured_media":127872,"comment_status":"open","ping_status":"closed","sticky":false,"template":"","format":"standard","meta":{"om_disable_all_campaigns":false,"jnews-multi-image_gallery":[],"jnews_single_post":[],"jnews_primary_category":[],"jnews_social_meta":[],"footnotes":""},"categories":[40],"tags":[],"class_list":["post-127871","post","type-post","status-publish","format-standard","has-post-thumbnail","hentry","category-industria"],"_links":{"self":[{"href":"https:\/\/dimensionturistica.com\/es\/wp-json\/wp\/v2\/posts\/127871","targetHints":{"allow":["GET"]}}],"collection":[{"href":"https:\/\/dimensionturistica.com\/es\/wp-json\/wp\/v2\/posts"}],"about":[{"href":"https:\/\/dimensionturistica.com\/es\/wp-json\/wp\/v2\/types\/post"}],"author":[{"embeddable":true,"href":"https:\/\/dimensionturistica.com\/es\/wp-json\/wp\/v2\/users\/4"}],"replies":[{"embeddable":true,"href":"https:\/\/dimensionturistica.com\/es\/wp-json\/wp\/v2\/comments?post=127871"}],"version-history":[{"count":0,"href":"https:\/\/dimensionturistica.com\/es\/wp-json\/wp\/v2\/posts\/127871\/revisions"}],"wp:featuredmedia":[{"embeddable":true,"href":"https:\/\/dimensionturistica.com\/es\/wp-json\/wp\/v2\/media\/127872"}],"wp:attachment":[{"href":"https:\/\/dimensionturistica.com\/es\/wp-json\/wp\/v2\/media?parent=127871"}],"wp:term":[{"taxonomy":"category","embeddable":true,"href":"https:\/\/dimensionturistica.com\/es\/wp-json\/wp\/v2\/categories?post=127871"},{"taxonomy":"post_tag","embeddable":true,"href":"https:\/\/dimensionturistica.com\/es\/wp-json\/wp\/v2\/tags?post=127871"}],"curies":[{"name":"wp","href":"https:\/\/api.w.org\/{rel}","templated":true}]}}