{"id":127853,"date":"2021-05-15T17:50:58","date_gmt":"2021-05-15T17:50:58","guid":{"rendered":"https:\/\/dimensionturistica.com\/es\/?p=127853"},"modified":"2021-05-15T17:50:58","modified_gmt":"2021-05-15T17:50:58","slug":"avavit-cumple-69-anos-con-la-mision-de-reactivar-al-sector-turismo","status":"publish","type":"post","link":"https:\/\/dimensionturistica.com\/es\/avavit-cumple-69-anos-con-la-mision-de-reactivar-al-sector-turismo\/","title":{"rendered":"Avavit cumple 69 a\u00f1os con la misi\u00f3n de reactivar al sector turismo"},"content":{"rendered":"<p> <br \/>\n<\/p>\n<div>\n<div class=\"td-post-featured-image\">\n<figure><a rel=\"nofollow noopener\" target=\"_blank\" href=\"https:\/\/www.descifrado.com\/wp-content\/uploads\/2020\/10\/DB6EVrzXgAEwWum.jpg\" data-caption=\"Foto referencial\"><img decoding=\"async\" width=\"696\" height=\"452\" class=\"entry-thumb td-modal-image\" src=\"https:\/\/www.descifrado.com\/wp-content\/uploads\/2020\/10\/DB6EVrzXgAEwWum-696x452.jpg\" srcset=\"https:\/\/www.descifrado.com\/wp-content\/uploads\/2020\/10\/DB6EVrzXgAEwWum-696x452.jpg 696w, https:\/\/www.descifrado.com\/wp-content\/uploads\/2020\/10\/DB6EVrzXgAEwWum-300x195.jpg 300w, https:\/\/www.descifrado.com\/wp-content\/uploads\/2020\/10\/DB6EVrzXgAEwWum-768x498.jpg 768w, https:\/\/www.descifrado.com\/wp-content\/uploads\/2020\/10\/DB6EVrzXgAEwWum-647x420.jpg 647w, https:\/\/www.descifrado.com\/wp-content\/uploads\/2020\/10\/DB6EVrzXgAEwWum.jpg 780w\" sizes=\"(max-width: 696px) 100vw, 696px\" alt=\"Avavit alerta sobre quiebra de agencias de viajes si no se reactiva el sector turismo\" title=\"Avavit alerta sobre quiebra de agencias de viajes si no se reactiva el sector turismo\"\/><\/a><figcaption class=\"wp-caption-text\">Foto referencial<\/figcaption><\/figure>\n<\/div>\n<p>Este pr\u00f3ximo domingo 16 de mayo la Asociaci\u00f3n Venezolana de Agencias de Viajes y Turismo -AVAVIT- arriba a sus 69 a\u00f1os de fundada, \u201cconstituy\u00e9ndose en la asociaci\u00f3n gremial del sector turismo de mayor trayectoria\u201d.<\/p>\n<p>As\u00ed lo inform\u00f3 a Descifrado el presidente de Avavit Nicola Furnari, quien adem\u00e1s explico que \u201cla ocasi\u00f3n ser\u00e1 propicia para celebrarlo con una actividad virtual en la cual se fusionar\u00e1 el aniversario de la asociaci\u00f3n y la conmemoraci\u00f3n del D\u00eda del Agente de Viajes en Venezuela. Fecha declarada el pasado 2020 con la finalidad de rendir homenaje a los agentes de viajes y turismo en su d\u00eda, siendo ellos merecedores de una fecha exclusiva en Venezuela para celebrar su desempe\u00f1o dentro del sector turismo\u201d.<\/p>\n<p>El reto de Avavit es el de participar en los planes de reactivaci\u00f3n del sector turismo en Venezuela. Este ha sido particularmente afectado por los efectos de la pandemia del covid-19.<\/p>\n<p>A\u00f1adi\u00f3 el dirigente empresarial que la actividad de conmemoraci\u00f3n \u201cest\u00e1 siendo acompa\u00f1ada por un recuento durante el mes aniversario de nuestras actividades m\u00e1s resaltantes a trav\u00e9s de las redes sociales @avavit1, destac\u00e1ndose la evoluci\u00f3n del nombre e imagen gr\u00e1fica, 26 expresidentes, 33 congresos realizados, 27 ediciones de la Feria Exposici\u00f3n Viajes y Turismo, as\u00ed como dem\u00e1s informaciones sobresalientes a lo largo de 69 a\u00f1os de labor ininterrumpida\u201d.<\/p>\n<p><em><strong>Forma\u00a0parte de nuestro canal en Telegram y mantente informado del acontecer pol\u00edtico y econ\u00f3mico de Venezuela\u00a0<a rel=\"nofollow noopener\" target=\"_blank\" href=\"https:\/\/t.me\/Descifrado\">https:\/\/t.me\/Descifrado<\/a><\/strong><\/em><\/p>\n<\/p><\/div>\n\n<p><em> &#8221; Fuentes www.descifrado.com &#8221; <\/em><\/p>\n","protected":false},"excerpt":{"rendered":"<p>Foto referencial Este pr\u00f3ximo domingo 16 de mayo la Asociaci\u00f3n Venezolana de Agencias de Viajes y Turismo -AVAVIT- arriba a sus 69 a\u00f1os de fundada, \u201cconstituy\u00e9ndose en la asociaci\u00f3n gremial del sector turismo de mayor trayectoria\u201d. As\u00ed lo inform\u00f3 a Descifrado el presidente de Avavit Nicola Furnari, quien adem\u00e1s explico que \u201cla ocasi\u00f3n ser\u00e1 propicia [&hellip;]<\/p>\n","protected":false},"author":4,"featured_media":127854,"comment_status":"open","ping_status":"closed","sticky":false,"template":"","format":"standard","meta":{"om_disable_all_campaigns":false,"jnews-multi-image_gallery":[],"jnews_single_post":[],"jnews_primary_category":[],"jnews_social_meta":[],"footnotes":""},"categories":[40],"tags":[],"class_list":["post-127853","post","type-post","status-publish","format-standard","has-post-thumbnail","hentry","category-industria"],"_links":{"self":[{"href":"https:\/\/dimensionturistica.com\/es\/wp-json\/wp\/v2\/posts\/127853","targetHints":{"allow":["GET"]}}],"collection":[{"href":"https:\/\/dimensionturistica.com\/es\/wp-json\/wp\/v2\/posts"}],"about":[{"href":"https:\/\/dimensionturistica.com\/es\/wp-json\/wp\/v2\/types\/post"}],"author":[{"embeddable":true,"href":"https:\/\/dimensionturistica.com\/es\/wp-json\/wp\/v2\/users\/4"}],"replies":[{"embeddable":true,"href":"https:\/\/dimensionturistica.com\/es\/wp-json\/wp\/v2\/comments?post=127853"}],"version-history":[{"count":0,"href":"https:\/\/dimensionturistica.com\/es\/wp-json\/wp\/v2\/posts\/127853\/revisions"}],"wp:featuredmedia":[{"embeddable":true,"href":"https:\/\/dimensionturistica.com\/es\/wp-json\/wp\/v2\/media\/127854"}],"wp:attachment":[{"href":"https:\/\/dimensionturistica.com\/es\/wp-json\/wp\/v2\/media?parent=127853"}],"wp:term":[{"taxonomy":"category","embeddable":true,"href":"https:\/\/dimensionturistica.com\/es\/wp-json\/wp\/v2\/categories?post=127853"},{"taxonomy":"post_tag","embeddable":true,"href":"https:\/\/dimensionturistica.com\/es\/wp-json\/wp\/v2\/tags?post=127853"}],"curies":[{"name":"wp","href":"https:\/\/api.w.org\/{rel}","templated":true}]}}