{"id":127813,"date":"2021-05-15T15:55:31","date_gmt":"2021-05-15T15:55:31","guid":{"rendered":"https:\/\/dimensionturistica.com\/es\/?p=127813"},"modified":"2021-05-15T15:55:32","modified_gmt":"2021-05-15T15:55:32","slug":"iniciativa-privada-preocupada-por-caida-de-economia-turistica-palco-noticias","status":"publish","type":"post","link":"https:\/\/dimensionturistica.com\/es\/iniciativa-privada-preocupada-por-caida-de-economia-turistica-palco-noticias\/","title":{"rendered":"Iniciativa privada, preocupada por ca\u00edda de econom\u00eda tur\u00edstica \u2013 Palco Noticias"},"content":{"rendered":"<p> <br \/>\n<\/p>\n<div>\n<p>El Consejo Nacional Empresarial Tur\u00edstico (CNET), la Confederaci\u00f3n de C\u00e1maras Nacionales de Comercio, Servicios y Turismo (Concanaco Servytur) y la Confederaci\u00f3n Patronal de la Rep\u00fablica Mexicana (Coparmex) manifestaron su preocupaci\u00f3n, ya que seg\u00fan las perspectivas, la recuperaci\u00f3n de la industria podr\u00eda darse, en el mejor de los casos, hasta el 2023.<\/p>\n<p>Esto luego de que el Inegi diera a conocer que en 2020 el PIB tur\u00edstico cay\u00f3 28.4 por ciento.<\/p>\n<p>El PIB tur\u00edstico podr\u00eda contraerse hasta 15 por ciento en 2021, eso siempre y cuando se logre una recuperaci\u00f3n de la industria en el segundo trimestre del a\u00f1o.<\/p>\n<p>Aseguraron que hasta ahora se han perdido entre 640 mil y 840 mil empleos, y han desaparecido decenas de miles de empresas del sector tur\u00edstico.<\/p>\n<p>El presidente del\u00a0CNET\u00a0record\u00f3 que hace un a\u00f1o envi\u00f3 a la Comisi\u00f3n de Turismo de la C\u00e1mara de Diputados el \u201cPaquete Legislativo para Enfrentar la Emergencia del Sector Turismo #SOSTurismo\u201d, el cual contiene una lista 15 propuestas que contribuir\u00edan al rescate de la industria tur\u00edstica en esta profunda disaster.<\/p>\n<p>Ninguna de las acciones ah\u00ed contenidas se ha puesto en marcha a pesar de que todas son aplicables incluso hoy a m\u00e1s de un a\u00f1o de haber iniciado la\u00a0pandemia, por lo que podr\u00edan ser reconsideradas, a\u00f1adi\u00f3.<\/p>\n<p>Jos\u00e9 Manuel L\u00f3pez Campos, presidente \u00a0de \u00a0Concanaco, se\u00f1al\u00f3 que en los \u00faltimos 12 \u00a0meses, la actividad tur\u00edstica del pa\u00eds sufri\u00f3 \u00a0graves da\u00f1os econ\u00f3micos con \u00a0la paralizaci\u00f3n de los negocios de ese giro, \u00a0como consecuencia de la pandemia del\u00a0Covid19.<\/p>\n<p>La\u00a0Concanaco\u00a0calcula que el turismo \u00a0disminuy\u00f3 sus transacciones en casi 75 \u00a0por ciento con respecto al a\u00f1o anterior, lo que \u00a0se signific\u00f3 perdidas por m\u00e1s de 137 mil millones de pesos.<\/p>\n<p>Jos\u00e9 Medina Mora, presidente nacional \u00a0de \u00a0Coparmex, consider\u00f3 que en el di\u00e1logo \u00a0que \u00a0se mantiene con las autoridades de todos \u00a0los niveles para una pronta recuperaci\u00f3n \u00a0econ\u00f3mica, se trabajar\u00e1 para incluir \u00a0entre \u00a0las prioridades al sector tur\u00edstico.<\/p>\n<p>Francisco \u00a0Madrid, \u00a0director del Centro de \u00a0Investigaci\u00f3n y Competitividad Tur\u00edstica \u00a0An\u00e1huac (Cicotur), \u00a0descart\u00f3 \u00a0una \u00a0recuperaci\u00f3n \u00a0r\u00e1pida \u00a0del \u00a0sector \u00a0tur\u00edstico, \u00a0y \u00a0afirm\u00f3 \u00a0que \u00a0es \u00a0imposible que \u00a0se \u00a0presente \u00a0durante \u00a02021.<\/p>\n<p>\u201cEn el mejor de los casos llegaremos \u00a0a \u00a0los \u00a0niveles de 2019 despu\u00e9s de 2023; \u00a0luego \u00a0del \u00a0mal primer \u00a0trimestre de 2021, es posible \u00a0anticipar que \u00a0la \u00a0contracci\u00f3n \u00a0del \u00a0PIB \u00a0tur\u00edstico\u00a0de \u00a0este a\u00f1o, comparado \u00a0con \u00a0los \u00a0datos de \u00a02019, \u00a0bien podr\u00eda situarse entre \u00a010 y 15 por ciento; \u00a0esto, siempre \u00a0y \u00a0cuando \u00a0se logre una recuperaci\u00f3n importante \u00a0durante el segundo semestre del a\u00f1o\u201d, se\u00f1al\u00f3.<\/p>\n<\/p><\/div>\n<p><script type=\"text\/javascript\">\n!function(f,b,e,v,n,t,s){if(f.fbq)return;n=f.fbq=function(){n.callMethod?\nn.callMethod.apply(n,arguments):n.queue.push(arguments)};if(!f._fbq)f._fbq=n;\nn.push=n;n.loaded=!0;n.version='2.0';n.queue=[];t=b.createElement(e);t.async=!0;\nt.src=v;s=b.getElementsByTagName(e)[0];s.parentNode.insertBefore(t,s)}(window,\ndocument,'script','https:\/\/connect.facebook.net\/en_US\/fbevents.js');\n<\/script><br \/>\n<br \/><\/p>\n<p><em> &#8221; Fuentes www.palcoquintanarroense.com.mx &#8221; <\/em><\/p>\n","protected":false},"excerpt":{"rendered":"<p>El Consejo Nacional Empresarial Tur\u00edstico (CNET), la Confederaci\u00f3n de C\u00e1maras Nacionales de Comercio, Servicios y Turismo (Concanaco Servytur) y la Confederaci\u00f3n Patronal de la Rep\u00fablica Mexicana (Coparmex) manifestaron su preocupaci\u00f3n, ya que seg\u00fan las perspectivas, la recuperaci\u00f3n de la industria podr\u00eda darse, en el mejor de los casos, hasta el 2023. Esto luego de que [&hellip;]<\/p>\n","protected":false},"author":4,"featured_media":127814,"comment_status":"open","ping_status":"closed","sticky":false,"template":"","format":"standard","meta":{"om_disable_all_campaigns":false,"jnews-multi-image_gallery":[],"jnews_single_post":[],"jnews_primary_category":[],"jnews_social_meta":[],"footnotes":""},"categories":[40],"tags":[],"class_list":["post-127813","post","type-post","status-publish","format-standard","has-post-thumbnail","hentry","category-industria"],"_links":{"self":[{"href":"https:\/\/dimensionturistica.com\/es\/wp-json\/wp\/v2\/posts\/127813","targetHints":{"allow":["GET"]}}],"collection":[{"href":"https:\/\/dimensionturistica.com\/es\/wp-json\/wp\/v2\/posts"}],"about":[{"href":"https:\/\/dimensionturistica.com\/es\/wp-json\/wp\/v2\/types\/post"}],"author":[{"embeddable":true,"href":"https:\/\/dimensionturistica.com\/es\/wp-json\/wp\/v2\/users\/4"}],"replies":[{"embeddable":true,"href":"https:\/\/dimensionturistica.com\/es\/wp-json\/wp\/v2\/comments?post=127813"}],"version-history":[{"count":0,"href":"https:\/\/dimensionturistica.com\/es\/wp-json\/wp\/v2\/posts\/127813\/revisions"}],"wp:featuredmedia":[{"embeddable":true,"href":"https:\/\/dimensionturistica.com\/es\/wp-json\/wp\/v2\/media\/127814"}],"wp:attachment":[{"href":"https:\/\/dimensionturistica.com\/es\/wp-json\/wp\/v2\/media?parent=127813"}],"wp:term":[{"taxonomy":"category","embeddable":true,"href":"https:\/\/dimensionturistica.com\/es\/wp-json\/wp\/v2\/categories?post=127813"},{"taxonomy":"post_tag","embeddable":true,"href":"https:\/\/dimensionturistica.com\/es\/wp-json\/wp\/v2\/tags?post=127813"}],"curies":[{"name":"wp","href":"https:\/\/api.w.org\/{rel}","templated":true}]}}