{"id":127802,"date":"2021-05-15T14:48:26","date_gmt":"2021-05-15T14:48:26","guid":{"rendered":"https:\/\/dimensionturistica.com\/es\/?p=127802"},"modified":"2021-05-15T14:48:26","modified_gmt":"2021-05-15T14:48:26","slug":"portugal-autoriza-llegada-de-viajeros-de-la-mayoria-de-paises-europeos","status":"publish","type":"post","link":"https:\/\/dimensionturistica.com\/es\/portugal-autoriza-llegada-de-viajeros-de-la-mayoria-de-paises-europeos\/","title":{"rendered":"Portugal autoriza llegada de viajeros de la mayor\u00eda de pa\u00edses europeos"},"content":{"rendered":"<p> <br \/>\n<\/p>\n<div>\n<p class=\"paragraph\">Portugal admitir\u00e1 a partir del lunes la llegada sin restricciones de viajeros de la mayor\u00eda de los pa\u00edses europeos, anunci\u00f3 el s\u00e1bado el ministerio del Inside.<\/p>\n<p class=\"paragraph\">Los ciudadanos de pa\u00edses de la Uni\u00f3n europea con una incidencia del coronavirus &#8220;inferior a 500 casos por 100.000 habitantes&#8221; pueden efectuar &#8220;cualquier tipo de viaje a Portugal, incluso los viajes no esenciales&#8221; precisa un comunicado del gobierno.<\/p>\n<p class=\"paragraph\">No obstante los pasajeros deber\u00e1n presentar antes del embarque un take a look at PCR negativo de menos de 72 horas, so pena de multas para las compa\u00f1\u00edas a\u00e9reas &#8220;de 500 a 2.000 euros&#8221; (de 607 a 2.428 d\u00f3lares) por viajero, seg\u00fan el ministerio portugu\u00e9s del Inside.<\/p>\n<p><span data-error=\"No dfp-path found.\"\/><\/p>\n<p class=\"paragraph\">Las restricciones de viaje, limitadas a desplazamientos esenciales, se mantienen solo para ocho pa\u00edses, cinco de ellos de la Uni\u00f3n Europea (UE). Se trata de Chipre, Croacia, Lituania, Holanda y Suecia, adem\u00e1s de Sud\u00e1frica, Brasil e India<\/p>\n<p class=\"paragraph\">Los viajeros procedentes de estos pa\u00edses deber\u00e1n adem\u00e1s respetar a una cuarentena de 14 d\u00edas.<\/p>\n<p class=\"paragraph\">El viernes, Portugal ya dio luz verde a los viajes tur\u00edsticos procedentes de Reino Unido, tras haber levantado las restricciones implementadas a principios de enero para controlar la explosi\u00f3n de la pandemia de Covid-19.<\/p>\n<p><span data-error=\"No dfp-path found.\"\/><\/p>\n<p class=\"paragraph\">Centenares de turistas brit\u00e1nicos &#8211;que forman el principal mercado del sector tur\u00edstico en Portugal&#8211; son esperados desde la pr\u00f3xima semana en Portugal, especialmente en la regi\u00f3n del Algarve (sur), un bal\u00f3n de ox\u00edgeno para este sector siniestrado por la pandemia.<\/p>\n<p class=\"paragraph\">Adem\u00e1s, el 29 de mayo, miles de aficionados acudir\u00e1n a Oporto (norte) para asistir a la last de la Liga de campeones entre los clubes ingleses de Manchester Metropolis y Chelsea.<\/p>\n<p class=\"paragraph\">lf\/fio\/me\/bl<\/p>\n<\/div>\n<p><script defer=\"\">!function(f,b,e,v,n,t,s) {if(f.fbq)return;n=f.fbq=function(){n.callMethod? n.callMethod.apply(n,arguments):n.queue.push(arguments)}; if(!f._fbq)f._fbq=n;n.push=n;n.loaded=!0;n.version='2.0'; n.queue=[];t=b.createElement(e);t.async=!0; t.src=v;s=b.getElementsByTagName(e)[0]; s.parentNode.insertBefore(t,s)}(window, document,'script', 'https:\/\/connect.facebook.net\/en_US\/fbevents.js'); fbq('init', '336383993555320'); fbq('track', 'PageView'); fbq('track', 'ViewContent');<\/script><br \/>\n<br \/><\/p>\n<p><em> &#8221; Fuentes www.infobae.com &#8221; <\/em><\/p>\n","protected":false},"excerpt":{"rendered":"<p>Portugal admitir\u00e1 a partir del lunes la llegada sin restricciones de viajeros de la mayor\u00eda de los pa\u00edses europeos, anunci\u00f3 el s\u00e1bado el ministerio del Inside. Los ciudadanos de pa\u00edses de la Uni\u00f3n europea con una incidencia del coronavirus &#8220;inferior a 500 casos por 100.000 habitantes&#8221; pueden efectuar &#8220;cualquier tipo de viaje a Portugal, incluso [&hellip;]<\/p>\n","protected":false},"author":4,"featured_media":126867,"comment_status":"open","ping_status":"closed","sticky":false,"template":"","format":"standard","meta":{"om_disable_all_campaigns":false,"jnews-multi-image_gallery":[],"jnews_single_post":[],"jnews_primary_category":[],"jnews_social_meta":[],"footnotes":""},"categories":[40],"tags":[],"class_list":["post-127802","post","type-post","status-publish","format-standard","has-post-thumbnail","hentry","category-industria"],"_links":{"self":[{"href":"https:\/\/dimensionturistica.com\/es\/wp-json\/wp\/v2\/posts\/127802","targetHints":{"allow":["GET"]}}],"collection":[{"href":"https:\/\/dimensionturistica.com\/es\/wp-json\/wp\/v2\/posts"}],"about":[{"href":"https:\/\/dimensionturistica.com\/es\/wp-json\/wp\/v2\/types\/post"}],"author":[{"embeddable":true,"href":"https:\/\/dimensionturistica.com\/es\/wp-json\/wp\/v2\/users\/4"}],"replies":[{"embeddable":true,"href":"https:\/\/dimensionturistica.com\/es\/wp-json\/wp\/v2\/comments?post=127802"}],"version-history":[{"count":0,"href":"https:\/\/dimensionturistica.com\/es\/wp-json\/wp\/v2\/posts\/127802\/revisions"}],"wp:featuredmedia":[{"embeddable":true,"href":"https:\/\/dimensionturistica.com\/es\/wp-json\/wp\/v2\/media\/126867"}],"wp:attachment":[{"href":"https:\/\/dimensionturistica.com\/es\/wp-json\/wp\/v2\/media?parent=127802"}],"wp:term":[{"taxonomy":"category","embeddable":true,"href":"https:\/\/dimensionturistica.com\/es\/wp-json\/wp\/v2\/categories?post=127802"},{"taxonomy":"post_tag","embeddable":true,"href":"https:\/\/dimensionturistica.com\/es\/wp-json\/wp\/v2\/tags?post=127802"}],"curies":[{"name":"wp","href":"https:\/\/api.w.org\/{rel}","templated":true}]}}