{"id":127705,"date":"2021-05-15T09:14:55","date_gmt":"2021-05-15T09:14:55","guid":{"rendered":"https:\/\/dimensionturistica.com\/es\/?p=127705"},"modified":"2021-05-15T09:14:55","modified_gmt":"2021-05-15T09:14:55","slug":"angel-vazquez-repasa-la-gestion-turistica-durante-la-pandemia","status":"publish","type":"post","link":"https:\/\/dimensionturistica.com\/es\/angel-vazquez-repasa-la-gestion-turistica-durante-la-pandemia\/","title":{"rendered":"\u00c1ngel V\u00e1zquez repasa la gesti\u00f3n tur\u00edstica durante la pandemia"},"content":{"rendered":"<p> <br \/>\n<\/p>\n<div id=\"\">\n<p class=\"Standard\" style=\"text-align: left;\" align=\"center\"><img decoding=\"async\" itemprop=\"image\" src=\"https:\/\/www.lancelotdigital.com\/images\/2021\/05\/avazquez.jpeg\"\/><\/p>\n<p>&#13;<\/p>\n<p class=\"Standard\" style=\"text-align: left;\" align=\"center\">El consejero compareci\u00f3 este viernes ante el pleno de la Corporaci\u00f3n donde realiz\u00f3 un steadiness de las acciones realizadas en estos 14 meses<\/p>\n<p>&#13;<br \/>\n &#13;<\/p>\n<p class=\"Standard\">\u00a0<\/p>\n<p>&#13;<\/p>\n<li class=\"texto\"><i class=\"fa fa-file-text-o\"\/>Lancelot Digital<\/li>\n<p>&#13;<\/p>\n<p class=\"Standard\">\u00a0<\/p>\n<p>&#13;<\/p>\n<p class=\"Standard\">El consejero de Promoci\u00f3n Tur\u00edstica del Cabildo de Lanzarote,\u00a0<b>\u00c1ngel V\u00e1zquez<\/b>, expuso en su comparecencia este viernes ante el pleno del Cabildo un completo y pormenorizado informe sobre la gesti\u00f3n tur\u00edstica llevada a cabo desde el inicio de la pandemia tanto por el \u00e1rea de la que es titular como por la Sociedad de Promoci\u00f3n Exterior de Lanzarote (SPEL-Turismo Lanzarote) en su calidad de presidente del Consejo de Administraci\u00f3n de esta entidad.\u00a0<\/p>\n<p>&#13;<\/p>\n<p class=\"Standard\">\u00a0<\/p>\n<p>&#13;<\/p>\n<p class=\"Standard\">El consejero, quien se\u00f1al\u00f3 que\u00a0&#8220;sin duda este ha sido el periodo m\u00e1s duro para la industria tur\u00edstica insular&#8221;, destac\u00f3 que\u00a0&#8220;desde el primer momento, el Cabildo y SPEL, en estrecha colaboraci\u00f3n con el sector, volcamos todos nuestros esfuerzos y sin descanso en proteger a turistas y residentes, y en seguir trabajando, manteniendo vivo el recuerdo de Lanzarote en nuestros mercados, reforzando el reposicionamiento del destino y prepar\u00e1ndonos para la reactivaci\u00f3n tur\u00edstica, que confiemos se produzca lo antes posible&#8221;<\/p>\n<p>&#13;<\/p>\n<p class=\"Standard\">\u00a0<\/p>\n<p>&#13;<\/p>\n<p class=\"Standard\">El decreto del cierre alojativo; la evacuaci\u00f3n de los turistas al aeropuerto y la repatriaci\u00f3n de 73 de ellos a sus pa\u00edses de origen; la gesti\u00f3n de varios establecimientos alojativos en los que se dio cobertura a 290 personas entre turistas diagnosticados positivos, sanitarios, miembros de las fuerzas y cuerpos de seguridad del estado y de otros colectivos; o la constituci\u00f3n de comit\u00e9s de disaster con patronales tur\u00edsticas, Consorcio de Seguridad y Emergencias, entidades sanitarias y otras \u00e1reas cabildicias, fueron los aspectos destacados por \u00c1ngel V\u00e1zquez en cuanto a la gesti\u00f3n de disaster del destino. De hecho, como se recordar\u00e1, fruto de estas acciones, tanto la isla de Lanzarote como La Graciosa fueron las primeras en contar con un protocolo propio anti Covid en Canarias.<\/p>\n<p>&#13;<\/p>\n<p class=\"Standard\">\u00a0<\/p>\n<p>&#13;<\/p>\n<p class=\"Standard\">Por otra parte, el consejero subray\u00f3 que en los \u00faltimos 14 meses se han llevado a cabo m\u00e1s de permanente monitorizaci\u00f3n de los\u00a0\u00a0los mercados realizada durante los \u00faltimos 14 meses por Turismo Lanzarote mediante un contacto permanente con los principales interlocutores tur\u00edsticos a trav\u00e9s de un centenar de encuentros telem\u00e1ticos; as\u00ed como el apoyo ofrecido al sector tur\u00edstico insular tanto en el \u00e1mbito formativo, con la celebraci\u00f3n de 7 webinars en el verano pasado, como en el informativo haciendo round una publication informativa entre sus asociados con las noticias y actualizaciones de \u00faltima hora.<\/p>\n<p>&#13;<\/p>\n<p class=\"Standard\">\u00a0<\/p>\n<p>&#13;<\/p>\n<p class=\"Standard\"><b>Advertising proactivo<\/b><\/p>\n<p>&#13;<\/p>\n<p class=\"Standard\"><b>\u00a0<\/b><\/p>\n<p>&#13;<\/p>\n<p class=\"Standard\">En el apartado de advertising proactivo, \u00c1ngel V\u00e1zquez se refiri\u00f3 a la participaci\u00f3n de Turismo Lanzarote en 15 ferias tur\u00edsticas virtuales y en 12 webinars o workshops con distintos turoperadores y oficinas de Turespa\u00f1a en Bruselas, Londres, Roma, La Haya y Cant\u00f3n; adem\u00e1s de numerar una serie de acciones de advertising digital llevadas a cabo en redes sociales y la p\u00e1gina net promocional, que incluyeron la grabaci\u00f3n de movies.<\/p>\n<p>&#13;<\/p>\n<p class=\"Standard\">\u00a0<\/p>\n<p>&#13;<\/p>\n<p class=\"Standard\">En este mismo cap\u00edtulo destac\u00f3 la elaboraci\u00f3n de informes dirigidos al sector como el &#8216;Informe de Coyuntura Covid-19 y Advertising Proactivo&#8217;, &#8216;Comunicaci\u00f3n &amp; Advertising&#8217; y &#8216;Reapertura del destino. Situaci\u00f3n mercados Conectividad a\u00e9rea y acci\u00f3n de advertising&#8217;; as\u00ed como el traslado al sector de puntuales programaciones de conectividad a\u00e9rea y la celebraci\u00f3n de encuentros telem\u00e1ticos con actores involucrados en las l\u00edneas de producto de Turismo Lanzarote. En este \u00e1mbito record\u00f3 la celebraci\u00f3n de encuentros telem\u00e1ticos con promotores de eventos European Sports activities Vacation spot, as\u00ed como con integrantes de las mesas n\u00e1utica, golf, buceo y producto MICE.<\/p>\n<p>&#13;<\/p>\n<p class=\"Standard\">\u00a0<\/p>\n<p>&#13;<\/p>\n<p class=\"Standard\">Asimismo, \u00c1ngel V\u00e1zquez aludi\u00f3 a la implicaci\u00f3n de Turismo Lanzarote en el proyecto &#8216;Canarias Fortaleza&#8217; del Gobierno auton\u00f3mico, que persigui\u00f3 acelerar la recuperaci\u00f3n tur\u00edstica y la reactivaci\u00f3n econ\u00f3mica del destino, as\u00ed como en el vuelo piloto impulsado conjuntamente por la Organizaci\u00f3n Mundial del Turismo y el Gobierno de Canarias para verificar los protocolos aplicados en los diferentes puntos de la cadena de valor tur\u00edstico del destino.<\/p>\n<p>&#13;<\/p>\n<p class=\"Standard\">\u00a0<\/p>\n<p>&#13;<\/p>\n<p class=\"Standard\"><b>Reposicionamiento del destino<\/b><\/p>\n<p>&#13;<\/p>\n<p class=\"Standard\">\u00a0<\/p>\n<p>&#13;<\/p>\n<p class=\"Standard\">En cuanto a las l\u00edneas de trabajo orientadas por el Cabildo y SPEL-Turismo Lanzarote hacia el reposicionamiento del destino, \u00c1ngel V\u00e1zquez mencion\u00f3 el proyecto &#8216;Lanzarote Premium&#8217;, que ambiciona la cualificaci\u00f3n del destino atrayendo a la isla a un perfil de turista de alta gama los trabajos abordados en materia de sostenibilidad con el est\u00e1ndar Biosphere Tourism Accountable; el proyecto &#8216;Distant Staff&#8217;, que busca convertir a Lanzarote en una referencia para la atracci\u00f3n de teletrabajadores; as\u00ed como el refuerzo del acuerdo con la plataforma de inteligencia tur\u00edstica externa Mabrian.<\/p>\n<p>&#13;<\/p>\n<p class=\"Standard\">\u00a0<\/p>\n<p>&#13;<\/p>\n<p class=\"Standard\">Las gestiones realizadas hacia la internacionalizaci\u00f3n de los vinos Denominaci\u00f3n de Origen Lanzarote; la participaci\u00f3n en webinars organizadas por Hosteltur, medio de difusi\u00f3n del sector tur\u00edstico por excelencia; o la concesi\u00f3n de subvenciones por parte de Promotur a los proyectos &#8216;Digitalizaci\u00f3n de las Oficinas de Informaci\u00f3n Tur\u00edstica&#8217; y &#8216;Plan Estrat\u00e9gico European Sports activities Vacation spot&#8217; fueron otros aspectos destacados por \u00c1ngel V\u00e1zquez en cuanto a la gesti\u00f3n tur\u00edstica llevada a cabo por el Cabildo lanzarote\u00f1o y Turismo Lanzarote desde el inicio de la pandemia.<\/p>\n<p>&#13;<\/p>\n<p class=\"Standard\">\u00a0<\/p>\n<\/p><\/div>\n<p><script src=\"https:\/\/connect.facebook.net\/es_ES\/all.js#xfbml=1\" type=\"text\/javascript\"><\/script><script type=\"text\/javascript\">\n\/\/<![CDATA[\n   \twindow.fbAsyncInit = function() {\n\t\tFB.init({ appId: '171342606239806', \n\t\t\tstatus: true, \n\t\t\tcookie: true,\n\t\t\txfbml: true,\n\t\t\toauth: true\n\t\t});\n   \t\t    \n\t  \t\t};\n    \/\/      \n    jQuery(window).load(function() {\n    \t(function(){\n    \t\tif(!document.getElementById('fb-root')) {\n    \t\t\tvar root = document.createElement('div');\n    \t\t\troot.id = 'fb-root';\n    \t\t\tdocument.getElementById('gkfb-root').appendChild(root);\n    \t\t\tvar e = document.createElement('script');\n    \t\t\te.src = document.location.protocol + '\/\/connect.facebook.net\/es_ES\/all.js';\n    \t\t\te.async = true;\n    \t\t\tdocument.getElementById('fb-root').appendChild(e);\n    \t\t}  \n    \t})();\n    });\n    \/\/]]>\n<\/script><br \/>\n<br \/><\/p>\n<p><em> &#8221; Fuentes www.lancelotdigital.com &#8221; <\/em><\/p>\n","protected":false},"excerpt":{"rendered":"<p>&#13; El consejero compareci\u00f3 este viernes ante el pleno de la Corporaci\u00f3n donde realiz\u00f3 un steadiness de las acciones realizadas en estos 14 meses &#13; &#13; \u00a0 &#13; Lancelot Digital &#13; \u00a0 &#13; El consejero de Promoci\u00f3n Tur\u00edstica del Cabildo de Lanzarote,\u00a0\u00c1ngel V\u00e1zquez, expuso en su comparecencia este viernes ante el pleno del Cabildo un [&hellip;]<\/p>\n","protected":false},"author":4,"featured_media":127706,"comment_status":"open","ping_status":"closed","sticky":false,"template":"","format":"standard","meta":{"om_disable_all_campaigns":false,"jnews-multi-image_gallery":[],"jnews_single_post":[],"jnews_primary_category":[],"jnews_social_meta":[],"footnotes":""},"categories":[40],"tags":[946],"class_list":["post-127705","post","type-post","status-publish","format-standard","has-post-thumbnail","hentry","category-industria","tag-lancelot-digital-noticias-lanzarote-diario-digital-periodico-canarias-sucesos-deportes-cultura-vida-social-opinion-semanario-revista"],"_links":{"self":[{"href":"https:\/\/dimensionturistica.com\/es\/wp-json\/wp\/v2\/posts\/127705","targetHints":{"allow":["GET"]}}],"collection":[{"href":"https:\/\/dimensionturistica.com\/es\/wp-json\/wp\/v2\/posts"}],"about":[{"href":"https:\/\/dimensionturistica.com\/es\/wp-json\/wp\/v2\/types\/post"}],"author":[{"embeddable":true,"href":"https:\/\/dimensionturistica.com\/es\/wp-json\/wp\/v2\/users\/4"}],"replies":[{"embeddable":true,"href":"https:\/\/dimensionturistica.com\/es\/wp-json\/wp\/v2\/comments?post=127705"}],"version-history":[{"count":0,"href":"https:\/\/dimensionturistica.com\/es\/wp-json\/wp\/v2\/posts\/127705\/revisions"}],"wp:featuredmedia":[{"embeddable":true,"href":"https:\/\/dimensionturistica.com\/es\/wp-json\/wp\/v2\/media\/127706"}],"wp:attachment":[{"href":"https:\/\/dimensionturistica.com\/es\/wp-json\/wp\/v2\/media?parent=127705"}],"wp:term":[{"taxonomy":"category","embeddable":true,"href":"https:\/\/dimensionturistica.com\/es\/wp-json\/wp\/v2\/categories?post=127705"},{"taxonomy":"post_tag","embeddable":true,"href":"https:\/\/dimensionturistica.com\/es\/wp-json\/wp\/v2\/tags?post=127705"}],"curies":[{"name":"wp","href":"https:\/\/api.w.org\/{rel}","templated":true}]}}