{"id":127667,"date":"2021-05-15T07:22:18","date_gmt":"2021-05-15T07:22:18","guid":{"rendered":"https:\/\/dimensionturistica.com\/es\/?p=127667"},"modified":"2021-05-15T07:22:18","modified_gmt":"2021-05-15T07:22:18","slug":"alternativas-a-viajes-del-imserso","status":"publish","type":"post","link":"https:\/\/dimensionturistica.com\/es\/alternativas-a-viajes-del-imserso\/","title":{"rendered":"Alternativas a viajes del Imserso"},"content":{"rendered":"<p> <br \/>\n<\/p>\n<div>\n<blockquote><p>&#13;<\/p>\n<p><a rel=\"nofollow noopener\" target=\"_blank\" data-external=\"0\" data-intl-links-es=\"https:\/\/www.65ymas.com\/sociedad\/viajes-imserso-2021-requisitos_27311_102.html\" href=\"https:\/\/www.65ymas.com\/sociedad\/viajes-imserso-2021-requisitos_27311_102.html\" title=\"Viajes del Imserso 2021: estos son los requisitos\">Viajes del Imserso 2021: estos son los requisitos<\/a><\/p>\n<p>&#13;\n<\/p><\/blockquote>\n<blockquote><p>&#13;<\/p>\n<p><a rel=\"nofollow noopener\" target=\"_blank\" data-external=\"0\" data-intl-links-es=\"https:\/\/www.65ymas.com\/sociedad\/belarra-condiciona-viajes-imserso_27086_102.html\" href=\"https:\/\/www.65ymas.com\/sociedad\/belarra-condiciona-viajes-imserso_27086_102.html\" title=\"Belarra condiciona ahora el regreso de los viajes del Imserso a la evoluci\u00f3n de la vacunaci\u00f3n\">Belarra condiciona ahora el regreso de los viajes del Imserso a la evoluci\u00f3n de la vacunaci\u00f3n<\/a><\/p>\n<p>&#13;\n<\/p><\/blockquote>\n<p>\u00a0<\/p>\n<p>                    <cs-ads type=\"dfp\" class=\"banner\" id=\"Mobile_1\" data-condition=\"&lt;= 650\" data-banner=\"Mobile_1\" data-format-id=\"Mobile_1\" data-id=\"Mobile_1\" data-size=\"mobile\"\/><\/p>\n<p>Llega el buen tiempo y con \u00e9l las ganas de sol y playa. Pero la pandemia ha hecho trastocar los planes de muchos mayores, que parece que poco a poco podran a vislumbrar la opci\u00f3n de empezar a moverse a medida que avanza la vacunaci\u00f3n. A la espera de que se reanuden los viajes del Imserso, que todo apunta a que <a rel=\"nofollow noopener\" target=\"_blank\" data-external=\"0\" data-intl-links-es=\"https:\/\/www.65ymas.com\/sociedad\/belarra-condiciona-viajes-imserso_27086_102.html\" href=\"https:\/\/www.65ymas.com\/sociedad\/belarra-condiciona-viajes-imserso_27086_102.html\" title=\"Belarra condiciona ahora el regreso de los viajes del Imserso a la evoluci\u00f3n de la vacunaci\u00f3n\">se empezar\u00e1n a comercializar en octubre &#8220;si la situaci\u00f3n Covid lo permite&#8221; <\/a>seg\u00fan han apuntan desde el Ministerio de\u00a0Derechos Sociales y Agenda 2030,\u00a0<strong>ya son muchas las empresas y asociaciones que han comenzado a presentar sus ofertas de viaje para mayores de 60 a\u00f1os para empezar a viajar esta primavera y verano,<\/strong> con destinos estrella que compiten con el programa oficial, como Benidorm.<\/p>\n<p>El <a rel=\"nofollow noopener\" target=\"_blank\" data-external=\"0\" data-intl-links-es=\"https:\/\/www.65ymas.com\/sociedad\/segunda-desescalada-comunidades-toque-queda-ni-confinamiento_27407_102.html\" href=\"https:\/\/www.65ymas.com\/sociedad\/segunda-desescalada-comunidades-toque-queda-ni-confinamiento_27407_102.html\" title=\"Fin del Estado de Alarma: estas son las comunidades que no tendr\u00e1n toque de queda ni confinamiento\">levantamiento del estado de alarma <\/a>y el hecho de que<a rel=\"nofollow noopener\" target=\"_blank\" data-external=\"0\" data-intl-links-es=\"https:\/\/www.65ymas.com\/actualidad\/mayores-ya-han-alcanzado-inmunidad-rebano-aunque-1-millon-siguen-expuestos_27476_102.html\" href=\"https:\/\/www.65ymas.com\/actualidad\/mayores-ya-han-alcanzado-inmunidad-rebano-aunque-1-millon-siguen-expuestos_27476_102.html\" title=\"Los mayores ya han alcanzado la inmunidad de reba\u00f1o, aunque m\u00e1s de 1 mill\u00f3n siguen expuestos\"> m\u00e1s del 80% de los mayores de 60 a\u00f1os inmunizados<\/a><strong> con\u00a0la primera dosis de la vacuna Covid-19<\/strong>, favorece seg\u00fan sus organizadores el lanzamiento de estas ofertas, que van desde empresas como Mundosenior\u00a0(<a rel=\"nofollow noopener\" target=\"_blank\" data-external=\"1\" href=\"https:\/\/twitter.com\/clubmundosenior?lang=es\" title=\"@ClubMundosenior)\">@ClubMundosenior)<\/a> que empieza a comercializar sus escapadas esta semana a Azul Marino Viajes\u00a0(<a rel=\"nofollow noopener\" target=\"_blank\" data-external=\"1\" href=\"https:\/\/twitter.com\/azulmarinoviaje?lang=es\" title=\"@azulmarinoviaje\">@azulmarinoviaje<\/a>) que se estrena en junio con su oferta para mayores. La ya conocida Asociaci\u00f3n Cultural de Mayores de Fuenlabrada (<a rel=\"nofollow noopener\" target=\"_blank\" data-external=\"1\" href=\"https:\/\/twitter.com\/acumafu?lang=es\" title=\"@acumafu\">@acumafu<\/a>) tambi\u00e9n iniciar\u00e1 este fin de semana su primer viaje piloto a Benidorm. Los \u00fanicos requisitos: que los viajeros est\u00e9n ya inmunizados contra el virus.\u00a0<\/p>\n<p>                    <cs-ads type=\"dfp\" class=\"banner\" id=\"Mobile_2\" data-condition=\"&lt;= 650\" data-banner=\"Mobile_2\" data-format-id=\"Mobile_2\" data-id=\"Mobile_2\" data-size=\"mobile\"\/><\/p>\n<div class=\"article-image\" data-ck-asset-wrapper=\"\"><img decoding=\"async\" alt=\"Los viajes para mayores del IMSERSO se retomar\u00e1n en octubre si la vacunaci\u00f3n contin\u00faa a buen ritmo, seg\u00fan Belarra\" data-id=\"540621\" data-resize=\"1\" height=\"621\" src=\"https:\/\/www.65ymas.com\/uploads\/s1\/54\/06\/22\/bigstock-224334172_1_621x621.jpeg\" title=\"Los viajes para mayores del IMSERSO se retomar\u00e1n en octubre si la vacunaci\u00f3n contin\u00faa a buen ritmo, seg\u00fan Belarra\" width=\"621\"\/><\/div>\n<h3>Mundosenior<\/h3>\n<p>El\u00a0turoperador que tradicionalmente comercializaba el programa del Imserso, Mundosenior, ha puesto a la venta su propia oferta independiente de viajes para mayores de 60 a\u00f1os <strong>desde este 10 de mayo<\/strong>. Este\u00a0programa presenta opciones que abarcan viajes a islas, Pen\u00ednsula, as\u00ed como\u00a0Circuitos Culturales y escapada, dirigidos principalmente para el verano de 2021, as\u00ed como para primavera.<\/p>\n<p>En este sentido, desde la compa\u00f1\u00eda destacan que &#8220;el programa incluye todas las ventajas de siempre&#8221;, como es el transporte de ida y vuelta, traslados, pensi\u00f3n completa con agua y vino en las comidas, gu\u00edas acompa\u00f1antes y un largo and so on de complementos pensados especialmente, &#8220;para que los mayores encuentren en esos d\u00edas el descanso y los placeres que tanto merecen&#8221;. Al mismo tiempo,<strong> incluyen un seguro con asistencia <a rel=\"nofollow noopener\" target=\"_blank\" data-external=\"0\" data-intl-links-es=\"https:\/\/www.65ymas.com\/sociedad\/personas-rechacen-vacunacion-por-estar-vacaciones-esperaran-acabe-turno_27360_102.html\" href=\"https:\/\/www.65ymas.com\/sociedad\/personas-rechacen-vacunacion-por-estar-vacaciones-esperaran-acabe-turno_27360_102.html\" title=\"\u00bfQu\u00e9 pasa si me llaman para vacunarme contra el Covid-19 y estoy de vacaciones?\">Covid-19.<\/a><\/strong><\/p>\n<h3>Azul Marino Viajes<\/h3>\n<p>La agencia Azul Marino Viajes\u00a0ha lanzado su primera programaci\u00f3n senior del a\u00f1o, apostado por una evoluci\u00f3n favorable de la pandemia y un buen ritmo de vacunaci\u00f3n. Los viajes para mayores de 60 a\u00f1os est\u00e1n previstos a partir de junio con 5.000 plazas disponibles.\u00a0 La programaci\u00f3n de viajes para clientes mayores incluye casi 50 destinos y la fecha elegida es junio \u201c<strong>cuando se haya progresado sustancialmente en la campa\u00f1a de vacunaci\u00f3n\u201d.<\/strong><\/p>\n<p>                    <cs-ads type=\"dfp\" class=\"banner\" id=\"Mobile_3\" data-condition=\"&lt;= 650\" data-banner=\"Mobile_3\" data-format-id=\"Mobile_3\" data-id=\"Mobile_3\" data-size=\"mobile\"\/><\/p>\n<p>\u201cA nadie se le escapa que ahora mismo la situaci\u00f3n genera muchas dudas a la hora de viajar. Pero nuestros viajes est\u00e1n previstos para fechas m\u00e1s avanzadas, en\u00a0<strong>destinos nacionales mayoritariamente a partir de junio y destinos internacionales en fechas de finales de verano<\/strong>\u201d, ha detallado\u00a0<strong>Juan del Hoyo<\/strong>, CEO del Grupo AM.<\/p>\n<div class=\"article-image\" data-ck-asset-wrapper=\"\"><img decoding=\"async\" alt=\"Maroto anuncia que los viajes del Imserso se reanudar\u00e1n en septiembre\" data-id=\"522939\" data-resize=\"1\" height=\"621\" src=\"https:\/\/www.65ymas.com\/uploads\/s1\/52\/29\/40\/bigstock-benidorm-spain-february-th-376578829-1_1_621x621.jpeg\" title=\"Maroto anuncia que los viajes del Imserso se reanudar\u00e1n en septiembre\" width=\"621\"\/><\/div>\n<h3>Acumafu<\/h3>\n<p><strong>El 16 de mayo saldr\u00e1n desde Madrid rumbo a Benidorm los 300 primeros viajeros s\u00e9nior<\/strong> que se han apuntado a los viajes organizados por la\u00a0Asociaci\u00f3n Cultural de Mayores de Fuenlabrada (Acumafu), que ya intent\u00f3 el a\u00f1o pasado poner en marcha la iniciativa y que ahora ha abierto 10.000 plazas para 2021 y 2022.\u00a0\u00a0Con esta convocatoria Acumafu lanza \u201cla tercera vacuna\u201d para sus mayores, en forma \u201cde el sol y la playa\u201d con destino Benidorm.\u00a0<\/p>\n<p>La iniciativa promovida por Acumafu cuenta con la colaboraci\u00f3n de varias agencias de viaje as\u00ed como de grupos hoteleros de Benidorm\u00a0que comparten el objetivo de impulsar el turismo seguro en sus establecimientos. A\u00fan as\u00ed la oferta est\u00e1\u00a0abierta a toda Espa\u00f1a, con otras salidas como Torremolinos. La asociaci\u00f3n justifica su organizaci\u00f3n de<strong> viajes por &#8220;campa\u00f1as&#8221; y sin fechas concretas hasta el \u00faltimo momento<\/strong> ya se se estructura en funci\u00f3n del n\u00famero de personas que se apunten, la disponibilidad de los establecimientos y las restricciones.\u00a0<\/p>\n<p>                    <cs-ads type=\"dfp\" class=\"banner\" id=\"Mobile_4\" data-condition=\"&lt;= 650\" data-banner=\"Mobile_4\" data-format-id=\"Mobile_4\" data-id=\"Mobile_4\" data-size=\"mobile\"\/><\/p>\n<h3>Los mayores lo celebran pero piden &#8220;seguridad&#8221; en los viajes<\/h3>\n<p>Desde una de las asociaciones de mayores mayoritarias de este pa\u00eds, la Confederaci\u00f3n Espa\u00f1ola de Organizaciones de Mayores (<a rel=\"nofollow noopener\" target=\"_blank\" data-external=\"1\" href=\"https:\/\/twitter.com\/ceoma_ong?lang=es\" title=\"@CEOMA_ong\">@CEOMA_ong<\/a>), celebran la medida\u00a0pero siempre que se produzca cumpliendo las normas de seguridad. &#8220;<strong>Me parece bien, ya que las personas est\u00e1n vacunadas y tienen que salir de la situaci\u00f3n de confinamiento en que viven<\/strong>. Dicho esto, deber\u00e1n cumplirse toda las medidas de protecci\u00f3n, tanto desde el origen como en el destino&#8221;.<\/p>\n<p>Desde Uni\u00f3n Democr\u00e1tica de Pensionistas y Jubilados de Espa\u00f1a (<a rel=\"nofollow noopener\" target=\"_blank\" data-external=\"1\" href=\"https:\/\/twitter.com\/mayoresudp?lang=es\" title=\"@MayoresUDP\">@MayoresUDP<\/a>) se muestran algo m\u00e1s cautos. &#8220;Habr\u00e1 que ver las condiciones de los viajes. <strong>En principio es una buena noticia, pero no podemos arriesgarnos demasiado. <\/strong>Cualquier viaje que se plantee debe seguir las medidas de seguridad adecuadas frente a los contagios. Qu\u00e9 las personas mayores puedan retomar las salidas, los viajes y el ocio es algo positivo\u00a0porque adem\u00e1s ha sido uno de los colectivos m\u00e1s afectados por la crisis sanitaria&#8221;, se\u00f1alan desde la organizaci\u00f3n.\u00a0<\/p>\n<\/p><\/div>\n<p><script async src=\"\/\/platform.twitter.com\/widgets.js\" charset=\"utf-8\"><\/script><script>\n        !function(f,b,e,v,n,t,s)\n        {if(f.fbq)return;n=f.fbq=function(){n.callMethod?\n        n.callMethod.apply(n,arguments):n.queue.push(arguments)};\n        if(!f._fbq)f._fbq=n;n.push=n;n.loaded=!0;n.version='2.0';\n        n.queue=[];t=b.createElement(e);t.async=!0;\n        t.src=v;s=b.getElementsByTagName(e)[0];\n        s.parentNode.insertBefore(t,s)}(window,document,'script',\n        'https:\/\/connect.facebook.net\/en_US\/fbevents.js');\n         fbq('init', '359729877966176');\n        fbq('track', 'PageView');\n        <\/script><br \/>\n<br \/><\/p>\n<p><em> &#8221; Fuentes www.65ymas.com &#8221; <\/em><\/p>\n","protected":false},"excerpt":{"rendered":"<p>&#13; Viajes del Imserso 2021: estos son los requisitos &#13; &#13; Belarra condiciona ahora el regreso de los viajes del Imserso a la evoluci\u00f3n de la vacunaci\u00f3n &#13; \u00a0 Llega el buen tiempo y con \u00e9l las ganas de sol y playa. Pero la pandemia ha hecho trastocar los planes de muchos mayores, que parece [&hellip;]<\/p>\n","protected":false},"author":4,"featured_media":117971,"comment_status":"open","ping_status":"closed","sticky":false,"template":"","format":"standard","meta":{"om_disable_all_campaigns":false,"jnews-multi-image_gallery":[],"jnews_single_post":[],"jnews_primary_category":[],"jnews_social_meta":[],"footnotes":""},"categories":[40],"tags":[],"class_list":["post-127667","post","type-post","status-publish","format-standard","has-post-thumbnail","hentry","category-industria"],"_links":{"self":[{"href":"https:\/\/dimensionturistica.com\/es\/wp-json\/wp\/v2\/posts\/127667","targetHints":{"allow":["GET"]}}],"collection":[{"href":"https:\/\/dimensionturistica.com\/es\/wp-json\/wp\/v2\/posts"}],"about":[{"href":"https:\/\/dimensionturistica.com\/es\/wp-json\/wp\/v2\/types\/post"}],"author":[{"embeddable":true,"href":"https:\/\/dimensionturistica.com\/es\/wp-json\/wp\/v2\/users\/4"}],"replies":[{"embeddable":true,"href":"https:\/\/dimensionturistica.com\/es\/wp-json\/wp\/v2\/comments?post=127667"}],"version-history":[{"count":0,"href":"https:\/\/dimensionturistica.com\/es\/wp-json\/wp\/v2\/posts\/127667\/revisions"}],"wp:featuredmedia":[{"embeddable":true,"href":"https:\/\/dimensionturistica.com\/es\/wp-json\/wp\/v2\/media\/117971"}],"wp:attachment":[{"href":"https:\/\/dimensionturistica.com\/es\/wp-json\/wp\/v2\/media?parent=127667"}],"wp:term":[{"taxonomy":"category","embeddable":true,"href":"https:\/\/dimensionturistica.com\/es\/wp-json\/wp\/v2\/categories?post=127667"},{"taxonomy":"post_tag","embeddable":true,"href":"https:\/\/dimensionturistica.com\/es\/wp-json\/wp\/v2\/tags?post=127667"}],"curies":[{"name":"wp","href":"https:\/\/api.w.org\/{rel}","templated":true}]}}