{"id":127594,"date":"2021-05-15T02:24:16","date_gmt":"2021-05-15T02:24:16","guid":{"rendered":"https:\/\/dimensionturistica.com\/es\/?p=127594"},"modified":"2021-05-15T02:24:16","modified_gmt":"2021-05-15T02:24:16","slug":"dejan-a-panuco-sin-promocion-turistica","status":"publish","type":"post","link":"https:\/\/dimensionturistica.com\/es\/dejan-a-panuco-sin-promocion-turistica\/","title":{"rendered":"Dejan a P\u00e1nuco sin promoci\u00f3n tur\u00edstica"},"content":{"rendered":"<p> <br \/>\n<\/p>\n<div id=\"mvp-content-main\">\n<div class=\"heateor_sss_sharing_container heateor_sss_horizontal_sharing\" heateor-sss-data-href=\"https:\/\/www.vanguardiaveracruz.mx\/dejan-a-panuco-sin-promocion-turistica\/\">\n<p>\u00bfQuieres compartir esta nota?<\/p>\n<\/div>\n<p style=\"text-align: justify;\"><strong>P\u00e1nuco, Ver.-<\/strong> Como necesario se\u00f1al\u00f3 el arquitecto Humberto Gonz\u00e1lez Hern\u00e1ndez que P\u00e1nuco reactive la industria sin chimeneas, \u2013 el turismo-, pues s\u00f3lo de esa forma podr\u00e1n generarse suficientes fuentes de empleo tan necesarias para este municipio.<\/p>\n<p style=\"text-align: justify;\">Coment\u00f3 que lamentablemente la econom\u00eda panuquense depende de la producci\u00f3n de la ca\u00f1a, y por ende lo que genera el ingenio.<\/p>\n<p style=\"text-align: justify;\">Dijo que P\u00e1nuco cuenta con una excelente ubicaci\u00f3n geogr\u00e1fica, por consiguiente se debe de aprovechar el punto de encuentro entre las tres huastecas; veracruzana, potosina, y tamaulipeca.<\/p>\n<p style=\"text-align: justify;\">Coment\u00f3 que antes de la pandemia y en temporada de Semana Santa, muchos tampique\u00f1os, y de otras latitudes en el norte de Veracruz visitaron esta zona pudiendo disfrutar del malec\u00f3n Agust\u00edn Lara.<\/p>\n<p style=\"text-align: justify;\">Record\u00f3 que en esta localidad adem\u00e1s del malec\u00f3n, existen puntos para que la gente pueda gozar de las bondades de la madre naturaleza.<\/p>\n<p style=\"text-align: justify;\">Especific\u00f3 que se puede aprovechar la cercan\u00eda con el puerto de Tampico, que tiene La Angostura; lugar apto para la pr\u00e1ctica del senderismo y el ecoturismo.<\/p>\n<p style=\"text-align: justify;\">Asimismo manifest\u00f3 que existe el ejido San Crist\u00f3bal, lugar con playas que bien puede aprovecharse en verano y Semana Santa.<\/p>\n<p style=\"text-align: justify;\">Coment\u00f3 que desafortunadamente no ha habido voluntad pol\u00edtica por parte de las administraciones municipales, incluyendo la presente para poner en la palestra de la zona norte a P\u00e1nuco como un basti\u00f3n del turismo.<\/p>\n<p style=\"text-align: justify;\">Record\u00f3 que actualmente y derivado de la pandemia del COVID- 19, muchos hoteles han tenido muy pocas visitas y por consiguiente su econom\u00eda ha colapsado.<\/p>\n<p style=\"text-align: justify;\">Por ello urgi\u00f3 a quienes actualmente buscan un puesto de elecci\u00f3n standard, que en su agenda est\u00e9 contemplado un programa para el desarrollo tur\u00edstico de esta regi\u00f3n.<\/p>\n<p style=\"text-align: justify;\">Por Francisco D\u00edaz<\/p>\n<p><\/p>\n<div class=\"heateor_sss_sharing_container heateor_sss_horizontal_sharing\" heateor-sss-data-href=\"https:\/\/www.vanguardiaveracruz.mx\/dejan-a-panuco-sin-promocion-turistica\/\">\n<p>\u00bfQuieres compartir esta nota?<\/p>\n<\/div>\n<\/div>\n<p><script>\n  !function(f,b,e,v,n,t,s)\n  {if(f.fbq)return;n=f.fbq=function(){n.callMethod?\n  n.callMethod.apply(n,arguments):n.queue.push(arguments)};\n  if(!f._fbq)f._fbq=n;n.push=n;n.loaded=!0;n.version='2.0';\n  n.queue=[];t=b.createElement(e);t.async=!0;\n  t.src=v;s=b.getElementsByTagName(e)[0];\n  s.parentNode.insertBefore(t,s)}(window, document,'script',\n  'https:\/\/connect.facebook.net\/en_US\/fbevents.js');\n  fbq('init', '680793125720488');\n  fbq('track', 'PageView');\n<\/script><script>\n        window.fbAsyncInit = function() {\n          FB.init({\n            xfbml            : true,\n            version          : 'v10.0'\n          });\n        };\n        (function(d, s, id) {\n        var js, fjs = d.getElementsByTagName(s)[0];\n        if (d.getElementById(id)) return;\n        js = d.createElement(s); js.id = id;\n        js.src=\"https:\/\/connect.facebook.net\/es_LA\/sdk\/xfbml.customerchat.js\";\n        fjs.parentNode.insertBefore(js, fjs);\n      }(document, 'script', 'facebook-jssdk'));<\/script><br \/>\n<br \/><\/p>\n<p><em> &#8221; Fuentes www.vanguardiaveracruz.mx &#8221; <\/em><\/p>\n","protected":false},"excerpt":{"rendered":"<p>\u00bfQuieres compartir esta nota? P\u00e1nuco, Ver.- Como necesario se\u00f1al\u00f3 el arquitecto Humberto Gonz\u00e1lez Hern\u00e1ndez que P\u00e1nuco reactive la industria sin chimeneas, \u2013 el turismo-, pues s\u00f3lo de esa forma podr\u00e1n generarse suficientes fuentes de empleo tan necesarias para este municipio. Coment\u00f3 que lamentablemente la econom\u00eda panuquense depende de la producci\u00f3n de la ca\u00f1a, y por [&hellip;]<\/p>\n","protected":false},"author":4,"featured_media":127595,"comment_status":"open","ping_status":"closed","sticky":false,"template":"","format":"standard","meta":{"om_disable_all_campaigns":false,"jnews-multi-image_gallery":[],"jnews_single_post":[],"jnews_primary_category":[],"jnews_social_meta":[],"footnotes":""},"categories":[40],"tags":[],"class_list":["post-127594","post","type-post","status-publish","format-standard","has-post-thumbnail","hentry","category-industria"],"_links":{"self":[{"href":"https:\/\/dimensionturistica.com\/es\/wp-json\/wp\/v2\/posts\/127594","targetHints":{"allow":["GET"]}}],"collection":[{"href":"https:\/\/dimensionturistica.com\/es\/wp-json\/wp\/v2\/posts"}],"about":[{"href":"https:\/\/dimensionturistica.com\/es\/wp-json\/wp\/v2\/types\/post"}],"author":[{"embeddable":true,"href":"https:\/\/dimensionturistica.com\/es\/wp-json\/wp\/v2\/users\/4"}],"replies":[{"embeddable":true,"href":"https:\/\/dimensionturistica.com\/es\/wp-json\/wp\/v2\/comments?post=127594"}],"version-history":[{"count":0,"href":"https:\/\/dimensionturistica.com\/es\/wp-json\/wp\/v2\/posts\/127594\/revisions"}],"wp:featuredmedia":[{"embeddable":true,"href":"https:\/\/dimensionturistica.com\/es\/wp-json\/wp\/v2\/media\/127595"}],"wp:attachment":[{"href":"https:\/\/dimensionturistica.com\/es\/wp-json\/wp\/v2\/media?parent=127594"}],"wp:term":[{"taxonomy":"category","embeddable":true,"href":"https:\/\/dimensionturistica.com\/es\/wp-json\/wp\/v2\/categories?post=127594"},{"taxonomy":"post_tag","embeddable":true,"href":"https:\/\/dimensionturistica.com\/es\/wp-json\/wp\/v2\/tags?post=127594"}],"curies":[{"name":"wp","href":"https:\/\/api.w.org\/{rel}","templated":true}]}}