{"id":127539,"date":"2021-05-14T23:06:08","date_gmt":"2021-05-14T23:06:08","guid":{"rendered":"https:\/\/dimensionturistica.com\/es\/?p=127539"},"modified":"2021-05-14T23:06:08","modified_gmt":"2021-05-14T23:06:08","slug":"la-temporada-turistica-acelera-a-la-espera-de-los-extranjeros","status":"publish","type":"post","link":"https:\/\/dimensionturistica.com\/es\/la-temporada-turistica-acelera-a-la-espera-de-los-extranjeros\/","title":{"rendered":"La temporada tur\u00edstica acelera a la espera de los extranjeros"},"content":{"rendered":"<p> <br \/>\n<\/p>\n<div>\n<p data-gtm-element-container=\"modulo-texto-link\" class=\"paragraph\">La temporada tur\u00edstica en Espa\u00f1a coge impulso tras el fin del estado de alarma gracias al turismo interno, el clavo ardiendo al que se agarra el sector a la espera de los viajeros internacionales.<\/p>\n<p data-gtm-element-container=\"modulo-texto-link\" class=\"paragraph\">Las reservas se han disparado este fin de semana en zonas rurales y de la costa de la Comunidad Valenciana, Catalunya y Andaluc\u00eda, mientras que varios pa\u00edses empiezan a levantar el veto tur\u00edstico a Baleares y Canarias gracias a sus buenos datos epidemiol\u00f3gicos.<\/p>\n<p><span class=\"content-subtitle \"><\/p>\n<h3 class=\"subtitle\">Alemania, los Pa\u00edses Bajos y Dinamarca ya permiten viajar a algunas comunidades, principalmente las islas<\/h3>\n<p><\/span><\/p>\n<p data-gtm-element-container=\"modulo-texto-link\" class=\"paragraph\">Despu\u00e9s de meses sin apenas actividad y con miles de negocios en la cuerda floja, esta reapertura inicial ha insuflado un \u201coptimismo moderado\u201d al sector. La previsi\u00f3n es alcanzar al menos una facturaci\u00f3n de 80.000 millones de euros al acabar el a\u00f1o, la mitad de lo recaudado en el 2019, y recuperar poco a poco el empleo. La patronal hotelera Hosbec (Comunidad Valenciana) calcula ocupaciones de entre el 60% y el 70% en Castell\u00f3n y la Costa Blanca estos d\u00edas, con una amplia mayor\u00eda de clientes nacionales (casi el 90%). Desde Paradores explican tambi\u00e9n que sus establecimientos superan el 70% de ocupaci\u00f3n este fin de semana, cifras similares a las de un verano prepandemia, mientras que desde la cadena Meli\u00e0 han experimentado \u201cun significativo aumento de las reservas del mercado espa\u00f1ol\u201d.<\/p>\n<p><span class=\"content-ad-module  hidden-ad hidden-ad\"><\/p>\n<p><span class=\"content-ad visible-xs roba-container  hidden-ad\"><span class=\"ad-unit roba\"><\/p>\n<p>                <\/span><\/span><span class=\"content-ad visible-md irr-container  hidden-ad\"><span class=\"ad-unit irr\"><\/p>\n<p>                <\/span><\/span><span class=\"content-html\"><span class=\"intext-md hidden-xs hidden-md\"\/><\/span><\/span><\/p>\n<p data-gtm-element-container=\"modulo-texto-link\" class=\"paragraph\">En Catalunya, que aspira alcanzar hasta 13.000 millones de euros de facturaci\u00f3n tur\u00edstica, el ritmo de reservas va m\u00e1s lento y con una demanda de \u00faltima hora, por lo que es dif\u00edcil ofrecer datos, se\u00f1alan desde diferentes patronales. \u201cHay esperanza sobre la temporada, prevemos recuperarnos a partir de junio, pero con el turismo interno no ser\u00e1 suficiente\u201d, remarca Miquel Gotanegra, presidente de la Associaci\u00f3 d\u2019Hostaleria de l\u2019Alt Empord\u00e0, en la Costa Brava. Este empresario recuerda que solo Catalunya recibi\u00f3 20 millones de turistas internacionales en el 2019 (llegaron m\u00e1s de 80 a toda Espa\u00f1a), por lo que la industria tur\u00edstica \u201cest\u00e1 sobredimensionada si solo vamos a tener cliente nacional\u201d. La patronal Hosbec insisti\u00f3 tambi\u00e9n en la \u201cnecesidad\u201d de recuperar los mercados s\u00e9nior e internacional, que garantizan estancias largas \u201cy dotan de mayor estabilidad a la actividad hotelera\u201d.<\/p>\n<figure class=\"composite-image image-container \" data-gtm-element-container=\"button-gallery\"><picture><source media=\"(min-width: 638px)\" data-srcset=\"https:\/\/www.lavanguardia.com\/files\/content_image_desktop_filter\/uploads\/2021\/05\/15\/609f0014896b1.jpeg\"><source media=\"(min-width: 480px)\" data-srcset=\"https:\/\/www.lavanguardia.com\/files\/content_image_intermediate_filter\/uploads\/2021\/05\/15\/609f0014896b1.jpeg\"><img decoding=\"async\" data-full-src=\"https:\/\/www.lavanguardia.com\/uploads\/2021\/05\/15\/609f0014896b1.jpeg\" alt=\"ALCUDIA (MALLORCA), 12\/05\/2021.- Vista de la playa de Alcudia (Mallorca), este mi\u00e9rcoles, d\u00eda de la puesta a punto de las playas baleares para recibir turistas de cara a este verano. La ministra espa\u00f1ola de Exteriores, Arancha Gonz\u00e1lez Laya, ha dicho hoy que mantiene \" buenos=\"\" contactos=\"\" con=\"\" londres=\"\" para=\"\" que=\"\" su=\"\" pa=\"\" vuelva=\"\" a=\"\" figurar=\"\" en=\"\" la=\"\" verde=\"\" brit=\"\" de=\"\" destinos=\"\" seguros=\"\" covid-19=\"\" fin=\"\" facilitar=\"\" el=\"\" retorno=\"\" espa=\"\" los=\"\" turistas=\"\" del=\"\" reino=\"\" unido.=\"\" efe=\"\" cati=\"\" cladera=\"\" src=\"https:\/\/www.lavanguardia.com\/files\/content_image_mobile_filter\/uploads\/2021\/05\/15\/609f0014896b1.jpeg\" class=\"lazy\"\/><\/source><\/source><\/picture><figcaption class=\"figure-caption\">\n<p class=\"caption-title \">Operaarios del ayuntamiento de Alc\u00fadia realizan la puesta a punto de las playas baleares para recibir turistas de cara a este verano<\/p>\n<p>                    <span class=\"caption-author \">CATI CLADERA \/ EFE<\/span><\/p>\n<\/figcaption><\/figure>\n<p data-gtm-element-container=\"modulo-texto-link\" class=\"paragraph\">La exclusi\u00f3n de Espa\u00f1a \u2013como la gran mayor\u00eda de pa\u00edses mediterr\u00e1neos\u2013 de la lista verde brit\u00e1nica para viajar al extranjero dificulta esta reactivaci\u00f3n. Pero las perspectivas mejoran a medida que otros importantes mercados emisores para Espa\u00f1a permiten ya el turismo. Alemania incluy\u00f3 ayer a Canarias en su lista verde de destinos seguros, mientras que los Pa\u00edses Bajos hizo lo mismo con Canarias y Baleares. Dinamarca, por su parte, ha levantado el veto tur\u00edstico a siete comunidades aut\u00f3nomas: adem\u00e1s de los archipi\u00e9lagos, el pa\u00eds n\u00f3rdico ya no desaconseja viajar a Asturias, Extremadura, Galicia, Murcia y Comunidad de Valenciana, adem\u00e1s de a la ciudad aut\u00f3noma de Ceuta.<\/p>\n<p><span class=\"content-ad-module  hidden-ad\"><\/p>\n<p><span class=\"content-ad visible-xs irr-container  hidden-ad\"><span class=\"ad-unit irr\"><\/p>\n<p>                <\/span><\/span><span class=\"content-html\"><span class=\"intext-xs hidden-xs hidden-md\"\/><\/span><\/span><\/p>\n<p data-gtm-element-container=\"modulo-texto-link\" class=\"paragraph\">Canarias y Baleares, junto a Grecia, lideran los destinos con mayor demanda para viajar este verano, explic\u00f3 esta semana Fritz Joussen, consejero delegado de TUI, durante la presentaci\u00f3n de sus previsiones para el verano. Una carrera para la que Grecia intenta coger delantera levantando restricciones pese a tener una alta incidencia de la covid. El pa\u00eds retirar\u00e1 este lunes las limitaciones a los viajes y reabre el turismo, aunque mantiene ciertas medidas sanitarias.<\/p>\n<p><span class=\"content-ad-module  hidden-ad\"><\/p>\n<p><span class=\"content-ad visible-xs roba-container  hidden-ad\"><span class=\"ad-unit roba\"><\/p>\n<p>                <\/span><\/span><\/span>\n<\/div>\n<p><script type=\"script\/gg\">\ngg.didomi.doWhenConsent(!window.didomiBypass, 'c:facebooka-frU9M5JY', function () {\n!function(f,b,e,v,n,t,s)\n{if(f.fbq)return;n=f.fbq=function(){n.callMethod?\nn.callMethod.apply(n,arguments):n.queue.push(arguments)};\nif(!f._fbq)f._fbq=n;n.push=n;n.loaded=!0;n.version='2.0';\nn.queue=[];t=b.createElement(e);t.async=!0;\nt.src=v;s=b.getElementsByTagName(e)[0];\ns.parentNode.insertBefore(t,s)}(window, document,'script',\n'https:\/\/connect.facebook.net\/en_US\/fbevents.js');\nfbq('init', '161843274362284');\nfbq('track', 'PageView');\n});\n<\/script><br \/>\n<br \/><\/p>\n<p><em> &#8221; Fuentes www.lavanguardia.com &#8221; <\/em><\/p>\n","protected":false},"excerpt":{"rendered":"<p>La temporada tur\u00edstica en Espa\u00f1a coge impulso tras el fin del estado de alarma gracias al turismo interno, el clavo ardiendo al que se agarra el sector a la espera de los viajeros internacionales. Las reservas se han disparado este fin de semana en zonas rurales y de la costa de la Comunidad Valenciana, Catalunya [&hellip;]<\/p>\n","protected":false},"author":4,"featured_media":127540,"comment_status":"open","ping_status":"closed","sticky":false,"template":"","format":"standard","meta":{"om_disable_all_campaigns":false,"jnews-multi-image_gallery":[],"jnews_single_post":[],"jnews_primary_category":[],"jnews_social_meta":[],"footnotes":""},"categories":[40],"tags":[],"class_list":["post-127539","post","type-post","status-publish","format-standard","has-post-thumbnail","hentry","category-industria"],"_links":{"self":[{"href":"https:\/\/dimensionturistica.com\/es\/wp-json\/wp\/v2\/posts\/127539","targetHints":{"allow":["GET"]}}],"collection":[{"href":"https:\/\/dimensionturistica.com\/es\/wp-json\/wp\/v2\/posts"}],"about":[{"href":"https:\/\/dimensionturistica.com\/es\/wp-json\/wp\/v2\/types\/post"}],"author":[{"embeddable":true,"href":"https:\/\/dimensionturistica.com\/es\/wp-json\/wp\/v2\/users\/4"}],"replies":[{"embeddable":true,"href":"https:\/\/dimensionturistica.com\/es\/wp-json\/wp\/v2\/comments?post=127539"}],"version-history":[{"count":0,"href":"https:\/\/dimensionturistica.com\/es\/wp-json\/wp\/v2\/posts\/127539\/revisions"}],"wp:featuredmedia":[{"embeddable":true,"href":"https:\/\/dimensionturistica.com\/es\/wp-json\/wp\/v2\/media\/127540"}],"wp:attachment":[{"href":"https:\/\/dimensionturistica.com\/es\/wp-json\/wp\/v2\/media?parent=127539"}],"wp:term":[{"taxonomy":"category","embeddable":true,"href":"https:\/\/dimensionturistica.com\/es\/wp-json\/wp\/v2\/categories?post=127539"},{"taxonomy":"post_tag","embeddable":true,"href":"https:\/\/dimensionturistica.com\/es\/wp-json\/wp\/v2\/tags?post=127539"}],"curies":[{"name":"wp","href":"https:\/\/api.w.org\/{rel}","templated":true}]}}