{"id":127530,"date":"2021-05-14T22:41:36","date_gmt":"2021-05-14T22:41:36","guid":{"rendered":"https:\/\/dimensionturistica.com\/es\/?p=127530"},"modified":"2021-05-14T22:41:36","modified_gmt":"2021-05-14T22:41:36","slug":"el-gobierno-balear-celebra-el-derrumbe-turistico-son-buenas-noticias-que-no-volveran-las-cifras-de-2019-noticias-de-hoteles","status":"publish","type":"post","link":"https:\/\/dimensionturistica.com\/es\/el-gobierno-balear-celebra-el-derrumbe-turistico-son-buenas-noticias-que-no-volveran-las-cifras-de-2019-noticias-de-hoteles\/","title":{"rendered":"El gobierno balear celebra el derrumbe tur\u00edstico: &#8220;Son buenas noticias que no volver\u00e1n las cifras de 2019&#8221; | Noticias de Hoteles"},"content":{"rendered":"<p> <br \/>\n<\/p>\n<div>\n<p data-reader-unique-id=\"18\"><a rel=\"nofollow noopener\" target=\"_blank\" href=\"https:\/\/www.preferente.com\/wp-content\/uploads\/2021\/05\/yllanes-baleares-contra-turismo-gobierno.jpg\"><img decoding=\"async\" class=\"aligncenter wp-image-309342\" src=\"https:\/\/www.preferente.com\/wp-content\/uploads\/2021\/05\/yllanes-baleares-contra-turismo-gobierno.jpg\" alt=\"\" width=\"640\" height=\"455\" srcset=\"https:\/\/www.preferente.com\/wp-content\/uploads\/2021\/05\/yllanes-baleares-contra-turismo-gobierno.jpg 1024w, https:\/\/www.preferente.com\/wp-content\/uploads\/2021\/05\/yllanes-baleares-contra-turismo-gobierno-300x213.jpg 300w, https:\/\/www.preferente.com\/wp-content\/uploads\/2021\/05\/yllanes-baleares-contra-turismo-gobierno-768x546.jpg 768w, https:\/\/www.preferente.com\/wp-content\/uploads\/2021\/05\/yllanes-baleares-contra-turismo-gobierno-281x200.jpg 281w, https:\/\/www.preferente.com\/wp-content\/uploads\/2021\/05\/yllanes-baleares-contra-turismo-gobierno-211x150.jpg 211w, https:\/\/www.preferente.com\/wp-content\/uploads\/2021\/05\/yllanes-baleares-contra-turismo-gobierno-105x75.jpg 105w, https:\/\/www.preferente.com\/wp-content\/uploads\/2021\/05\/yllanes-baleares-contra-turismo-gobierno-84x60.jpg 84w, https:\/\/www.preferente.com\/wp-content\/uploads\/2021\/05\/yllanes-baleares-contra-turismo-gobierno-197x140.jpg 197w, https:\/\/www.preferente.com\/wp-content\/uploads\/2021\/05\/yllanes-baleares-contra-turismo-gobierno-45x32.jpg 45w, https:\/\/www.preferente.com\/wp-content\/uploads\/2021\/05\/yllanes-baleares-contra-turismo-gobierno-457x325.jpg 457w, https:\/\/www.preferente.com\/wp-content\/uploads\/2021\/05\/yllanes-baleares-contra-turismo-gobierno-174x124.jpg 174w, https:\/\/www.preferente.com\/wp-content\/uploads\/2021\/05\/yllanes-baleares-contra-turismo-gobierno-270x192.jpg 270w\" sizes=\"(max-width: 640px) 100vw, 640px\"\/><\/a><\/p>\n<p data-reader-unique-id=\"18\">El vicepresidente del Gobierno de las Islas Baleares, Juan Pedro Yllanes, celebra en una entrevista en el \u2018Diario de Menorca\u2019 el hundimiento tur\u00edstico, al proclamar que \u201cno volver\u00e1n las cifras tur\u00edsticas de 2019 y eso es buena noticia\u201d.<\/p>\n<p data-reader-unique-id=\"41\">En Baleares el 83 por ciento del PIB procede directa e indirectamente del sector tur\u00edstico, y su declive ha provocado en consecuencia el mayor drama social en m\u00e1s medio siglo en el archipi\u00e9lago, con decenas de miles de familias sufriendo una merma ostensible de sus ingresos.<\/p>\n<p data-reader-unique-id=\"41\">La postura de Yllanes, integrante de Podemos, coincide con la del resto del Govern balear que desde hace unos a\u00f1os ha mandado constantes mensajes a los mercados emisores de que no quer\u00edan m\u00e1s turistas, incluso en las principales ferias del sector de Berl\u00edn y Londres.<\/p>\n<p data-reader-unique-id=\"41\">Hace dos meses, el Parlamento balear ha votado este martes en contra de reconocer la importancia del turismo y \u201csu aportaci\u00f3n esencial para Baleares en su desarrollo econ\u00f3mico, social y cultural\u201d.\u00a0Baleares cerr\u00f3 2020 con una ca\u00edda \u201chist\u00f3rica\u201d del 23,7 por ciento de su PIB, equivalente a 7.821 millones de euros, respecto a 2019, a causa del desplome tur\u00edstico en el archipi\u00e9lago.<\/p>\n<p>El gobierno balear, tambi\u00e9n en el precise contexto, viene pidiendo una reducci\u00f3n del turismo en las Islas.\u00a0El vicepresidente de Modelo Econ\u00f3mico, Turismo y Trabajo del Govern balear, Iago Negueruela, asegur\u00f3 hace pocos meses que las ayudas europeas deben destinarse a impulsar otros sectores que no sean el tur\u00edstico (<a rel=\"nofollow noopener\" target=\"_blank\" href=\"https:\/\/www.preferente.com\/noticias-de-hoteles\/el-gobierno-balear-cree-que-los-fondos-europeos-deben-impulsar-actividades-no-turisticas-305922.html\">El gobierno balear cree que los fondos europeos deben impulsar actividades no tur\u00edsticas<\/a>).<\/p>\n<p>M\u00e1s recientemente, la presidenta de Baleares, Francina Armengol, declar\u00f3 hace dos semanas, durante su discurso pronunciado en el acto institucional del Dia de les llles Balears,\u00a0que la excesiva dependencia del turismo es una carencia estructural para el encarar el futuro de las islas (<a rel=\"nofollow noopener\" target=\"_blank\" href=\"https:\/\/www.preferente.com\/noticias-de-hoteles\/la-presidenta-balear-ve-tanto-turismo-como-una-carencia-mientras-son-la-region-con-menos-vacunados-307533.html\">La presidenta balear ve el exceso de turismo como un problema mientras es la regi\u00f3n con menos vacunados<\/a>).<\/p>\n<p>La abierta cruzada contra el Turismo en Baleares se ha reflejado en el aumento de los impuestos a los viajeros, y en el mantenimiento en las paredes de las pintadas que reclamaban a los turistas volverse a su pa\u00eds, los llamaban terroristas, y dec\u00edan que el sector \u201cmataba\u201d a Mallorca (<a rel=\"nofollow noopener\" target=\"_blank\" href=\"https:\/\/www.preferente.com\/la-chispa\/deseo-concedido-el-tuit-recordando-la-turismofobia-que-se-vive-en-baleares-y-que-se-ha-hecho-viral-306872.html\">\u201cDeseo concedido\u201d: el tuit recordando la turismofobia que se vive en Baleares y que se ha hecho viral).<\/a><\/p>\n<p>Mallorca fue la cuna de la industria tur\u00edstica vacacional hace m\u00e1s de medio siglo, hasta que pas\u00f3 a convertirse en la cuna de la turismofobia. Un vuelco sorprendente, ya que fue este sector el que permiti\u00f3 a la sociedad isle\u00f1a mejorar su nivel de vida y bienestar como nunca antes en la historia (<a rel=\"nofollow noopener\" target=\"_blank\" href=\"https:\/\/www.preferente.com\/noticias-de-hoteles\/mallorca-la-papeleta-del-tourist-go-home-al-tourist-welcome-299263.html\">Mallorca: la papeleta del \u201ctourist go home\u201d al \u201ctourist welcome\u201d<\/a>).<\/p>\n<p>Hace unas semanas, la CEO de Riu, Carmen Riu, aseguraba en una entrevista a El Mundo que hab\u00eda una cosa que le costaba entender, \u201cm\u00e1s siendo un Gobierno socialista, y es la minusvaloraci\u00f3n de los trabajadores de la hosteler\u00eda por parte de determinados ministros. Como si fueran unas personas sin ning\u00fan tipo de valor\u201d. El ministro de Consumo, Alberto Garz\u00f3n, hab\u00eda enfatizado que el turismo period un sector \u201cprecario, estacional y de bajo valor a\u00f1adido\u201d.<\/p>\n<p data-reader-unique-id=\"41\">\u00a0<\/p>\n<p data-reader-unique-id=\"41\"><a rel=\"nofollow noopener\" target=\"_blank\" href=\"https:\/\/www.preferente.com\/wp-content\/uploads\/2021\/05\/baleares-turismo-porcentaje-pib-economia-mallorca.png\"><img decoding=\"async\" class=\"aligncenter wp-image-309339\" src=\"https:\/\/www.preferente.com\/wp-content\/uploads\/2021\/05\/baleares-turismo-porcentaje-pib-economia-mallorca.png\" alt=\"\" width=\"640\" height=\"419\" srcset=\"https:\/\/www.preferente.com\/wp-content\/uploads\/2021\/05\/baleares-turismo-porcentaje-pib-economia-mallorca.png 1503w, https:\/\/www.preferente.com\/wp-content\/uploads\/2021\/05\/baleares-turismo-porcentaje-pib-economia-mallorca-300x197.png 300w, https:\/\/www.preferente.com\/wp-content\/uploads\/2021\/05\/baleares-turismo-porcentaje-pib-economia-mallorca-768x503.png 768w, https:\/\/www.preferente.com\/wp-content\/uploads\/2021\/05\/baleares-turismo-porcentaje-pib-economia-mallorca-1024x671.png 1024w, https:\/\/www.preferente.com\/wp-content\/uploads\/2021\/05\/baleares-turismo-porcentaje-pib-economia-mallorca-305x200.png 305w, https:\/\/www.preferente.com\/wp-content\/uploads\/2021\/05\/baleares-turismo-porcentaje-pib-economia-mallorca-229x150.png 229w, https:\/\/www.preferente.com\/wp-content\/uploads\/2021\/05\/baleares-turismo-porcentaje-pib-economia-mallorca-114x75.png 114w, https:\/\/www.preferente.com\/wp-content\/uploads\/2021\/05\/baleares-turismo-porcentaje-pib-economia-mallorca-92x60.png 92w, https:\/\/www.preferente.com\/wp-content\/uploads\/2021\/05\/baleares-turismo-porcentaje-pib-economia-mallorca-214x140.png 214w, https:\/\/www.preferente.com\/wp-content\/uploads\/2021\/05\/baleares-turismo-porcentaje-pib-economia-mallorca-49x32.png 49w, https:\/\/www.preferente.com\/wp-content\/uploads\/2021\/05\/baleares-turismo-porcentaje-pib-economia-mallorca-496x325.png 496w, https:\/\/www.preferente.com\/wp-content\/uploads\/2021\/05\/baleares-turismo-porcentaje-pib-economia-mallorca-174x114.png 174w, https:\/\/www.preferente.com\/wp-content\/uploads\/2021\/05\/baleares-turismo-porcentaje-pib-economia-mallorca-270x177.png 270w\" sizes=\"(max-width: 640px) 100vw, 640px\"\/><\/a><\/p>\n<p><!-- AddThis Advanced Settings above via filter on the_content --><!-- AddThis Advanced Settings below via filter on the_content --><!-- AddThis Advanced Settings generic via filter on the_content --><!-- AddThis Share Buttons above via filter on the_content --><!-- AddThis Share Buttons below via filter on the_content --><!-- AddThis Share Buttons generic via filter on the_content -->\t\t\t<\/div>\n\n<p><em> &#8221; Fuentes www.preferente.com &#8221; <\/em><\/p>\n","protected":false},"excerpt":{"rendered":"<p>El vicepresidente del Gobierno de las Islas Baleares, Juan Pedro Yllanes, celebra en una entrevista en el \u2018Diario de Menorca\u2019 el hundimiento tur\u00edstico, al proclamar que \u201cno volver\u00e1n las cifras tur\u00edsticas de 2019 y eso es buena noticia\u201d. En Baleares el 83 por ciento del PIB procede directa e indirectamente del sector tur\u00edstico, y su [&hellip;]<\/p>\n","protected":false},"author":4,"featured_media":127531,"comment_status":"open","ping_status":"closed","sticky":false,"template":"","format":"standard","meta":{"om_disable_all_campaigns":false,"jnews-multi-image_gallery":[],"jnews_single_post":[],"jnews_primary_category":[],"jnews_social_meta":[],"footnotes":""},"categories":[40],"tags":[],"class_list":["post-127530","post","type-post","status-publish","format-standard","has-post-thumbnail","hentry","category-industria"],"_links":{"self":[{"href":"https:\/\/dimensionturistica.com\/es\/wp-json\/wp\/v2\/posts\/127530","targetHints":{"allow":["GET"]}}],"collection":[{"href":"https:\/\/dimensionturistica.com\/es\/wp-json\/wp\/v2\/posts"}],"about":[{"href":"https:\/\/dimensionturistica.com\/es\/wp-json\/wp\/v2\/types\/post"}],"author":[{"embeddable":true,"href":"https:\/\/dimensionturistica.com\/es\/wp-json\/wp\/v2\/users\/4"}],"replies":[{"embeddable":true,"href":"https:\/\/dimensionturistica.com\/es\/wp-json\/wp\/v2\/comments?post=127530"}],"version-history":[{"count":0,"href":"https:\/\/dimensionturistica.com\/es\/wp-json\/wp\/v2\/posts\/127530\/revisions"}],"wp:featuredmedia":[{"embeddable":true,"href":"https:\/\/dimensionturistica.com\/es\/wp-json\/wp\/v2\/media\/127531"}],"wp:attachment":[{"href":"https:\/\/dimensionturistica.com\/es\/wp-json\/wp\/v2\/media?parent=127530"}],"wp:term":[{"taxonomy":"category","embeddable":true,"href":"https:\/\/dimensionturistica.com\/es\/wp-json\/wp\/v2\/categories?post=127530"},{"taxonomy":"post_tag","embeddable":true,"href":"https:\/\/dimensionturistica.com\/es\/wp-json\/wp\/v2\/tags?post=127530"}],"curies":[{"name":"wp","href":"https:\/\/api.w.org\/{rel}","templated":true}]}}