{"id":127411,"date":"2021-05-14T18:20:46","date_gmt":"2021-05-14T18:20:46","guid":{"rendered":"https:\/\/dimensionturistica.com\/es\/?p=127411"},"modified":"2021-05-14T18:20:46","modified_gmt":"2021-05-14T18:20:46","slug":"la-edicion-2021-de-wtm-latin-america-sera-totalmente-virtual","status":"publish","type":"post","link":"https:\/\/dimensionturistica.com\/es\/la-edicion-2021-de-wtm-latin-america-sera-totalmente-virtual\/","title":{"rendered":"La edici\u00f3n 2021 de WTM Latin America ser\u00e1 totalmente virtual"},"content":{"rendered":"<p> <br \/>\n<\/p>\n<div>\n<p class=\"text-align-justify\"><span><span><span><span><span><span><img decoding=\"async\" alt=\"\" class=\"img-responsive\" height=\"637\" src=\"https:\/\/www.expreso.info\/files\/2021-05\/WTM_latin_america1.jpg\" width=\"1152\"\/>Los organizadores de la feria WTM Latin America, Brasil, anunciaron el aplazamiento a 2022 del evento presencial y este a\u00f1o se realizar\u00e1 una edici\u00f3n digital, del 10 al 12 de agosto.<\/span><\/span><\/span><\/span><\/span><\/span><\/p>\n<p class=\"text-align-justify\"><span><span><span><span><span><span>El cambio de las fechas, motivado por la pandemia en Brasil y en el mundo, apunta a promover una entrega calificada de conexiones comerciales, alineada con las expectativas y necesidades de expositores y visitantes.<\/span><\/span><\/span><\/span><\/span><\/span><\/p>\n<p class=\"text-align-justify\"><span><span><span><span><span><span>De este modo, <a rel=\"nofollow noopener\" target=\"_blank\" href=\"https:\/\/www.wtm.com\/latin-america\/es-mx.html\">WTM Latin America Virtual<\/a> quiere traer a esta edici\u00f3n funcionalidades y herramientas enfocadas a la generaci\u00f3n de negocios y a la compartici\u00f3n entre expositores, agentes de viajes, patrons y visitantes.<\/span><\/span><\/span><\/span><\/span><\/span><\/p>\n<p class=\"text-align-justify\"><span><span><span><span><span><span>Tha\u00eds Del Ben, gerente de advertising de WTM Latin America, ha querido destacar en medios locales que \u2018como empresa de alcance global, Reed Exhibitions nos permiti\u00f3 construir soluciones que resultan en el establecimiento de relaciones y generaci\u00f3n de contactos\u2019.<\/span><\/span><\/span><\/span><\/span><\/span><\/p>\n<p class=\"text-align-justify\"><span><span><span><span><span><span>Desde la plataforma se va a permitir la programaci\u00f3n de reuniones virtuales en base a los perfiles de inter\u00e9s que cada participante completar\u00e1 en el momento de la inscripci\u00f3n. Igualmente se ha informado de que, cada reuni\u00f3n durar\u00e1 30 minutos y tendr\u00e1 capacidad para seis participantes por sala.<\/span><\/span><\/span><\/span><\/span><\/span><\/p>\n<p class=\"text-align-justify\"><span><span><span><span><span><span>Para apoyar a los interesados en una participaci\u00f3n exitosa, WTM Latin America Digital lanzar\u00e1 pr\u00f3ximamente una serie educativa con consejos paso a paso sobre c\u00f3mo acreditarse para participar en el evento digital y c\u00f3mo aprovechar al m\u00e1ximo la plataforma. <\/span><\/span><\/span><\/span><\/span><\/span><\/p>\n<p class=\"text-align-justify\"><span><span><span><span><span><span>El contenido va a estar disponible en tres idiomas: ingl\u00e9s, portugu\u00e9s y espa\u00f1ol.<\/span><\/span><\/span><\/span><\/span><\/span><\/p>\n<p class=\"text-align-justify\"><span><span><span><span><span><span>El evento digital va a contar con conferencias calificadas que fomentan el debate y el desarrollo del sector que se centrar\u00e1n en los temas de mayor relevancia para el turismo, considerando los desaf\u00edos de este nuevo escenario en los proyectos de WTM Latin America, tales como: tendencias poscovid, mujeres en el turismo, turismo responsable y tecnolog\u00eda, con acceso al contenido gratuito.<\/span><\/span><\/span><\/span><\/span><\/span><\/p>\n<p class=\"text-align-justify\"><span><span><span><span><span><span>Simon Mayle, director de WTM Latin America, se\u00f1al\u00f3 que \u2018estamos preparando un evento que cuente con las herramientas necesarias para realizar negocios, reconectarse y hacer networking. Nuestro foco est\u00e1 en promover reuniones, optimizar oportunidades y consolidar negociaciones. Aprendimos mucho de la cartera de WTM y tomamos en cuenta la opini\u00f3n de los visitantes y expositores de los dem\u00e1s eventos para hacer que la edici\u00f3n Latin America sea la mejor posible. El p\u00fablico, sin duda, va a tener tanto una buena experiencia como un buen retorno sobre la inversi\u00f3n\u2019.<\/span><\/span><\/span><\/span><\/span><\/span><\/p>\n<p class=\"text-align-justify\"><span><span><span><em><span><span><span>Expreso. Redacci\u00f3n. T.R<\/span><\/span><\/span><\/em><\/span><\/span><\/span><\/p>\n<\/div>\n\n<p><em> &#8221; Fuentes www.expreso.info &#8221; <\/em><\/p>\n","protected":false},"excerpt":{"rendered":"<p>Los organizadores de la feria WTM Latin America, Brasil, anunciaron el aplazamiento a 2022 del evento presencial y este a\u00f1o se realizar\u00e1 una edici\u00f3n digital, del 10 al 12 de agosto. El cambio de las fechas, motivado por la pandemia en Brasil y en el mundo, apunta a promover una entrega calificada de conexiones comerciales, [&hellip;]<\/p>\n","protected":false},"author":4,"featured_media":127412,"comment_status":"open","ping_status":"closed","sticky":false,"template":"","format":"standard","meta":{"om_disable_all_campaigns":false,"jnews-multi-image_gallery":[],"jnews_single_post":[],"jnews_primary_category":[],"jnews_social_meta":[],"footnotes":""},"categories":[40],"tags":[],"class_list":["post-127411","post","type-post","status-publish","format-standard","has-post-thumbnail","hentry","category-industria"],"_links":{"self":[{"href":"https:\/\/dimensionturistica.com\/es\/wp-json\/wp\/v2\/posts\/127411","targetHints":{"allow":["GET"]}}],"collection":[{"href":"https:\/\/dimensionturistica.com\/es\/wp-json\/wp\/v2\/posts"}],"about":[{"href":"https:\/\/dimensionturistica.com\/es\/wp-json\/wp\/v2\/types\/post"}],"author":[{"embeddable":true,"href":"https:\/\/dimensionturistica.com\/es\/wp-json\/wp\/v2\/users\/4"}],"replies":[{"embeddable":true,"href":"https:\/\/dimensionturistica.com\/es\/wp-json\/wp\/v2\/comments?post=127411"}],"version-history":[{"count":0,"href":"https:\/\/dimensionturistica.com\/es\/wp-json\/wp\/v2\/posts\/127411\/revisions"}],"wp:featuredmedia":[{"embeddable":true,"href":"https:\/\/dimensionturistica.com\/es\/wp-json\/wp\/v2\/media\/127412"}],"wp:attachment":[{"href":"https:\/\/dimensionturistica.com\/es\/wp-json\/wp\/v2\/media?parent=127411"}],"wp:term":[{"taxonomy":"category","embeddable":true,"href":"https:\/\/dimensionturistica.com\/es\/wp-json\/wp\/v2\/categories?post=127411"},{"taxonomy":"post_tag","embeddable":true,"href":"https:\/\/dimensionturistica.com\/es\/wp-json\/wp\/v2\/tags?post=127411"}],"curies":[{"name":"wp","href":"https:\/\/api.w.org\/{rel}","templated":true}]}}