{"id":127399,"date":"2021-05-14T17:55:49","date_gmt":"2021-05-14T17:55:49","guid":{"rendered":"https:\/\/dimensionturistica.com\/es\/?p=127399"},"modified":"2021-05-14T17:55:49","modified_gmt":"2021-05-14T17:55:49","slug":"video-de-promocion-de-turismo-causa-furor","status":"publish","type":"post","link":"https:\/\/dimensionturistica.com\/es\/video-de-promocion-de-turismo-causa-furor\/","title":{"rendered":"video de promoci\u00f3n de turismo causa furor"},"content":{"rendered":"<p> <br \/>\n<\/p>\n<div id=\"article-post\">\n<header>\n<p class=\"interiorCopete\"> ESTAMBUL (AP) \u2014 Un video que promov\u00eda el turismo en Turqu\u00eda en medio de la pandemia ha causado furor en redes sociales por mostrar a empleados de turismo luciendo mascarillas con la leyenda \u201cDisfruten, estoy vacunado\u201d. <\/p>\n<\/header>\n<div class=\"head-image thumb-wrap relative\">\n<div class=\" gallery-container news-body-media media-expand\">\n<div id=\"detailNoteGallery\" data-ride=\"false\" data-interval=\"false\" class=\"snapshot-container\">\n<div class=\"carousel-inner gallery\" role=\"listbox\" id=\"fotogaleria-Object_4730_2020\">\n<div class=\"col2 owl-carousel\"><!-- PROCESAMOS LOS VIDEOS -->  <!-- PROCESAMOS LAS IMAGENES -->  <!-- PROCESAMOS LOS SCRIPTS -->  <!-- PROCESAMOS LOS VIDEOS -->  <!-- PROCESAMOS LAS IMAGENES -->  <\/p>\n<div class=\"image itemGallery classid459797\">\n                    <a rel=\"nofollow noopener\" target=\"_blank\" href=\"https:\/\/media.americateve.com\/p\/f1bf9cb687b25e56dc48e35ca808e10c\/adjuntos\/179\/imagenes\/007\/785\/0007785708\/261df4a6c7abb617e9c7fbc0e3b5f9fd-90a9dd0b1b1d60b899c57e8ac64aefd5-0jpg.jpg\" onclick=\"return false;\" title=\"\"><\/p>\n<figure class=\"figure-wrapper\">\n                        <img decoding=\"async\" width=\"700\" src=\"https:\/\/media.americateve.com\/p\/f1bf9cb687b25e56dc48e35ca808e10c\/adjuntos\/179\/imagenes\/007\/785\/0007785708\/261df4a6c7abb617e9c7fbc0e3b5f9fd-90a9dd0b1b1d60b899c57e8ac64aefd5-0jpg.jpg\" alt=\"Turqu\u00eda: video de promoci\u00f3n de turismo causa furor\" title=\"Turqu\u00eda: video de promoci\u00f3n de turismo causa furor\" \/><\/figure>\n<p>    <\/a>  <\/div>\n<p>  <!-- https%3A%2F%2Fmedia.americateve.com%2Fp%2Ff1bf9cb687b25e56dc48e35ca808e10c%2Fadjuntos%2F179%2Fimagenes%2F007%2F785%2F0007785708%2F261df4a6c7abb617e9c7fbc0e3b5f9fd-90a9dd0b1b1d60b899c57e8ac64aefd5-0jpg.jpg --><br \/>\n <!-- PROCESAMOS LOS SCRIPTS --><br \/>\n <!-- PROCESAMOS LOS VIDEOS --><br \/>\n <!-- PROCESAMOS LAS IMAGENES --><br \/>\n <!-- PROCESAMOS LOS SCRIPTS --><\/div><\/div><\/div>\n<\/div><\/div>\n<div class=\"cuerpo\">\n<p>El video en ingl\u00e9s fue publicado el jueves en las cuentas en redes sociales de la gu\u00eda oficial del ministerio de Turismo y fue retirado m\u00e1s tarde sin explicaci\u00f3n. Buscaba promover los viajes a Turqu\u00eda como un \u201cpara\u00edso seguro\u201d para los extranjeros y mostraba a turistas sin m\u00e1scaras en hoteles en la costa turca.<\/p>\n<\/div><\/div>\n<div id=\"\">\n<div class=\"cuerpo\">\n<p>Turqu\u00eda est\u00e1 en los \u00faltimos d\u00edas de un encierro complete por la pandemia y el gobierno ha ordenado que las personas se queden en casa y los negocios cierren en medio de un enorme aumento de las infecciones diarias. Pero millones de trabajadores est\u00e1n exentos, al igual que los turistas extranjeros.<\/p>\n<\/div><\/div>\n<div id=\"\">\n<div class=\"cuerpo\">\n<p>Partidos opositores y cr\u00edticos en redes sociales dijeron que el video promocional period un insulto a los turcos. Un hashtag que pide la renuncia del ministro de turismo se viraliz\u00f3 el viernes en Twitter. Los usuarios consideraron que el mensaje del anuncio mostraba a turcos como serviles frente a los extranjeros.<\/p>\n<\/div><\/div>\n<div id=\"\">\n<div class=\"cuerpo\">\n<p>Los trabajadores de turismo tienen prioridad para recibir vacunas y el ministro de Relaciones Exteriores prometi\u00f3 que \u201cvacunaremos a todas las personas que los turistas pudieran ver para el ultimate de mayo&#8221;.<\/p>\n<\/div><\/div>\n<div id=\"\">\n<div class=\"cuerpo\">\n<p>Muchos otros turcos siguen esperando su turno para una dosis. Aproximadamente 12,8% de los 84 millones de habitantes han sido plenamente vacunados usando la vacuna china Sinovac o la de Pfizer-BioNTech.<\/p>\n<p>Las restricciones por la pandemia en Turqu\u00eda, que fueron ampliadas a finales de abril, han bajado la tasa de infecciones diarias de m\u00e1s de 62.000 a alrededor de 11.500. El presidente turco Recep Tayyip Erdogan dijo que el objetivo es reducir los nuevos casos por debajo de 5.000 diarios para que pueda comenzar la temporada de turismo.<\/p>\n<p>El viernes, Erdogan dijo que Turqu\u00eda proceder\u00eda \u201cde forma relativamente cautelosa\u201d hasta el ultimate de mayo, pero relajar\u00eda las restricciones en junio. El lunes se dar\u00e1n a conocer m\u00e1s detalles de su plan de \u201cnormalizaci\u00f3n controlada\u201d. El presidente a\u00f1adi\u00f3 que el gobierno estaba ayudando a la industria tur\u00edstica y a los negocios peque\u00f1os que han sido los m\u00e1s afectados por las restricciones.<\/p>\n<\/div>\n<p style=\"margin-top:20px;display:\"> Fuente: Related Press <\/p>\n<div class=\"poll-nota\">\n<h2 class=\"section-title\">\u00bfQu\u00e9 te ha parecido esta noticia?<\/h2>\n<\/p><\/div><\/div>\n<p><script async defer crossorigin=\"anonymous\" src=\"https:\/\/connect.facebook.net\/es_ES\/sdk.js\"><\/script><br \/>\n<br \/><\/p>\n<p><em> &#8221; Fuentes www.americateve.com &#8221; <\/em><\/p>\n","protected":false},"excerpt":{"rendered":"<p>ESTAMBUL (AP) \u2014 Un video que promov\u00eda el turismo en Turqu\u00eda en medio de la pandemia ha causado furor en redes sociales por mostrar a empleados de turismo luciendo mascarillas con la leyenda \u201cDisfruten, estoy vacunado\u201d. El video en ingl\u00e9s fue publicado el jueves en las cuentas en redes sociales de la gu\u00eda oficial del [&hellip;]<\/p>\n","protected":false},"author":4,"featured_media":127400,"comment_status":"open","ping_status":"closed","sticky":false,"template":"","format":"standard","meta":{"om_disable_all_campaigns":false,"jnews-multi-image_gallery":[],"jnews_single_post":[],"jnews_primary_category":[],"jnews_social_meta":[],"footnotes":""},"categories":[40],"tags":[],"class_list":["post-127399","post","type-post","status-publish","format-standard","has-post-thumbnail","hentry","category-industria"],"_links":{"self":[{"href":"https:\/\/dimensionturistica.com\/es\/wp-json\/wp\/v2\/posts\/127399","targetHints":{"allow":["GET"]}}],"collection":[{"href":"https:\/\/dimensionturistica.com\/es\/wp-json\/wp\/v2\/posts"}],"about":[{"href":"https:\/\/dimensionturistica.com\/es\/wp-json\/wp\/v2\/types\/post"}],"author":[{"embeddable":true,"href":"https:\/\/dimensionturistica.com\/es\/wp-json\/wp\/v2\/users\/4"}],"replies":[{"embeddable":true,"href":"https:\/\/dimensionturistica.com\/es\/wp-json\/wp\/v2\/comments?post=127399"}],"version-history":[{"count":0,"href":"https:\/\/dimensionturistica.com\/es\/wp-json\/wp\/v2\/posts\/127399\/revisions"}],"wp:featuredmedia":[{"embeddable":true,"href":"https:\/\/dimensionturistica.com\/es\/wp-json\/wp\/v2\/media\/127400"}],"wp:attachment":[{"href":"https:\/\/dimensionturistica.com\/es\/wp-json\/wp\/v2\/media?parent=127399"}],"wp:term":[{"taxonomy":"category","embeddable":true,"href":"https:\/\/dimensionturistica.com\/es\/wp-json\/wp\/v2\/categories?post=127399"},{"taxonomy":"post_tag","embeddable":true,"href":"https:\/\/dimensionturistica.com\/es\/wp-json\/wp\/v2\/tags?post=127399"}],"curies":[{"name":"wp","href":"https:\/\/api.w.org\/{rel}","templated":true}]}}