{"id":127393,"date":"2021-05-14T17:47:22","date_gmt":"2021-05-14T17:47:22","guid":{"rendered":"https:\/\/dimensionturistica.com\/es\/?p=127393"},"modified":"2021-05-14T17:47:23","modified_gmt":"2021-05-14T17:47:23","slug":"los-trabajadores-en-erte-bajan-en-42-190-personas-los-primeros-dias-de-mayo","status":"publish","type":"post","link":"https:\/\/dimensionturistica.com\/es\/los-trabajadores-en-erte-bajan-en-42-190-personas-los-primeros-dias-de-mayo\/","title":{"rendered":"Los trabajadores en ERTE bajan en 42.190 personas los primeros d\u00edas de mayo"},"content":{"rendered":"<p> <br \/>\n<\/p>\n<div id=\"noticia-completa\">\n<p>El n\u00famero de trabajadores en expedientes de regulaci\u00f3n temporal de empleo (ERTE) se situ\u00f3 a 11 de mayo en 598.729 personas, lo que supone 42.190 trabajadores menos que a cierre de abril (-6,6%), seg\u00fan ha informado este viernes el Ministerio de Inclusi\u00f3n, Seguridad Social y Migraciones.<\/p>\n<p>De este modo, las cifras de <strong>trabajadores en ERTE<\/strong> contin\u00faan la tendencia descendente que iniciaron desde el pico de la tercera ola, cuando esta herramienta daba cobertura a casi 980.000 trabajadores.<\/p>\n<p>En comparaci\u00f3n con el m\u00e1ximo de trabajadores <a rel=\"nofollow noopener\" target=\"_blank\" href=\"https:\/\/www.elindependiente.com\/economia\/2021\/03\/30\/los-erte-protegieron-a-mas-del-20-de-los-asalariados-en-el-segundo-trimestre-de-2020-muy-por-encima-de-otras-crisis\/\">en ERTE que se alcanz\u00f3 en abril de 2020<\/a>, los trabajadores en ERTE se han reducido en algo m\u00e1s de 3 millones de personas, lo que supone un descenso superior al 83% en valores relativos.<\/p>\n<aside class=\"normal related-news\">\n<article class=\"article\">\n<div class=\"article-container\">\n<div class=\"article-body\">\n<header>\n<h3 class=\"related-title\">\n                                <a rel=\"nofollow noopener\" target=\"_blank\" href=\"https:\/\/www.elindependiente.com\/economia\/2021\/04\/26\/diaz-anuncia-que-el-6-de-mayo-comenzara-la-negociacion-para-prorrogar-los-erte\/\" title=\"D\u00edaz anuncia que el 6 de mayo comenzar\u00e1 la negociaci\u00f3n para prorrogar los ERTE\"><br \/>\n\t\t\t\t\t\t\t\t\tD\u00edaz anuncia que el 6 de mayo comenzar\u00e1 la negociaci\u00f3n para prorrogar los ERTE                                <\/a><br \/>\n                            <\/h3>\n<\/header><\/div><\/div>\n<\/article>\n<\/aside>\n<p>Seg\u00fan Seguridad Social, de los 598.729 trabajadores que estaban en un <strong>ERTE a 11 de mayo <\/strong>de este a\u00f1o 179.931 pertenecen a las \u2018antiguas\u2019 modalidades de ERTE, sin exoneraciones a la Seguridad Social, mientras que el 70% (418.679 trabajadores) est\u00e1n incluidos en las nuevas, las que se pusieron en marcha a partir del 1 de octubre y que conllevan exoneraciones en las cotizaciones a la Seguridad Social.<\/p>\n<p>Dentro de esas nuevas modalidades, 245.543 trabajadores se encuentran en ERTE con exoneraciones especiales para sectores \u2018ultraprotegidos\u2019 y su cadena de valor, mientras que 19.692 se encuentran en un ERTE de impedimento de la actividad y 153.444 en un ERTE de limitaci\u00f3n de actividad.<\/p>\n<h2 id=\"h-hosteler-a-y-hoteles-concentran-casi-la-mitad-de-erte\">Hosteler\u00eda y hoteles concentran casi la mitad de ERTE<\/h2>\n<p>Dos actividades, de las 100 registradas, concentran casi la mitad de las personas en ERTE: servicios de comida y bebidas (<strong>hosteler\u00eda<\/strong>), con 178.465 trabajadores en ERTE, el 20,9% del whole de afiliados de este sector; y servicios de alojamiento, con 100.399 trabajadores en ERTE, el 47,5% del whole de sus afiliados.<\/p>\n<p>En whole, el n\u00famero de trabajadores que figuraban en un ERTE a 11 de mayo representaban el 4,08% del whole de afiliados al R\u00e9gimen Common, sin contar sus sistemas especiales.<\/p>\n<p>Las actividades con mayor porcentaje de<strong> trabajadores en ERTE<\/strong> son las agencias de viaje (61,1% del whole de sus afiliados); los servicios de alojamiento (47,5%), transporte a\u00e9reo (40,7%) y actividades de juegos de azar (30,5%), todas ellas incluidas entre los sectores \u2018ultraprotegidos\u2019 por los ERTE.<\/p>\n<p>En t\u00e9rminos absolutos, la actividad con mayor n\u00famero de trabajadores en ERTE es el servicio de comidas y bebidas (hosteler\u00eda), con m\u00e1s de 178.000 afectados, seguido de los servicios de alojamiento (100.399), del comercio minorista (46.202 empleados), del comercio mayorista (31.239), agencias de viaje (22.803) y actividades deportivas y de entretenimiento (21.961 afectados).<\/p>\n<aside class=\"break-full related-news\">\n<article class=\"article\">\n<div class=\"article-container\">\n<div class=\"article-body\">\n<header>\n<h4 class=\"kicker\">\n\t\t\t\t\t\t\t\t\t                                        <a rel=\"nofollow noopener\" target=\"_blank\" href=\"https:\/\/www.elindependiente.com\/economia\/trabajo\/\" title=\"Trabajo\"><br \/>\n\t\t\t\t\t\t\t\t\t\t\tTrabajo                                        <\/a><br \/>\n\t\t\t\t\t\t\t\t\t                                <\/h4>\n<h3 class=\"related-title\">\n                                <a rel=\"nofollow noopener\" target=\"_blank\" href=\"https:\/\/www.elindependiente.com\/economia\/2021\/03\/27\/el-perfil-del-trabajador-en-erte-es-un-empleado-de-la-hosteleria-varon-de-entre-40-y-50-anos\/\" title=\"El perfil del trabajador en ERTE es un empleado de la hosteler\u00eda, var\u00f3n, de entre 40 y 50 a\u00f1os\"><br \/>\n\t\t\t\t\t\t\t\t\tEl perfil del trabajador en ERTE es un empleado de la hosteler\u00eda, var\u00f3n, de entre 40 y 50 a\u00f1os                                <\/a><br \/>\n                            <\/h3>\n<\/header>\n<div class=\"lead\">\n<p>\n\t\t\t\t\t\t\t\t\tEl perfil de trabajador que se ha visto afectado por un ERTE desde que empez\u00f3 la pandemia del coronavirus es el de un hombre de mediana edad, con un contrato [\u2026]                                <\/p>\n<\/p><\/div><\/div><\/div>\n<\/article>\n<\/aside>\n<\/div>\n<p><script async defer crossorigin=\"anonymous\" src=\"https:\/\/connect.facebook.net\/es_LA\/sdk.js#xfbml=1&#038;version=v9.0&#038;appId=1667940753311310&#038;autoLogAppEvents=1\" nonce=\"YIXPjUVE\"><\/script><br \/>\n<br \/><\/p>\n<p><em> &#8221; Fuentes www.elindependiente.com &#8221; <\/em><\/p>\n","protected":false},"excerpt":{"rendered":"<p>El n\u00famero de trabajadores en expedientes de regulaci\u00f3n temporal de empleo (ERTE) se situ\u00f3 a 11 de mayo en 598.729 personas, lo que supone 42.190 trabajadores menos que a cierre de abril (-6,6%), seg\u00fan ha informado este viernes el Ministerio de Inclusi\u00f3n, Seguridad Social y Migraciones. De este modo, las cifras de trabajadores en ERTE [&hellip;]<\/p>\n","protected":false},"author":4,"featured_media":127394,"comment_status":"open","ping_status":"closed","sticky":false,"template":"","format":"standard","meta":{"om_disable_all_campaigns":false,"jnews-multi-image_gallery":[],"jnews_single_post":[],"jnews_primary_category":[],"jnews_social_meta":[],"footnotes":""},"categories":[40],"tags":[],"class_list":["post-127393","post","type-post","status-publish","format-standard","has-post-thumbnail","hentry","category-industria"],"_links":{"self":[{"href":"https:\/\/dimensionturistica.com\/es\/wp-json\/wp\/v2\/posts\/127393","targetHints":{"allow":["GET"]}}],"collection":[{"href":"https:\/\/dimensionturistica.com\/es\/wp-json\/wp\/v2\/posts"}],"about":[{"href":"https:\/\/dimensionturistica.com\/es\/wp-json\/wp\/v2\/types\/post"}],"author":[{"embeddable":true,"href":"https:\/\/dimensionturistica.com\/es\/wp-json\/wp\/v2\/users\/4"}],"replies":[{"embeddable":true,"href":"https:\/\/dimensionturistica.com\/es\/wp-json\/wp\/v2\/comments?post=127393"}],"version-history":[{"count":0,"href":"https:\/\/dimensionturistica.com\/es\/wp-json\/wp\/v2\/posts\/127393\/revisions"}],"wp:featuredmedia":[{"embeddable":true,"href":"https:\/\/dimensionturistica.com\/es\/wp-json\/wp\/v2\/media\/127394"}],"wp:attachment":[{"href":"https:\/\/dimensionturistica.com\/es\/wp-json\/wp\/v2\/media?parent=127393"}],"wp:term":[{"taxonomy":"category","embeddable":true,"href":"https:\/\/dimensionturistica.com\/es\/wp-json\/wp\/v2\/categories?post=127393"},{"taxonomy":"post_tag","embeddable":true,"href":"https:\/\/dimensionturistica.com\/es\/wp-json\/wp\/v2\/tags?post=127393"}],"curies":[{"name":"wp","href":"https:\/\/api.w.org\/{rel}","templated":true}]}}