{"id":127389,"date":"2021-05-14T17:39:17","date_gmt":"2021-05-14T17:39:17","guid":{"rendered":"https:\/\/dimensionturistica.com\/es\/?p=127389"},"modified":"2021-05-14T17:39:17","modified_gmt":"2021-05-14T17:39:17","slug":"el-turismo-del-imserso-arranca-la-venta-de-viajes-para-jubilados","status":"publish","type":"post","link":"https:\/\/dimensionturistica.com\/es\/el-turismo-del-imserso-arranca-la-venta-de-viajes-para-jubilados\/","title":{"rendered":"El turismo del Imserso arranca la venta de viajes para jubilados"},"content":{"rendered":"<p> <br \/>\n<\/p>\n<div>\n<p>Los <strong>viajes del Imserso<\/strong> programados por el <strong>Gobierno<\/strong> esperan impacientes al mes de septiembre para dar su pistoletazo de salida. Sin embargo, las empresas privadas les han cogido la vez al Gobierno, que han decidido adelantarse y poner a la venta viajes para los mayores en los meses de mayo a septiembre.<\/p>\n<p>En este sentido, la ministra de Industria, Comercio y Turismo, Reyes Maroto, ha insistido en que en septiembre las agencias podr\u00e1n comercializar los viajes del Imserso para viajar a partir de octubre. Pese a ello, a la espera de que se publique el concurso p\u00fablico, parte del sector tur\u00edstico ha decidido adelantarse para empezar a vender los viajes a mayores.<\/p>\n<p>Por este motivo, \u00c1voris Corporaci\u00f3n Empresarial (grupo nacido de la fusi\u00f3n entre Grupo Barcel\u00f3 y Globalia) lanz\u00f3 su programa de turismo senior el pasado 10 de mayo a trav\u00e9s de Mundosenior. En principio, esta oferta aborda los meses de mayo a septiembre, aunque todo parece indicar a que se ampliar\u00e1 m\u00e1s meses.<\/p>\n<p>Sin embargo, este programa llega con pol\u00e9mica, pues Mundosenior cambi\u00f3 su nombre por el de Turismo Social en 2019, un nombre que provoca cierta confusi\u00f3n, pues muchos usuarios pueden llegar a pensar que se trata del verdadero <a rel=\"nofollow noopener\" target=\"_blank\" href=\"https:\/\/www.tododisca.com\/requisitos-viajes-imserso-2021\/\">programa de turismo social del Imserso<\/a>, y cuya diferencia principal es que este \u00faltimo est\u00e1 subvencionado por el Gobierno.<\/p>\n<h2>Viajes del Imserso ajenos al Gobierno<\/h2>\n<p>Al igual que Mundosenior, la agencia Azul Marino tambi\u00e9n se ha<a rel=\"nofollow noopener\" target=\"_blank\" href=\"https:\/\/www.tododisca.com\/los-viajes-del-imserso-podrian-volver-en-octubre-segun-el-ministerio-de-turismo\/\"> adelantado a los viajes del Imserso del Gobierno con m\u00e1s de 5.000 plazas<\/a> para que los mayores de 60 a\u00f1os puedan viajar a partir del mes de junio. De esta manera, est\u00e1n programadas m\u00e1s de 170 salidas a 50 destinos de 25 pa\u00edses.<\/p>\n<figure id=\"attachment_65204\" aria-describedby=\"caption-attachment-65204\" style=\"width: 1140px\" class=\"wp-caption alignnone\"><img decoding=\"async\" loading=\"lazy\" class=\"size-jnews-1140x815 wp-image-65204\" src=\"https:\/\/www.tododisca.com\/wp-content\/uploads\/2021\/04\/Viaje-del-Imserso-turismo-1140x675.jpg\" alt=\"Turismo Imserso\" width=\"1140\" height=\"675\"\/><figcaption id=\"caption-attachment-65204\" class=\"wp-caption-text\">Viajes del Imserso<\/figcaption><\/figure>\n<p>Por otra parte, la Asociaci\u00f3n Cultural de Mayores de Fuenlabrada (Acumafu) tambi\u00e9n ha puesto a la venta 10.000 plazas de viaje destinada a mayores. Las dos primeras convocatorias est\u00e1n previstas para viajar de Madrid a Benidorm y Torremolinos por 150 y 200 euros, respectivamente. En este sentido, el \u00fanico requisito es estar vacunado para viajar.<\/p>\n<p>Adem\u00e1s de estos programas lanzados por agencias privadas, existen otros viajes de empresas como El Corte Ingl\u00e9s que dan la posibilidad de viajar durante todo el a\u00f1o a trav\u00e9s de su programa s\u00e9nior Membership de Vacaciones, entre otras opciones.<\/p>\n<h2 class=\"titular\">Maroto asegura que los pliegos sobre el Imserso est\u00e1n pendientes de actualizaciones<\/h2>\n<p>Ante esta situaci\u00f3n, donde e<a rel=\"nofollow noopener\" target=\"_blank\" href=\"https:\/\/www.tododisca.com\/gobierno-anuncia-vuelta-viajes-imserso\/\">l Gobierno se ha visto adelantado por las empresas privadas<\/a>, la ministra de Industria, Comercio y Turismo, Reyes Maroto, ha asegurado en la presentaci\u00f3n de la feria de turismo Fitur 2021 que el Gobierno est\u00e1 trabajando \u00abintensamente\u00bb sobre los nuevos pliegos del programa de viajes del Imserso que tienen que ser actualizados en funci\u00f3n de las nuevas necesidades sobre seguridad y sobre actualizaci\u00f3n de precios.<\/p>\n<p>\u00abEstamos todav\u00eda en plazo para poder aprobar y llevar al Consejo de Ministros el programa. Estamos trabajando con el Ministerio de Derechos Sociales en una actualizaci\u00f3n del programa tanto en lo referido a la seguridad como a la actualizaci\u00f3n de precios\u00bb, explic\u00f3 la ministra.<\/p>\n<p>Maroto asegur\u00f3 que aunque la mayor\u00eda de los pensionistas estar\u00e1n vacunados en octubre, cuando previsiblemente comiencen todos los viajes, hay que garantizar otros elementos como el management de aforos y los protocolos de seguridad que se van a mantener una vez alcanzada la inmunidad de grupo en verano.<\/p>\n<p>En estos momentos, adem\u00e1s, se mantiene un debate con el sector en lo referido a la actualizaci\u00f3n de precios de estos establecimientos y este es otro de los cambios que probablemente se incorporar\u00e1 a los nuevos pliegos.<\/p>\n<p>\u00abEl cambio en lo referido a la seguridad es el m\u00e1s importante. Tenemos que garantizar ciertos elementos de seguridad para nuestros mayores\u00bb, explic\u00f3 la ministra, quien indic\u00f3 que estos viajes tambi\u00e9n suponen un proceso de desescalada y desestacionalizaci\u00f3n despu\u00e9s de la temporada tur\u00edstica de verano que ayuda a \u00abmantener el volumen de empleo en el sector\u00bb.<\/p>\n<\/p><\/div>\n\n<p><em> &#8221; Fuentes www.tododisca.com &#8221; <\/em><\/p>\n","protected":false},"excerpt":{"rendered":"<p>Los viajes del Imserso programados por el Gobierno esperan impacientes al mes de septiembre para dar su pistoletazo de salida. Sin embargo, las empresas privadas les han cogido la vez al Gobierno, que han decidido adelantarse y poner a la venta viajes para los mayores en los meses de mayo a septiembre. En este sentido, [&hellip;]<\/p>\n","protected":false},"author":4,"featured_media":0,"comment_status":"open","ping_status":"closed","sticky":false,"template":"","format":"standard","meta":{"om_disable_all_campaigns":false,"jnews-multi-image_gallery":[],"jnews_single_post":[],"jnews_primary_category":[],"jnews_social_meta":[],"footnotes":""},"categories":[40],"tags":[],"class_list":["post-127389","post","type-post","status-publish","format-standard","hentry","category-industria"],"_links":{"self":[{"href":"https:\/\/dimensionturistica.com\/es\/wp-json\/wp\/v2\/posts\/127389","targetHints":{"allow":["GET"]}}],"collection":[{"href":"https:\/\/dimensionturistica.com\/es\/wp-json\/wp\/v2\/posts"}],"about":[{"href":"https:\/\/dimensionturistica.com\/es\/wp-json\/wp\/v2\/types\/post"}],"author":[{"embeddable":true,"href":"https:\/\/dimensionturistica.com\/es\/wp-json\/wp\/v2\/users\/4"}],"replies":[{"embeddable":true,"href":"https:\/\/dimensionturistica.com\/es\/wp-json\/wp\/v2\/comments?post=127389"}],"version-history":[{"count":0,"href":"https:\/\/dimensionturistica.com\/es\/wp-json\/wp\/v2\/posts\/127389\/revisions"}],"wp:attachment":[{"href":"https:\/\/dimensionturistica.com\/es\/wp-json\/wp\/v2\/media?parent=127389"}],"wp:term":[{"taxonomy":"category","embeddable":true,"href":"https:\/\/dimensionturistica.com\/es\/wp-json\/wp\/v2\/categories?post=127389"},{"taxonomy":"post_tag","embeddable":true,"href":"https:\/\/dimensionturistica.com\/es\/wp-json\/wp\/v2\/tags?post=127389"}],"curies":[{"name":"wp","href":"https:\/\/api.w.org\/{rel}","templated":true}]}}