{"id":127379,"date":"2021-05-14T17:31:01","date_gmt":"2021-05-14T17:31:01","guid":{"rendered":"https:\/\/dimensionturistica.com\/es\/?p=127379"},"modified":"2021-05-14T17:31:02","modified_gmt":"2021-05-14T17:31:02","slug":"banco-bhd-leon-realiza-feria-virtual-para-impulsar-reactivacion-del-turismo-noticias-de-turismo","status":"publish","type":"post","link":"https:\/\/dimensionturistica.com\/es\/banco-bhd-leon-realiza-feria-virtual-para-impulsar-reactivacion-del-turismo-noticias-de-turismo\/","title":{"rendered":"Banco BHD Le\u00f3n realiza feria virtual para impulsar reactivaci\u00f3n del turismo &#8211; Noticias de turismo"},"content":{"rendered":"<p> <br \/>\n<\/p>\n<div id=\"post-132752\">\n\t<\/p>\n<p>\t  <span class=\"antetitulo\">\u201cConoce m\u00e1s tu pa\u00eds\u201d, charla sobre turismo responsable sostenible <\/span><\/p>\n<p class=\"relacionadosSingle\" style=\"clear:both\">Temas relacionados: <b><a rel=\"nofollow noopener\" target=\"_blank\" href=\"https:\/\/www.arecoa.com\/tag\/banco-bhd-leon\/\">Banco BHD-Le\u00f3n<\/a>, <a rel=\"nofollow noopener\" target=\"_blank\" href=\"https:\/\/www.arecoa.com\/tag\/jorge-besosa\/\">Jorge Besosa<\/a>, <a rel=\"nofollow noopener\" target=\"_blank\" href=\"https:\/\/www.arecoa.com\/tag\/martha-peralta\/\">Martha Peralta<\/a><\/b><\/p>\n<p>\n\t\t<small>14 mayo, 2021<\/small><\/p>\n<p>\t\t<a rel=\"nofollow noopener\" target=\"_blank\" href=\"https:\/\/www.arecoa.com\/banca\/2021\/05\/14\/banco-bhd-leon-realiza-feria-virtual-impulsar-reactivacion-del-turismo\/#respond\" style=\"float:right;\">&#13;<br \/>\n    <img decoding=\"async\" src=\"https:\/\/www.arecoa.com\/wp-content\/themes\/arecoa\/images\/comment.png\" align=\"absmiddle\" \/> Deja un comentario\t\t<\/a>\t<\/p>\n<p>      <!--\n\t  \t\t\t\t  --><\/p>\n<div class=\"post content\">\n<p>El <strong>Banco BHD Le\u00f3n<\/strong> realiz\u00f3 una feria de turismo a trav\u00e9s de sus canales digitales dirigida a sus m\u00e1s de 5,000 empleados con el objetivo de seguir apoyando la reactivaci\u00f3n del turismo interno.<\/p>\n<p><a rel=\"nofollow noopener\" target=\"_blank\" href=\"https:\/\/www.arecoa.com\/wp-content\/uploads\/2020\/09\/turismo.jpg\"><img decoding=\"async\" class=\"alignleft wp-image-121734\" src=\"https:\/\/www.arecoa.com\/wp-content\/uploads\/2020\/09\/turismo.jpg\" alt=\"\" width=\"398\" height=\"175\" srcset=\"https:\/\/www.arecoa.com\/wp-content\/uploads\/2020\/09\/turismo.jpg 1200w, https:\/\/www.arecoa.com\/wp-content\/uploads\/2020\/09\/turismo-300x132.jpg 300w, https:\/\/www.arecoa.com\/wp-content\/uploads\/2020\/09\/turismo-768x339.jpg 768w, https:\/\/www.arecoa.com\/wp-content\/uploads\/2020\/09\/turismo-1024x451.jpg 1024w, https:\/\/www.arecoa.com\/wp-content\/uploads\/2020\/09\/turismo-250x110.jpg 250w, https:\/\/www.arecoa.com\/wp-content\/uploads\/2020\/09\/turismo-423x186.jpg 423w\" sizes=\"(max-width: 398px) 100vw, 398px\" \/><\/a>La feria de turismo \u201cConoce m\u00e1s tu pa\u00eds\u201d promovi\u00f3 virtualmente paquetes y beneficios que fueron ofertados por los propios clientes de la entidad financiera. Participaron dos agencias de viaje y veinticuatro hoteles, todos clientes empresariales del BHD Le\u00f3n.<\/p>\n<p><strong>Martha Peralta<\/strong>, vicepresidenta s\u00e9nior de Gesti\u00f3n del Talento del Banco BHD Le\u00f3n, afirm\u00f3 que \u201cnuestra entidad se caracteriza por tener un enfoque integral para la gesti\u00f3n de negocios y social; esta feria virtual que pusimos a disposici\u00f3n exclusiva de nuestro personal es una forma de contribuir con esa aspiraci\u00f3n y de incentivar a nuestra gente a optar por vacaciones seguras que aporten al desarrollo del pa\u00eds\u201d.<\/p>\n<p>Como parte de la feria, el BHD Le\u00f3n facilit\u00f3 una charla digital a su private sobre turismo responsable sostenible y sobre c\u00f3mo hacer turismo interno seguro en tiempos de Covid-19.<\/p>\n<p>En tanto, el vicepresidente ejecutivo de Banca Corporativa y Empresarial de la entidad bancaria, <strong>Jorge Besosa<\/strong>, dijo que \u201cEsta actividad aporta a la mejora de la econom\u00eda nacional, contribuye con el Plan de Incentivo al Turismo Interno que fue activado el a\u00f1o pasado por las autoridades gubernamentales, en alianza con la banca p\u00fablica y privada del pa\u00eds; y favorece en particular a empresas del sector\u201d.<\/p>\n<p>\u201cEs parte de nuestro compromiso proteger nuestra industria tur\u00edstica trabajando y pensando en unidad para que surjan ideas como la de esta feria, que benefician de forma integral a nuestro personal y a nuestros clientes\u201d, agreg\u00f3.<\/p>\n<p><!-- AddThis Advanced Settings above via filter on the_content --><!-- AddThis Advanced Settings below via filter on the_content --><!-- AddThis Advanced Settings generic via filter on the_content --><!-- AddThis Share Buttons above via filter on the_content --><!-- AddThis Share Buttons below via filter on the_content --><!-- AddThis Share Buttons generic via filter on the_content --><\/div>\n<hr class=\"noCss\" \/><\/div>\n\n<p><em> &#8221; Fuentes www.arecoa.com &#8221; <\/em><\/p>\n","protected":false},"excerpt":{"rendered":"<p>\u201cConoce m\u00e1s tu pa\u00eds\u201d, charla sobre turismo responsable sostenible Temas relacionados: Banco BHD-Le\u00f3n, Jorge Besosa, Martha Peralta 14 mayo, 2021 &#13; Deja un comentario El Banco BHD Le\u00f3n realiz\u00f3 una feria de turismo a trav\u00e9s de sus canales digitales dirigida a sus m\u00e1s de 5,000 empleados con el objetivo de seguir apoyando la reactivaci\u00f3n del [&hellip;]<\/p>\n","protected":false},"author":4,"featured_media":121174,"comment_status":"open","ping_status":"closed","sticky":false,"template":"","format":"standard","meta":{"om_disable_all_campaigns":false,"jnews-multi-image_gallery":[],"jnews_single_post":[],"jnews_primary_category":[],"jnews_social_meta":[],"footnotes":""},"categories":[40],"tags":[],"class_list":["post-127379","post","type-post","status-publish","format-standard","has-post-thumbnail","hentry","category-industria"],"_links":{"self":[{"href":"https:\/\/dimensionturistica.com\/es\/wp-json\/wp\/v2\/posts\/127379","targetHints":{"allow":["GET"]}}],"collection":[{"href":"https:\/\/dimensionturistica.com\/es\/wp-json\/wp\/v2\/posts"}],"about":[{"href":"https:\/\/dimensionturistica.com\/es\/wp-json\/wp\/v2\/types\/post"}],"author":[{"embeddable":true,"href":"https:\/\/dimensionturistica.com\/es\/wp-json\/wp\/v2\/users\/4"}],"replies":[{"embeddable":true,"href":"https:\/\/dimensionturistica.com\/es\/wp-json\/wp\/v2\/comments?post=127379"}],"version-history":[{"count":0,"href":"https:\/\/dimensionturistica.com\/es\/wp-json\/wp\/v2\/posts\/127379\/revisions"}],"wp:featuredmedia":[{"embeddable":true,"href":"https:\/\/dimensionturistica.com\/es\/wp-json\/wp\/v2\/media\/121174"}],"wp:attachment":[{"href":"https:\/\/dimensionturistica.com\/es\/wp-json\/wp\/v2\/media?parent=127379"}],"wp:term":[{"taxonomy":"category","embeddable":true,"href":"https:\/\/dimensionturistica.com\/es\/wp-json\/wp\/v2\/categories?post=127379"},{"taxonomy":"post_tag","embeddable":true,"href":"https:\/\/dimensionturistica.com\/es\/wp-json\/wp\/v2\/tags?post=127379"}],"curies":[{"name":"wp","href":"https:\/\/api.w.org\/{rel}","templated":true}]}}