{"id":127376,"date":"2021-05-14T17:22:49","date_gmt":"2021-05-14T17:22:49","guid":{"rendered":"https:\/\/dimensionturistica.com\/es\/?p=127376"},"modified":"2021-05-14T17:22:49","modified_gmt":"2021-05-14T17:22:49","slug":"la-comunidad-de-madrid-es-el-destino-socio-fitur-2021","status":"publish","type":"post","link":"https:\/\/dimensionturistica.com\/es\/la-comunidad-de-madrid-es-el-destino-socio-fitur-2021\/","title":{"rendered":"La Comunidad de Madrid es el destino SOCIO FITUR 2021"},"content":{"rendered":"<p> <br \/>\n<\/p>\n<div>\n<p>La <strong>Comunidad de Madrid<\/strong> ser\u00e1 el <strong>Destino Tur\u00edstico Socio FITUR 2021<\/strong> en esta edici\u00f3n &#8220;Especial Recuperaci\u00f3n Turismo&#8221;, lo que representa una gran oportunidad y una excelente ocasi\u00f3n para volver a situar a la regi\u00f3n madrile\u00f1a como referente mundial y destino tur\u00edstico preferente para los viajeros internacionales. Y es\u00a0 que la figura de Socio FITUR, establece un amplio campo de actuaci\u00f3n conjunta en los \u00e1mbitos de promoci\u00f3n y comunicaci\u00f3n m\u00e1s significativos de este gran evento de la industria tur\u00edstica\u00a0<\/p>\n<p>As\u00ed, del 19 al 23 de mayo, <strong>IFEMA MADRID<\/strong> volver\u00e1 a reunir a la industria internacional del turismo con la celebraci\u00f3n de este gran encuentro que busca relanzar el turismo a nivel international y\u00a0 que ser\u00e1 la primera gran experiencia de movilidad internacional segura. En esta ocasi\u00f3n singular, la Comunidad de Madrid quiere participar a\u00fan m\u00e1s activamente con FITUR y mostrar al mundo el liderazgo de la regi\u00f3n como motor econ\u00f3mico gracias a la competitividad de su tejido productivo y empresarial,\u00a0 y a un entorno legislativo y pol\u00edtico marcado por la libertad y la seguridad jur\u00eddica.<\/p>\n<p>El sector tur\u00edstico madrile\u00f1o ha demostrado durante este \u00faltimo a\u00f1o &#8211;afectado por la pandemia&#8211; que es adem\u00e1s un ejemplo de solidaridad, colaboraci\u00f3n y adaptaci\u00f3n a las circunstancias sociales y econ\u00f3micas.\u00a0 De ah\u00ed que la administraci\u00f3n regional quiera agradecer una vez m\u00e1s ese esfuerzo con ocasi\u00f3n de FITUR, cuyo stand de la Comunidad de Madrid se concibe como un espacio participativo de los diferentes destinos, productos y empresas tur\u00edsticas madrile\u00f1as.<\/p>\n<h3><strong>Noticias relacionadas:<\/strong><\/h3>\n<h3><strong><a rel=\"nofollow noopener\" target=\"_blank\" href=\"https:\/\/www.caribbeannewsdigital.com\/es\/fitur\/fitur-screen-2021-contara-con-el-patrocinio-de-netflix\" hreflang=\"es\">Fitur Screen 2021 contar\u00e1 con el patrocinio de Netflix<\/a><\/strong><\/h3>\n<h3><strong><a rel=\"nofollow noopener\" target=\"_blank\" href=\"https:\/\/www.caribbeannewsdigital.com\/es\/fitur\/asturias-se-presentara-en-fitur-como-un-destino-de-aventura-y-ecoturismo\" hreflang=\"es\">Asturias se presentar\u00e1 en FITUR como un destino de aventura y ecoturismo<\/a><\/strong><\/h3>\n<h3><strong><a rel=\"nofollow noopener\" target=\"_blank\" href=\"https:\/\/www.caribbeannewsdigital.com\/es\/fitur\/hoteles-de-madrid-afinan-sus-protocolos-de-seguridad-de-cara-fitur\" hreflang=\"es\">Hoteles de Madrid afinan sus protocolos de seguridad de cara a FITUR<\/a><\/strong><\/h3>\n<h2><strong>Nuevos productos tur\u00edsticos e imagen de marca international<\/strong><\/h2>\n<p><strong>FITUR<\/strong> supone tambi\u00e9n un excelente escaparate para dar a conocer el nuevo modelo tur\u00edstico de la Comunidad de Madrid en un contexto cambiante, cada vez m\u00e1s competitivo. Este modelo tur\u00edstico estar\u00e1 encaminado a mantener la competitividad y el liderazgo de la regi\u00f3n madrile\u00f1a y tendr\u00e1 que dar respuesta a las necesidades del sector y adem\u00e1s habr\u00e1 de contribuir a una actividad tur\u00edstica sostenible y digitalizada, todo ello en un entorno que garantice la seguridad a todos los actores implicados.<\/p>\n<p>La <strong>Comunidad de Madrid<\/strong> es consciente de que la competitividad en este nuevo contexto requiere de la creaci\u00f3n de nuevos productos abiertos a diferentes nichos de mercado que ayuden a reactivar el sector m\u00e1s r\u00e1pidamente y de una nueva imagen de marca internacional.\u00a0<\/p>\n<p>Por eso, la Comunidad presentar\u00e1 durante FITUR &#8211;el jueves 20 de mayo a las 12 horas en el escenario principal del stand de la Regi\u00f3n de Madrid\u2014la nueva marca y un nuevo concepto de regi\u00f3n tur\u00edstica internacional, Higher Madrid.\u00a0 Este nuevo nombre permitir\u00e1 que los turistas internacionales entiendan claramente lo que significa la Comunidad de Madrid y que en su acogedor entorno geogr\u00e1fico existe una sorprendente y extensa riqueza patrimonial y de recursos tur\u00edsticos de alta calidad a disposici\u00f3n de los turistas m\u00e1s exigentes.\u00a0\u00a0\u00a0\u00a0\u00a0<\/p>\n<p>Otra de las novedades que se presentar\u00e1n durante la feria, es el nuevo producto tur\u00edstico Vacation spot Weddings, que propone la regi\u00f3n madrile\u00f1a como el destino ultimate donde celebrar experiencias \u00fanicas e inolvidables.<\/p>\n<\/div>\n<p><script>!function(f,b,e,v,n,t,s){if(f.fbq)return;n=f.fbq=function(){n.callMethod?n.callMethod.apply(n,arguments):n.queue.push(arguments)};if(!f._fbq)f._fbq=n;n.push=n;n.loaded=!0;n.version='2.0';n.queue=[];t=b.createElement(e);t.async=!0;t.src=v;s=b.getElementsByTagName(e)[0];s.parentNode.insertBefore(t,s)}(window,document,'script','https:\/\/connect.facebook.net\/en_US\/fbevents.js');fbq('init','1464046990282831',[],{\"agent\":\"pldrupal-8-8.8.6\"});fbq('track','PageView',[]);<\/script><script>!function(f,b,e,v,n,t,s){if(f.fbq)return;n=f.fbq=function(){n.callMethod?n.callMethod.apply(n,arguments):n.queue.push(arguments)};if(!f._fbq)f._fbq=n;n.push=n;n.loaded=!0;n.version='2.0';n.queue=[];t=b.createElement(e);t.async=!0;t.src=v;s=b.getElementsByTagName(e)[0];s.parentNode.insertBefore(t,s)}(window,document,'script','https:\/\/connect.facebook.net\/en_US\/fbevents.js');fbq('init','1464046990282831');fbq('track','PageView');<\/script><br \/>\n<br \/><\/p>\n<p><em> &#8221; Fuentes www.caribbeannewsdigital.com &#8221; <\/em><\/p>\n","protected":false},"excerpt":{"rendered":"<p>La Comunidad de Madrid ser\u00e1 el Destino Tur\u00edstico Socio FITUR 2021 en esta edici\u00f3n &#8220;Especial Recuperaci\u00f3n Turismo&#8221;, lo que representa una gran oportunidad y una excelente ocasi\u00f3n para volver a situar a la regi\u00f3n madrile\u00f1a como referente mundial y destino tur\u00edstico preferente para los viajeros internacionales. Y es\u00a0 que la figura de Socio FITUR, establece [&hellip;]<\/p>\n","protected":false},"author":4,"featured_media":0,"comment_status":"open","ping_status":"closed","sticky":false,"template":"","format":"standard","meta":{"om_disable_all_campaigns":false,"jnews-multi-image_gallery":[],"jnews_single_post":[],"jnews_primary_category":[],"jnews_social_meta":[],"footnotes":""},"categories":[40],"tags":[],"class_list":["post-127376","post","type-post","status-publish","format-standard","hentry","category-industria"],"_links":{"self":[{"href":"https:\/\/dimensionturistica.com\/es\/wp-json\/wp\/v2\/posts\/127376","targetHints":{"allow":["GET"]}}],"collection":[{"href":"https:\/\/dimensionturistica.com\/es\/wp-json\/wp\/v2\/posts"}],"about":[{"href":"https:\/\/dimensionturistica.com\/es\/wp-json\/wp\/v2\/types\/post"}],"author":[{"embeddable":true,"href":"https:\/\/dimensionturistica.com\/es\/wp-json\/wp\/v2\/users\/4"}],"replies":[{"embeddable":true,"href":"https:\/\/dimensionturistica.com\/es\/wp-json\/wp\/v2\/comments?post=127376"}],"version-history":[{"count":0,"href":"https:\/\/dimensionturistica.com\/es\/wp-json\/wp\/v2\/posts\/127376\/revisions"}],"wp:attachment":[{"href":"https:\/\/dimensionturistica.com\/es\/wp-json\/wp\/v2\/media?parent=127376"}],"wp:term":[{"taxonomy":"category","embeddable":true,"href":"https:\/\/dimensionturistica.com\/es\/wp-json\/wp\/v2\/categories?post=127376"},{"taxonomy":"post_tag","embeddable":true,"href":"https:\/\/dimensionturistica.com\/es\/wp-json\/wp\/v2\/tags?post=127376"}],"curies":[{"name":"wp","href":"https:\/\/api.w.org\/{rel}","templated":true}]}}