{"id":127321,"date":"2021-05-14T15:34:44","date_gmt":"2021-05-14T15:34:44","guid":{"rendered":"https:\/\/dimensionturistica.com\/es\/?p=127321"},"modified":"2021-05-14T15:34:45","modified_gmt":"2021-05-14T15:34:45","slug":"llego-la-semana-de-fitur-la-gran-apuesta-para-la-recuperacion-del-turismo","status":"publish","type":"post","link":"https:\/\/dimensionturistica.com\/es\/llego-la-semana-de-fitur-la-gran-apuesta-para-la-recuperacion-del-turismo\/","title":{"rendered":"Lleg\u00f3 la semana de FITUR, la gran apuesta para la recuperaci\u00f3n del turismo"},"content":{"rendered":"<p> <br \/>\n<\/p>\n<div>\n<p>Esta semana que comienza, entre los d\u00edas 19 y 23 de mayo, <strong>IFEMA MADRID<\/strong> organiza la que ser\u00e1 la primera feria presencial del circuito internacional de grandes eventos de la industria del turismo, <strong>FITUR 2021 &#8220;Especial Recuperaci\u00f3n Turismo&#8221;<\/strong>.\u00a0<\/p>\n<p>Se trata de una edici\u00f3n que pone el foco en la reactivaci\u00f3n de un sector estrat\u00e9gico para la econom\u00eda y, muy especialmente, para nuestro pa\u00eds, uno de los m\u00e1s competitivos del mundo en materia de turismo, seg\u00fan el Foro Econ\u00f3mico Mundial, y donde la contribuci\u00f3n de esta industria ha llegado a representar en 2019, en t\u00e9rminos de empleo y PIB, cerca del 13%.<\/p>\n<p>De esta manera, el pr\u00f3ximo mi\u00e9rcoles 19 abrir\u00e1 sus puertas FITUR 2021\u00a0 a los distintos miembros de la comunidad tur\u00edstica\u00a0 internacional que representan a toda la cadena de valor del sector en cuanto a la oferta y\u00a0 la demanda.\u00a0<\/p>\n<p>As\u00ed estar\u00e1n presentes en esta edici\u00f3n cr\u00edtica para la recuperaci\u00f3n del turismo, tanto destinos, como los sectores de transporte, alojativo, soluciones y servicios para esta industria, as\u00ed como el sector de la intermediaci\u00f3n, agentes de viajes y touroperadores, atendiendo tambi\u00e9n a todos los segmentos que act\u00faan como dinamizadores de esta actividad, con el reto de ofrecer un escenario para la reactivaci\u00f3n y el esperado\u00a0 re-encuentro\u00a0 profesional.<\/p>\n<h4><strong>Noticias relacionadas:<\/strong><\/h4>\n<h4><strong><a rel=\"nofollow noopener\" target=\"_blank\" href=\"https:\/\/www.caribbeannewsdigital.com\/es\/fitur\/fitur-health-se-centra-en-la-promocion-del-turismo-de-salud-en-espana\" hreflang=\"es\">FITUR HEALTH se centra en la promoci\u00f3n del turismo de salud en Espa\u00f1a<\/a><\/strong><\/h4>\n<h4><strong><a rel=\"nofollow noopener\" target=\"_blank\" href=\"https:\/\/www.caribbeannewsdigital.com\/es\/turismo\/mas-de-100-participantes-de-21-paises-se-reuniran-en-fitur-mice\" hreflang=\"es\">M\u00e1s de 100 participantes de 21 pa\u00edses se reunir\u00e1n en FITUR MICE<\/a><\/strong><\/h4>\n<h4><strong><a rel=\"nofollow noopener\" target=\"_blank\" href=\"https:\/\/www.caribbeannewsdigital.com\/es\/fitur\/la-comunidad-de-madrid-es-el-destino-socio-fitur-2021\" hreflang=\"es\">La Comunidad de Madrid es el destino SOCIO FITUR 2021<\/a><\/strong><\/h4>\n<h4><strong><a rel=\"nofollow noopener\" target=\"_blank\" href=\"https:\/\/www.caribbeannewsdigital.com\/es\/fitur\/fitur-2021-una-edicion-especial-para-recuperar-el-turismo\" hreflang=\"es\">FITUR 2021, una edici\u00f3n especial para recuperar el turismo<\/a><\/strong><\/h4>\n<p>El importante apoyo institucional recibido por la Feria, desde el <strong>Ministerio de Industria, Comercio y Turismo<\/strong>,\u00a0 hasta la Comunidad de Madrid\u00a0 pasando por entidades internacionales como la <strong>Organizaci\u00f3n Mundial del Turismo (OMT)<\/strong>, en la que\u00a0 FITUR preside la Junta Directiva de sus miembros afiliados, as\u00ed como el conjunto de las Comunidades Aut\u00f3nomas espa\u00f1olas, empresas, pa\u00edses y destinos, ha sido basic para poner en marcha esa edici\u00f3n que tiene el objetivo de marcar un punto de inflexi\u00f3n para relanzar el turismo a nivel international, contribuir a reforzar el turismo de negocios, as\u00ed como impulsar la imagen de Madrid y de Espa\u00f1a como\u00a0 grandes prescriptores\u00a0 y\u00a0 destinos de turismo seguro.<\/p>\n<p>Precisamente, FITUR va a ser, tambi\u00e9n, la primera experiencia de movilidad internacional segura tras muchos meses de restricciones, una medida extraordinaria a la que ha contribuido el Gobierno de Espa\u00f1a considerando la asistencia a FITUR como &#8220;viaje esencial&#8221;\u00a0 y\u00a0 facilitando la presencia de expositores y visitantes internacionales en la capital espa\u00f1ola. El respaldo\u00a0 del Gobierno a FITUR\u00a0 tambi\u00e9n tiene su reconocimiento en la declaraci\u00f3n de FITUR &#8220;Especial Recuperaci\u00f3n Turismo&#8221; como Acontecimiento de Excepcional Inter\u00e9s P\u00fablico, recogido en los Presupuestos Generales del Estado para 2021, y que con\u00a0 una vigencia de tres a\u00f1os, ser\u00e1 un instrumento de especial apoyo por los beneficios que conlleva, y por el impulso que ejercer\u00e1 en la revitalizaci\u00f3n de la industria y de la imagen tur\u00edstica de Espa\u00f1a<\/p>\n<p>A ello se suma el estricto protocolo desarrollado por IFEMA MADRID que cuenta con\u00a0 hasta cuatro certificaciones nacionales e internacionales, y\u00a0 que contempla todas las medidas necesarias para ordenar el flujo de asistentes y su movilidad; establecer los controles de aforo, las distancias de seguridad, la eliminaci\u00f3n de contacto directo mediante el registro digital, y la incorporaci\u00f3n de las \u00faltimas tecnolog\u00edas para la seguridad sanitaria y el conteo de asistentes, y muy especialmente para la renovaci\u00f3n del aire en pabellones.\u00a0<\/p>\n<p>Para las jornadas profesionales se a\u00f1ade una medida adicional que es la exigencia de prueba Covid negativa. adem\u00e1s de la obligatoriedad de las pruebas PCR en origen y los check r\u00e1pidos in situ.<\/p>\n<p><img decoding=\"async\" alt=\"FITUR 2021\" data-entity-type=\"file\" data-entity-uuid=\"359691b4-4b43-4af8-b5ee-82bb2cd7cc06\" src=\"https:\/\/www.caribbeannewsdigital.com\/sites\/default\/files\/inline-images\/xFitur-2021.jpg.pagespeed.ic.rF7MwWTzUv.jpg\" class=\"align-center\" data-pagespeed-url-hash=\"2242927569\" onload=\"pagespeed.CriticalImages.checkImageForCriticality(this);\"\/><\/p>\n<p>\u00a0<\/p>\n<\/div>\n<p><script>!function(f,b,e,v,n,t,s){if(f.fbq)return;n=f.fbq=function(){n.callMethod?n.callMethod.apply(n,arguments):n.queue.push(arguments)};if(!f._fbq)f._fbq=n;n.push=n;n.loaded=!0;n.version='2.0';n.queue=[];t=b.createElement(e);t.async=!0;t.src=v;s=b.getElementsByTagName(e)[0];s.parentNode.insertBefore(t,s)}(window,document,'script','https:\/\/connect.facebook.net\/en_US\/fbevents.js');fbq('init','1464046990282831',[],{\"agent\":\"pldrupal-8-8.8.6\"});fbq('track','PageView',[]);<\/script><script>!function(f,b,e,v,n,t,s){if(f.fbq)return;n=f.fbq=function(){n.callMethod?n.callMethod.apply(n,arguments):n.queue.push(arguments)};if(!f._fbq)f._fbq=n;n.push=n;n.loaded=!0;n.version='2.0';n.queue=[];t=b.createElement(e);t.async=!0;t.src=v;s=b.getElementsByTagName(e)[0];s.parentNode.insertBefore(t,s)}(window,document,'script','https:\/\/connect.facebook.net\/en_US\/fbevents.js');fbq('init','1464046990282831');fbq('track','PageView');<\/script><br \/>\n<br \/><\/p>\n<p><em> &#8221; Fuentes www.caribbeannewsdigital.com &#8221; <\/em><\/p>\n","protected":false},"excerpt":{"rendered":"<p>Esta semana que comienza, entre los d\u00edas 19 y 23 de mayo, IFEMA MADRID organiza la que ser\u00e1 la primera feria presencial del circuito internacional de grandes eventos de la industria del turismo, FITUR 2021 &#8220;Especial Recuperaci\u00f3n Turismo&#8221;.\u00a0 Se trata de una edici\u00f3n que pone el foco en la reactivaci\u00f3n de un sector estrat\u00e9gico para [&hellip;]<\/p>\n","protected":false},"author":4,"featured_media":127322,"comment_status":"open","ping_status":"closed","sticky":false,"template":"","format":"standard","meta":{"om_disable_all_campaigns":false,"jnews-multi-image_gallery":[],"jnews_single_post":[],"jnews_primary_category":[],"jnews_social_meta":[],"footnotes":""},"categories":[40],"tags":[],"class_list":["post-127321","post","type-post","status-publish","format-standard","has-post-thumbnail","hentry","category-industria"],"_links":{"self":[{"href":"https:\/\/dimensionturistica.com\/es\/wp-json\/wp\/v2\/posts\/127321","targetHints":{"allow":["GET"]}}],"collection":[{"href":"https:\/\/dimensionturistica.com\/es\/wp-json\/wp\/v2\/posts"}],"about":[{"href":"https:\/\/dimensionturistica.com\/es\/wp-json\/wp\/v2\/types\/post"}],"author":[{"embeddable":true,"href":"https:\/\/dimensionturistica.com\/es\/wp-json\/wp\/v2\/users\/4"}],"replies":[{"embeddable":true,"href":"https:\/\/dimensionturistica.com\/es\/wp-json\/wp\/v2\/comments?post=127321"}],"version-history":[{"count":0,"href":"https:\/\/dimensionturistica.com\/es\/wp-json\/wp\/v2\/posts\/127321\/revisions"}],"wp:featuredmedia":[{"embeddable":true,"href":"https:\/\/dimensionturistica.com\/es\/wp-json\/wp\/v2\/media\/127322"}],"wp:attachment":[{"href":"https:\/\/dimensionturistica.com\/es\/wp-json\/wp\/v2\/media?parent=127321"}],"wp:term":[{"taxonomy":"category","embeddable":true,"href":"https:\/\/dimensionturistica.com\/es\/wp-json\/wp\/v2\/categories?post=127321"},{"taxonomy":"post_tag","embeddable":true,"href":"https:\/\/dimensionturistica.com\/es\/wp-json\/wp\/v2\/tags?post=127321"}],"curies":[{"name":"wp","href":"https:\/\/api.w.org\/{rel}","templated":true}]}}