{"id":127239,"date":"2021-05-14T13:47:16","date_gmt":"2021-05-14T13:47:16","guid":{"rendered":"https:\/\/dimensionturistica.com\/es\/?p=127239"},"modified":"2021-05-14T13:47:16","modified_gmt":"2021-05-14T13:47:16","slug":"el-covid-modifica-los-factores-para-decidir-donde-viajar-en-2021","status":"publish","type":"post","link":"https:\/\/dimensionturistica.com\/es\/el-covid-modifica-los-factores-para-decidir-donde-viajar-en-2021\/","title":{"rendered":"El Covid modifica los factores para decidir d\u00f3nde viajar en 2021"},"content":{"rendered":"<p> <br \/>\n<\/p>\n<div>\n<p class=\"text-align-justify\"><span><span><span><span><span><span><img decoding=\"async\" alt=\"\" class=\"img-responsive\" height=\"640\" src=\"https:\/\/www.expreso.info\/files\/2021-05\/Quehoteles_Covid.jpg\" width=\"1152\"\/>\u2018En 2021 los turistas ser\u00e1n mucho m\u00e1s exigentes a la hora de seleccionar el destino para sus vacaciones y el establecimiento donde alojarse\u2019, seg\u00fan un estudio realizado por Quehoteles.\u00a0 <\/span><\/span><\/span><\/span><\/span><\/span><\/p>\n<p class=\"text-align-justify\"><span><span><span><span><span><span>La OTA <a rel=\"nofollow noopener\" target=\"_blank\" href=\"https:\/\/www.quehoteles.com\/\">Quehoteles.com<\/a> ha realizado un estudio sobre los aspectos m\u00e1s importantes para los turistas a la hora de viajar en \u00e9poca de Coronavirus, del que han extra\u00eddo las siguientes conclusiones.<\/span><\/span><\/span><\/span><\/span><\/span><\/p>\n<p class=\"text-align-justify\"><span><span><span><span><span><span>En 2021 los turistas ser\u00e1n mucho m\u00e1s exigentes a la hora de seleccionar el destino para sus vacaciones y el establecimiento donde alojarse. Los viajes estar\u00e1n supeditados a varias circunstancias como el poder adquisitivo de muchas familias inmersas en Ertes desde hace meses, la obligatoriedad de hacer cuarentenas tras el viaje y el calendario de vacunaci\u00f3n.<\/span><\/span><\/span><\/span><\/span><\/span><\/p>\n<p class=\"text-align-justify\"><span><span><span><span><span><span>Estos son los factores que afectar\u00e1n a la decisi\u00f3n de d\u00f3nde viajar:<\/span><\/span><\/span><\/span><\/span><\/span><\/p>\n<p class=\"text-align-justify\"><span style=\"color:#ff0000;\"><strong>Elecci\u00f3n del destino<\/strong><\/span><\/p>\n<p class=\"text-align-justify\"><span><span><span><span><span><span>La tendencia ir\u00e1 encaminada a decantarse por destinos cercanos al lugar de residencia y con una incidencia de casos COVID por debajo de la media.<\/span><\/span><\/span><\/span><\/span><\/span><\/p>\n<p class=\"text-align-justify\"><span style=\"color:#ff0000;\"><strong>Protocolos de higiene y seguridad en el destino<\/strong><\/span><\/p>\n<p class=\"text-align-justify\"><span><span><span><span><span><span>La seguridad ser\u00e1 un elemento determinante a la hora de seleccionar tanto el destino, como el transporte. Los turistas valorar\u00e1n de forma muy positiva los destinos vacacionales seguros y poco masificados.<\/span><\/span><\/span><\/span><\/span><\/span><\/p>\n<p class=\"text-align-justify\"><span style=\"color:#ff0000;\"><strong>Protocolos de seguridad en los hoteles y apartamentos<\/strong><\/span><\/p>\n<p class=\"text-align-justify\"><span><span><span><span><span><span>Un issue de gran relevancia a la hora de decantarse por un tipo de viaje u otro ser\u00e1 la seguridad en los establecimientos tur\u00edsticos. Los establecimientos hoteleros han hecho un gran esfuerzo para garantizar la seguridad de sus hu\u00e9spedes implantando protocolos de seguridad e higiene, como eliminaci\u00f3n de buffet pasando a servicio de restauraci\u00f3n a la carta, l\u00edquido hidroalcoh\u00f3lico en zonas comunes, obligatoriedad del uso de mascarillas, distancia de seguridad entre hamacas en las piscinas, and many others. <\/span><\/span><\/span><\/span><\/span><\/span><\/p>\n<p class=\"text-align-justify\"><span><span><span><span><span><span>Desempe\u00f1ar\u00e1n un papel muy importante los hoteles en todo incluido, ya que permitir\u00e1n a los viajeros tener una experiencia de viaje completa sin mantener mucho contacto con los habitantes de esa zona. <\/span><\/span><\/span><\/span><\/span><\/span><\/p>\n<p class=\"text-align-justify\"><span><span><span><span><span><span>Las reservas de apartamentos aumentar\u00e1n, ya que ofrecen la independencia, que muchos turistas buscan en estos momentos. Quehoteles.com indica \u2018un 30% de las reservas confirmadas en nuestro portal para este verano son para hoteles en todo incluido y un 20 % para establecimientos hoteleros de tipo apartahotel o apartamentos\u2019.<\/span><\/span><\/span><\/span><\/span><\/span><\/p>\n<p class=\"text-align-justify\"><span style=\"color:#ff0000;\"><strong>Condiciones de las reservas<\/strong><\/span><\/p>\n<p class=\"text-align-justify\"><span><span><span><span><span><span>El coste de los viajes ser\u00e1 determinante en el proceso de elecci\u00f3n de un destino o un establecimiento hotelero. Aunque tomar\u00e1n gran relevancia otros elementos como la flexibilidad de cancelaci\u00f3n de reservas, issue muy importante para los turistas a la hora de reservar un viaje, y la contrataci\u00f3n de seguros de viajes. <\/span><\/span><\/span><\/span><\/span><\/span><\/p>\n<p class=\"text-align-justify\"><span><span><span><span><span><span>En este \u00faltimo punto, la compra de seguros de cancelaci\u00f3n ha sufrido un enorme descenso, ya que han aumentado mucho las reservas reembolsables, y ha crecido la adquisici\u00f3n de seguros con coberturas Covid. <\/span><\/span><\/span><\/span><\/span><\/span><\/p>\n<p class=\"text-align-justify\"><span><span><span><span><span><span>Quehoteles.com comenta \u2018la compra de seguros de viaje en el primer trimestre de 2021, junto a la reserva de hotel, ha ca\u00eddo un 85 % en nuestro portal con respecto al primer trimestre del 2019, sin embargo ha crecido la contrataci\u00f3n de seguros con coberturas Covid un 60%\u2019.<\/span><\/span><\/span><\/span><\/span><\/span><\/p>\n<p class=\"text-align-justify\"><span style=\"color:#ff0000;\"><strong>Situaci\u00f3n econ\u00f3mica de las familias<\/strong><\/span><\/p>\n<p class=\"text-align-justify\"><span><span><span><span><span><span>El poder adquisitivo de muchas familias se ha visto mermado debido a la situaci\u00f3n, aunque hay sectores que no han padecido la pandemia en lo que se refiere a su econom\u00eda. Quehoteles.com afirma: \u2018el precio medio de las reservas para este verano es similar al precio medio de las reservas que tuvimos en el verano de 2019\u2019.<\/span><\/span><\/span><\/span><\/span><\/span><\/p>\n<p class=\"text-align-justify\"><span><span><span><span><span><span>La obligaci\u00f3n o no de guardar cuarentena en destino antes del regreso. Uno de los puntos claves a la hora de seleccionar el destino para nuestras vacaciones ser\u00e1 la obligaci\u00f3n o no de guardar cuarentena antes de regresar a nuestro lugar de residencia. Ya son muchos los pa\u00edses que han establecido la obligatoriedad de realizarse un check Covid-19 72 horas antes de viajar.<\/span><\/span><\/span><\/span><\/span><\/span><\/p>\n<p class=\"text-align-justify\"><span style=\"color:#ff0000;\"><strong>Estar o no vacunado<\/strong><\/span><\/p>\n<p class=\"text-align-justify\"><span><span><span><span><span><span>Las vacunas ya son una realidad y ser\u00e1n un issue clave a la hora de decidirse a viajar. Es un punto muy importante para muchos espa\u00f1oles y de ello depender\u00e1 que decidan realizar un viaje este verano o aplazarlo.<\/span><\/span><\/span><\/span><\/span><\/span><\/p>\n<p class=\"text-align-justify\"><span style=\"color:#ff0000;\"><strong>Flexibilidad<\/strong><\/span><\/p>\n<p class=\"text-align-justify\"><span><span><span><span><span><span>Como comentamos anteriormente, este es, posiblemente, uno de los principales factores a la hora de reservar un viaje. La incertidumbre causada por la pandemia, y el hecho de no saber con seguridad hasta el \u00faltimo minuto si se podr\u00e1 viajar o no, hacen que los turistas se decanten por tarifas reembolsables. Quehoteles.com afirma \u2018un 99% de las reservas realizadas en nuestra web para verano tienen tarifa flexible, son reembolsables\u2019.<\/span><\/span><\/span><\/span><\/span><\/span><\/p>\n<p class=\"text-align-justify\"><span style=\"color:#ff0000;\"><strong>Antelaci\u00f3n a la hora de reservar<\/strong><\/span><\/p>\n<p class=\"text-align-justify\"><span><span><span><span><span><span>Uno de los datos m\u00e1s interesantes a la hora de analizar el comportamiento de los turistas en 2021 es la antelaci\u00f3n con la que efect\u00faan sus reservas. En Quehoteles.com se\u00f1alan que \u2018en el primer trimestre de 2019 solo un 27 % de las reserva se realizaba de 3 a 6 meses de antelaci\u00f3n y en 2021 estas reservas suponen un 60 % de la venta para este a\u00f1o\u2019.<\/span><\/span><\/span><\/span><\/span><\/span><\/p>\n<p class=\"text-align-justify\"><span><span><span><em><span><span><span>Expreso. Redacci\u00f3n. A.F<\/span><\/span><\/span><\/em><\/span><\/span><\/span><\/p>\n<\/div>\n\n<p><em> &#8221; Fuentes www.expreso.info &#8221; <\/em><\/p>\n","protected":false},"excerpt":{"rendered":"<p>\u2018En 2021 los turistas ser\u00e1n mucho m\u00e1s exigentes a la hora de seleccionar el destino para sus vacaciones y el establecimiento donde alojarse\u2019, seg\u00fan un estudio realizado por Quehoteles.\u00a0 La OTA Quehoteles.com ha realizado un estudio sobre los aspectos m\u00e1s importantes para los turistas a la hora de viajar en \u00e9poca de Coronavirus, del que [&hellip;]<\/p>\n","protected":false},"author":4,"featured_media":127240,"comment_status":"open","ping_status":"closed","sticky":false,"template":"","format":"standard","meta":{"om_disable_all_campaigns":false,"jnews-multi-image_gallery":[],"jnews_single_post":[],"jnews_primary_category":[],"jnews_social_meta":[],"footnotes":""},"categories":[40],"tags":[],"class_list":["post-127239","post","type-post","status-publish","format-standard","has-post-thumbnail","hentry","category-industria"],"_links":{"self":[{"href":"https:\/\/dimensionturistica.com\/es\/wp-json\/wp\/v2\/posts\/127239","targetHints":{"allow":["GET"]}}],"collection":[{"href":"https:\/\/dimensionturistica.com\/es\/wp-json\/wp\/v2\/posts"}],"about":[{"href":"https:\/\/dimensionturistica.com\/es\/wp-json\/wp\/v2\/types\/post"}],"author":[{"embeddable":true,"href":"https:\/\/dimensionturistica.com\/es\/wp-json\/wp\/v2\/users\/4"}],"replies":[{"embeddable":true,"href":"https:\/\/dimensionturistica.com\/es\/wp-json\/wp\/v2\/comments?post=127239"}],"version-history":[{"count":0,"href":"https:\/\/dimensionturistica.com\/es\/wp-json\/wp\/v2\/posts\/127239\/revisions"}],"wp:featuredmedia":[{"embeddable":true,"href":"https:\/\/dimensionturistica.com\/es\/wp-json\/wp\/v2\/media\/127240"}],"wp:attachment":[{"href":"https:\/\/dimensionturistica.com\/es\/wp-json\/wp\/v2\/media?parent=127239"}],"wp:term":[{"taxonomy":"category","embeddable":true,"href":"https:\/\/dimensionturistica.com\/es\/wp-json\/wp\/v2\/categories?post=127239"},{"taxonomy":"post_tag","embeddable":true,"href":"https:\/\/dimensionturistica.com\/es\/wp-json\/wp\/v2\/tags?post=127239"}],"curies":[{"name":"wp","href":"https:\/\/api.w.org\/{rel}","templated":true}]}}