{"id":127233,"date":"2021-05-14T13:39:05","date_gmt":"2021-05-14T13:39:05","guid":{"rendered":"https:\/\/dimensionturistica.com\/es\/?p=127233"},"modified":"2021-05-14T13:39:06","modified_gmt":"2021-05-14T13:39:06","slug":"cancelaciones-de-excursiones-y-viajes-de-turismo-por-temor-a-bloqueos-aumenta-cancelacion-de-excursiones-y-viajes-de-turismo-por-temor-a-bloqueos-cucuta","status":"publish","type":"post","link":"https:\/\/dimensionturistica.com\/es\/cancelaciones-de-excursiones-y-viajes-de-turismo-por-temor-a-bloqueos-aumenta-cancelacion-de-excursiones-y-viajes-de-turismo-por-temor-a-bloqueos-cucuta\/","title":{"rendered":"Cancelaciones de excursiones y viajes de turismo por temor a bloqueos: Aumenta cancelaci\u00f3n de excursiones y viajes de turismo por temor a bloqueos | C\u00facuta"},"content":{"rendered":"<p> <br \/>\n<\/p>\n<div>\n<p>El puente festivo <strong>period una de las alternativas de las agencias de viaje y turismo para tener un respiro ante la disaster que enfrentan por la pandemia, pero la precise situaci\u00f3n del pa\u00eds por el paro nacional<\/strong>, llevo a varios de sus clientes a cancelar a \u00faltima hora sus paquetes tur\u00edsticos.<\/p>\n<p>La situaci\u00f3n afecta <strong>los destinos nacionales y regionales, ante los bloqueos hacia la costa atl\u00e1ntica, principal corredor de movilidad para las empresas<\/strong> que venden desplazamientos terrestres.<\/p>\n<p>Lina Silva, Directora de la Corporaci\u00f3n de Turismo de Norte de Santander dijo que, <strong>\u201cles ha tocado cancelar sus paquetes, debido a todo esto, porque muchas agencias de viajes de aqu\u00ed, tiene programado sus viajes terrestres a diferentes ciudades o sitios tur\u00edsticos de Colombia<\/strong>, a ellos les ha tocado cancelar todos estos paquetes y volverlo a reprogramar\u201d.<\/p>\n<p>Lea tambi\u00e9n:<a rel=\"nofollow noopener\" target=\"_blank\" href=\"https:\/\/caracol.com.co\/emisora\/2021\/05\/14\/cucuta\/1620995974_190922.html\">Caen ventas en varios sectores econ\u00f3micos del \u00e1rea metropolitana<\/a><\/p>\n<p>Las <strong>p\u00e9rdidas son millonarias para operadores tur\u00edsticos, agencias de viajes<\/strong> y hoteles en la regi\u00f3n.<\/p>\n<\/div>\n<p><script>(function(d, s, id) {\n  \t\t\tvar js, fjs = d.getElementsByTagName(s)[0];\n  \t\t\tif (d.getElementById(id)) return;\n  \t\t\tjs = d.createElement(s); js.id = id;\n  \t\t\tjs.src = \"https:\/\/connect.facebook.net\/es_ES\/all.js#xfbml=1&appId=XXXXX\";\n  \t\t\tfjs.parentNode.insertBefore(js, fjs);\n\t\t}(document, 'script', 'facebook-jssdk'));\n\t\t<\/script><script>\n                window.fbAsyncInit = function() {\n\t\t\t\t\tFB.init({\n\t\t\t\t\t\txfbml      : true,\n\t\t\t\t\t\tversion    : 'v2.12'\n\t\t\t\t\t});\n\t\t\t\t};\n                (function(d, s, id){\n\t\t\t\t\tvar js, fjs = d.getElementsByTagName(s)[0];\n\t\t\t\t\tif (d.getElementById(id)) {return;}\n\t\t\t\t\tjs = d.createElement(s); js.id = id;\n\t\t\t\t\tjs.src = \"https:\/\/connect.facebook.net\/en_US\/sdk.js\";\n\t\t\t\t\tfjs.parentNode.insertBefore(js, fjs);\n\t\t\t\t}(document, 'script', 'facebook-jssdk'));\n\t\t\t<\/script><script>\n\twindow.fbAsyncInit = function() {\n\t\tFB.init({\n\t\t\txfbml      : true,\n\t\t\tversion    : 'v2.12'\n\t\t});\n\t};\n\t(function(d, s, id){\n\t\tvar js, fjs = d.getElementsByTagName(s)[0];\n\t\tif (d.getElementById(id)) {return;}\n\t\tjs = d.createElement(s); js.id = id;\n\t\tjs.src = \"https:\/\/connect.facebook.net\/en_US\/sdk.js\";\n\t\tfjs.parentNode.insertBefore(js, fjs);\n\t}(document, 'script', 'facebook-jssdk'));\n<\/script><br \/>\n<br \/><\/p>\n<p><em> &#8221; Fuentes caracol.com.co &#8221; <\/em><\/p>\n","protected":false},"excerpt":{"rendered":"<p>El puente festivo period una de las alternativas de las agencias de viaje y turismo para tener un respiro ante la disaster que enfrentan por la pandemia, pero la precise situaci\u00f3n del pa\u00eds por el paro nacional, llevo a varios de sus clientes a cancelar a \u00faltima hora sus paquetes tur\u00edsticos. La situaci\u00f3n afecta los [&hellip;]<\/p>\n","protected":false},"author":4,"featured_media":127234,"comment_status":"open","ping_status":"closed","sticky":false,"template":"","format":"standard","meta":{"om_disable_all_campaigns":false,"jnews-multi-image_gallery":[],"jnews_single_post":[],"jnews_primary_category":[],"jnews_social_meta":[],"footnotes":""},"categories":[40],"tags":[],"class_list":["post-127233","post","type-post","status-publish","format-standard","has-post-thumbnail","hentry","category-industria"],"_links":{"self":[{"href":"https:\/\/dimensionturistica.com\/es\/wp-json\/wp\/v2\/posts\/127233","targetHints":{"allow":["GET"]}}],"collection":[{"href":"https:\/\/dimensionturistica.com\/es\/wp-json\/wp\/v2\/posts"}],"about":[{"href":"https:\/\/dimensionturistica.com\/es\/wp-json\/wp\/v2\/types\/post"}],"author":[{"embeddable":true,"href":"https:\/\/dimensionturistica.com\/es\/wp-json\/wp\/v2\/users\/4"}],"replies":[{"embeddable":true,"href":"https:\/\/dimensionturistica.com\/es\/wp-json\/wp\/v2\/comments?post=127233"}],"version-history":[{"count":0,"href":"https:\/\/dimensionturistica.com\/es\/wp-json\/wp\/v2\/posts\/127233\/revisions"}],"wp:featuredmedia":[{"embeddable":true,"href":"https:\/\/dimensionturistica.com\/es\/wp-json\/wp\/v2\/media\/127234"}],"wp:attachment":[{"href":"https:\/\/dimensionturistica.com\/es\/wp-json\/wp\/v2\/media?parent=127233"}],"wp:term":[{"taxonomy":"category","embeddable":true,"href":"https:\/\/dimensionturistica.com\/es\/wp-json\/wp\/v2\/categories?post=127233"},{"taxonomy":"post_tag","embeddable":true,"href":"https:\/\/dimensionturistica.com\/es\/wp-json\/wp\/v2\/tags?post=127233"}],"curies":[{"name":"wp","href":"https:\/\/api.w.org\/{rel}","templated":true}]}}