{"id":127220,"date":"2021-05-14T12:44:54","date_gmt":"2021-05-14T12:44:54","guid":{"rendered":"https:\/\/dimensionturistica.com\/es\/?p=127220"},"modified":"2021-05-14T12:44:54","modified_gmt":"2021-05-14T12:44:54","slug":"angel-victor-torres-subraya-que-la-recuperacion-de-la-actividad-turistica-y-economica-depende-de-la-evolucion-de-la-pandemia-y-apela-a-la-responsabilidad","status":"publish","type":"post","link":"https:\/\/dimensionturistica.com\/es\/angel-victor-torres-subraya-que-la-recuperacion-de-la-actividad-turistica-y-economica-depende-de-la-evolucion-de-la-pandemia-y-apela-a-la-responsabilidad\/","title":{"rendered":"\u00c1ngel V\u00edctor Torres subraya que la recuperaci\u00f3n de la actividad tur\u00edstica y econ\u00f3mica depende de la evoluci\u00f3n de la pandemia y apela a la responsabilidad"},"content":{"rendered":"<p> <br \/>\n<\/p>\n<div>\n<div class=\"td-post-featured-image\">\n<figure><a rel=\"nofollow noopener\" target=\"_blank\" href=\"https:\/\/www.gomeranoticias.com\/wp-content\/uploads\/2021\/05\/Angel-Victor-Torres-ord.jpg\" data-caption=\"OLYMPUS DIGITAL CAMERA\"><img decoding=\"async\" width=\"696\" height=\"464\" class=\"entry-thumb td-modal-image\" src=\"https:\/\/www.gomeranoticias.com\/wp-content\/uploads\/2021\/05\/Angel-Victor-Torres-ord-696x464.jpg\" srcset=\"https:\/\/www.gomeranoticias.com\/wp-content\/uploads\/2021\/05\/Angel-Victor-Torres-ord-696x464.jpg 696w, https:\/\/www.gomeranoticias.com\/wp-content\/uploads\/2021\/05\/Angel-Victor-Torres-ord-300x200.jpg 300w, https:\/\/www.gomeranoticias.com\/wp-content\/uploads\/2021\/05\/Angel-Victor-Torres-ord.jpg 1024w, https:\/\/www.gomeranoticias.com\/wp-content\/uploads\/2021\/05\/xAngel-Victor-Torres-ord-1536x1024.jpg.pagespeed.ic.mwCb3MgJME.jpg 1536w, https:\/\/www.gomeranoticias.com\/wp-content\/uploads\/2021\/05\/xAngel-Victor-Torres-ord-2048x1366.jpg.pagespeed.ic.bG5XK24fh4.jpg 2048w, https:\/\/www.gomeranoticias.com\/wp-content\/uploads\/2021\/05\/xAngel-Victor-Torres-ord-1068x712.jpg.pagespeed.ic.FOtzHxifsB.jpg 1068w, https:\/\/www.gomeranoticias.com\/wp-content\/uploads\/2021\/05\/xAngel-Victor-Torres-ord-630x420.jpg.pagespeed.ic.00s-d_-_Vu.jpg 630w\" sizes=\"(max-width: 696px) 100vw, 696px\" alt=\"\" title=\"OLYMPUS DIGITAL CAMERA\"\/><\/a><figcaption class=\"wp-caption-text\">OLYMPUS DIGITAL CAMERA<\/figcaption><\/figure>\n<\/div>\n<p>El presidente de Canarias, \u00c1ngel V\u00edctor Torres, mantuvo en la ma\u00f1ana de este viernes un encuentro digital con los agentes econ\u00f3micos y sociales y las administraciones p\u00fablicas canarias competentes en el sector tur\u00edstico reunidos en el seno del Consejo Canario de Turismo bajo la presidencia de la consejera de Turismo, Industria y Comercio, Yaiza Castilla.<\/p>\n<p>El presidente de Canarias asegur\u00f3 que es un momento importante para el Consejo Canario de Turismo porque \u201csi todo va bien, habr\u00e1 un anuncio del Gobierno alem\u00e1n\u201d de rebajar la calificaci\u00f3n de Canarias en su lista de regiones de riesgo por el coronavirus. \u201cEstamos confiados en que se va a producir en breve, para lo que se est\u00e1 trabajando desde la Consejer\u00eda de Turismo con el Gobierno alem\u00e1n y con la embajada\u201d, a\u00f1adi\u00f3.<\/p>\n<p>\u00c1ngel V\u00edctor Torres se refiri\u00f3 al management de la pandemia, con una Incidencia Acumulada en Canarias por debajo de 50 desde el 28 de abril, y al crecimiento en el ritmo de vacunaci\u00f3n, que son factores determinantes para la recuperaci\u00f3n del turismo. El presidente inform\u00f3 sobre lo abordado en la Junta de Seguridad que convoc\u00f3 en la tarde de este jueves y en la que se acord\u00f3 la m\u00e1xima vigilancia policial durante este fin de semana para evitar botellones y garantizar el cumplimiento de las restricciones.<\/p>\n<p>\u201cVamos a potenciar este fin de semana la vigilancia policial, nos han llegado im\u00e1genes de ayer muy preocupantes, y pido que nos impliquemos todos llamando a la responsabilidad de la sociedad canaria\u201d, agreg\u00f3.<\/p>\n<p>Record\u00f3 que siguen en vigor medidas como la limitaci\u00f3n de personas tanto en espacios p\u00fablicos como privados, que es la medida que Salud P\u00fablica considera essential en el precise escenario y que fue avalada por el Tribunal Superior de Justicia de Canarias, y que el Gobierno de Canarias ya ha presentado este jueves el recurso ante el Tribunal Supremo para que ratifique el cierre perimetral de las islas que se encuentren en nivel 3 y 4.<\/p>\n<p>\u201cRecuperar la actividad tur\u00edstica y econ\u00f3mica depende de la evoluci\u00f3n de la pandemia. Sigamos siendo responsables, no estropeemos el esfuerzo realizado\u201d, subray\u00f3.<\/p>\n<p>Por su parte, la consejera realiz\u00f3 una exposici\u00f3n de las principales acciones que se han puesto en marcha para reactivar la afluencia tur\u00edstica ante un escenario que apunta ya a una vuelta progresiva de los turistas a las Islas, ante los positivos indicadores en torno al management de la pandemia expuestos por el presidente y gracias al avance de la vacunaci\u00f3n de la poblaci\u00f3n europea y siempre y cuando no surjan nuevos imprevistos.<\/p>\n<p>En este sentido, Castilla traslad\u00f3 que conforme al \u00faltimo escenario que se ha dibujado desde el Departamento de Estudios e Investigaci\u00f3n de la empresa P\u00fablica Promotur Turismo de Islas Canarias\u00a0\u00a0para los pr\u00f3ximos meses \u201cse observa un estancamiento de la actividad tur\u00edstica\u00a0\u00a0para el primer semestre de 2021, debido a las causas por todos conocidas, mientras que se espera un mayor dinamismo a medida que aumenta la cobertura de la vacunaci\u00f3n en los principales mercados emisores, puesto que existe una bolsa importante de demanda de viajes reprimida\u201d.<\/p>\n<p>Como escenario concreto para el verano, detall\u00f3 que \u201cen junio esperamos a\u00fan movernos en torno al 25% de la actividad del mismo mes de 2019 y en l\u00ednea ascendente hasta agosto y septiembre, en torno al 40 y 50% de la actividad de esos mismos meses en \u00e9poca precovid y esperando alcanzar en diciembre el 80% de la afluencia de turistas que tuvimos en diciembre de 2019\u201d.<\/p>\n<p>Con todo, la consejera record\u00f3 que se sigue manteniendo la estimaci\u00f3n de una llegada en torno a los 5,1 millones de turistas en 2021, un 10% por encima de 2020, en el que hubo 3 primeros meses muy fuertes). En cualquier caso, \u201ctodav\u00eda estaremos muy por debajo de los registros de los \u00faltimos a\u00f1os, pero a final de a\u00f1o ya se habr\u00e1n sentado las bases para una recuperaci\u00f3n m\u00e1s intensa en 2022\u201d.<\/p>\n<p>Entre las iniciativas en las que se est\u00e1 trabajando desde Turismo de Canarias para la captaci\u00f3n de demanda de cara al verano, Castilla hizo un repaso a las principales medidas como los incentivos a la conectividad a\u00e9rea, para lo que se publicar\u00e1 en breve una nueva convocatoria para las aerol\u00edneas dotado de 2,15 millones de euros y ampliables con nuevos fondos; la campa\u00f1a para captar turismo nacional, con una inversi\u00f3n de 2 millones de euros, y de turismo interno, con 1,1 mill\u00f3n de euros.<\/p>\n<p>Con respecto a la promoci\u00f3n internacional, matiz\u00f3 que, a pesar de las restricciones de movilidad o la obligaci\u00f3n de hacer cuarentenas en muchos pa\u00edses, \u201cno se est\u00e1 descuidando nuestros mercados europeos tradicionales, aunque debemos ser muy prudentes en la comunicaci\u00f3n para evitar desperdiciar impacto\u201d<\/p>\n<p>Aun as\u00ed, dijo que es \u201cimprescindible mantener el contacto de la marca con el consumidor para que nos situemos como una de sus primeras opciones cuando pueda viajar a las Islas con libertad\u201d. Para ello, desde Turismo se trabaja en varias l\u00edneas como la comunicaci\u00f3n en las redes sociales de la marca Islas Canarias en 11 idiomas; se mantiene activo el ecosistema de campa\u00f1as digitales, as\u00ed como una campa\u00f1a convencional bajo el declare \u2018The Warmest Welcome Ever\u2019 para generar notoriedad en aquellos mercados que la situaci\u00f3n lo va permitiendo.<\/p>\n<p>Adem\u00e1s, la titular de Turismo realiz\u00f3 una breve presentaci\u00f3n a los miembros de este \u00f3rgano asesor en materia de Turismo de la renovada plataforma\u00a0<a rel=\"nofollow noopener\" target=\"_blank\" href=\"http:\/\/holaislascanarias.com\/\" data-saferedirecturl=\"https:\/\/www.google.com\/url?q=http:\/\/holaislascanarias.com&amp;source=gmail&amp;ust=1621081784863000&amp;usg=AFQjCNHULGVYOc8W5YSf99Kq0yNq_5gALA\">holaislascanarias.com<\/a>, con la que Canarias se coloca a la vanguardia de la comunicaci\u00f3n y la promoci\u00f3n al emplear la \u00faltima tecnolog\u00eda en la gesti\u00f3n de datos para adaptarse a los intereses de los visitantes de manera individualizada.<\/p>\n<p>Esta versi\u00f3n completamente renovada de la internet se enmarca en la estrategia compartida de transformaci\u00f3n del modelo tur\u00edstico, Canarias Destino, que promueve el Gobierno y que supone el acceso, a trav\u00e9s de la tecnolog\u00eda, de todos los sectores econ\u00f3micos de las Islas a los turistas, permiti\u00e9ndoles a \u00e9stos una experiencia m\u00e1s aut\u00e9ntica y sostenible.<\/p>\n<p>El Consejo Canario de Turismo est\u00e1 integrado, adem\u00e1s de por\u00a0\u00a0los altos cargos de la Consejer\u00eda y de cada uno de los cabildos insulares y de la Federaci\u00f3n Canaria de Municipios, por un representante de la Federaci\u00f3n de Empresarios de Hosteler\u00eda y Turismo de Las Palmas (FEHT), de la Asociaci\u00f3n Hotelera y Extrahotelera de Tenerife, La Palma, La Gomera y El Hierro (Ashotel), la Asociaci\u00f3n de Empresarios Tur\u00edsticos de Fuerteventura (Asofuer), la Asociaci\u00f3n Insular de Empresarios de Hoteles y Apartamentos de Lanzarote (Asolan), la Asociaci\u00f3n de Bares, Cafeter\u00edas y Restaurantes de Las Palmas, la Asociaci\u00f3n de Agencias de Viajes, la Asociaci\u00f3n Empresarial del Sector del Ocio (Fecao), el Colegio Oficial de Profesionales en Turismo de Canarias, la Asociaci\u00f3n Profesional de Gu\u00edas de Turismo, el Centro de Iniciativas Tur\u00edsticas, las c\u00e1maras de Comercio, Industria y Navegaci\u00f3n de Gran Canaria, Santa Cruz de Tenerife, Lanzarote y Fuerteventura, la Federaci\u00f3n Insular de Trabajadores de Comercio, Hosteler\u00eda -Turismo y Juego de UGT Gran Canaria, CC.OO y cuatro miembros vinculados al sector tur\u00edstico libremente designados por el Gobierno de Canarias.<\/p>\n<\/div>\n\n<p><em> &#8221; Fuentes www.gomeranoticias.com &#8221; <\/em><\/p>\n","protected":false},"excerpt":{"rendered":"<p>OLYMPUS DIGITAL CAMERA El presidente de Canarias, \u00c1ngel V\u00edctor Torres, mantuvo en la ma\u00f1ana de este viernes un encuentro digital con los agentes econ\u00f3micos y sociales y las administraciones p\u00fablicas canarias competentes en el sector tur\u00edstico reunidos en el seno del Consejo Canario de Turismo bajo la presidencia de la consejera de Turismo, Industria y [&hellip;]<\/p>\n","protected":false},"author":4,"featured_media":127221,"comment_status":"open","ping_status":"closed","sticky":false,"template":"","format":"standard","meta":{"om_disable_all_campaigns":false,"jnews-multi-image_gallery":[],"jnews_single_post":[],"jnews_primary_category":[],"jnews_social_meta":[],"footnotes":""},"categories":[40],"tags":[],"class_list":["post-127220","post","type-post","status-publish","format-standard","has-post-thumbnail","hentry","category-industria"],"_links":{"self":[{"href":"https:\/\/dimensionturistica.com\/es\/wp-json\/wp\/v2\/posts\/127220","targetHints":{"allow":["GET"]}}],"collection":[{"href":"https:\/\/dimensionturistica.com\/es\/wp-json\/wp\/v2\/posts"}],"about":[{"href":"https:\/\/dimensionturistica.com\/es\/wp-json\/wp\/v2\/types\/post"}],"author":[{"embeddable":true,"href":"https:\/\/dimensionturistica.com\/es\/wp-json\/wp\/v2\/users\/4"}],"replies":[{"embeddable":true,"href":"https:\/\/dimensionturistica.com\/es\/wp-json\/wp\/v2\/comments?post=127220"}],"version-history":[{"count":0,"href":"https:\/\/dimensionturistica.com\/es\/wp-json\/wp\/v2\/posts\/127220\/revisions"}],"wp:featuredmedia":[{"embeddable":true,"href":"https:\/\/dimensionturistica.com\/es\/wp-json\/wp\/v2\/media\/127221"}],"wp:attachment":[{"href":"https:\/\/dimensionturistica.com\/es\/wp-json\/wp\/v2\/media?parent=127220"}],"wp:term":[{"taxonomy":"category","embeddable":true,"href":"https:\/\/dimensionturistica.com\/es\/wp-json\/wp\/v2\/categories?post=127220"},{"taxonomy":"post_tag","embeddable":true,"href":"https:\/\/dimensionturistica.com\/es\/wp-json\/wp\/v2\/tags?post=127220"}],"curies":[{"name":"wp","href":"https:\/\/api.w.org\/{rel}","templated":true}]}}