{"id":127212,"date":"2021-05-14T12:28:24","date_gmt":"2021-05-14T12:28:24","guid":{"rendered":"https:\/\/dimensionturistica.com\/es\/?p=127212"},"modified":"2021-05-14T12:28:24","modified_gmt":"2021-05-14T12:28:24","slug":"en-inmediaciones-de-la-18-poniente-se-da-el-cobro-de-piso-canaco","status":"publish","type":"post","link":"https:\/\/dimensionturistica.com\/es\/en-inmediaciones-de-la-18-poniente-se-da-el-cobro-de-piso-canaco\/","title":{"rendered":"En inmediaciones de la 18 Poniente se da el cobro de piso: Canaco"},"content":{"rendered":"<p> <br \/>\n<\/p>\n<div>\n<p>En calles aleda\u00f1as a la 18 Poniente existe cobro de piso, indic\u00f3 el dirigente de la C\u00e1mara de Comercio, Servicios y Turismo (Canaco Servytur), Marco Antonio Prosperi Calder\u00f3n.<\/p>\n<p>Acot\u00f3 que aunque ninguno de los agremiados a la agrupaci\u00f3n que encabeza ha sido v\u00edctima de ese delito, es sabido que en dicha zona se perpetra.<\/p>\n<p>\u201cNo es un tema generalizado en Puebla, pero desgraciadamente, en ciertas calles ya se dan estos casos, no debemos permitir, no podemos llegar a ese extremo de tener que pagar un derecho de piso a criminales o a grupos que se apoderan de la v\u00eda p\u00fablica. Seguramente es alrededor de las calles aleda\u00f1as al mercado de la 18 poniente\u201d, coment\u00f3.<\/p>\n<p><span class=\"td-adspot-title\">&#8211; Anuncio &#8211;<\/span><\/p>\n<p>Lo anterior luego de que el candidato de la coalici\u00f3n Va por Puebla, Eduardo Rivera P\u00e9rez, sostuviera que esa pr\u00e1ctica fuera de la ley se comete en el Centro Hist\u00f3rico de la capital y tambi\u00e9n en la junta auxiliar de San Pablo Xochimehuacan.<\/p>\n<p>Expuso que a algunos comerciantes establecidos, grupos de delincuentes les cobran una cantidad que var\u00eda dependiendo de la cantidad de mercanc\u00eda que exhiban en las fachadas de los locales.<\/p>\n<p>En otro tema, Marco Antonio Prosperi indic\u00f3 que la econom\u00eda de la entidad ya se va recuperando, debido a que hay una reducci\u00f3n en los contagios de Covid-19, por lo cual en el sem\u00e1foro epidemiol\u00f3gico Puebla ya se encuentra en sem\u00e1foro amarillo.<\/p>\n<p>Indic\u00f3 que eso no significa bajar la guardia, sino seguir con los cuidados mientras contin\u00faa avanzando la vacunaci\u00f3n.<\/p>\n<p>Subray\u00f3 que ha costado trabajo, dinero y sacrificio llegar a este punto, por lo que no debe haber relajamiento social.<\/p>\n<p>\u201cNecesitamos seguir cuid\u00e1ndonos, seguir siendo muy responsables, evitar aglomeraciones, obedecer todo los protocolos. Creo que vamos bien, la econom\u00eda se mueve, estamos recuperando empleo, eso significa que le estamos inyectando efectivo, circulante a nuestra econom\u00eda\u201d.<\/p>\n<p>Previ\u00f3 que dadas las condiciones actuales se espera una reactivaci\u00f3n del turismo para las vacaciones de verano, con lo que hoteles, agencias de viaje, tour operadores, restaurantes y prestadores de servicios podr\u00e1n recuperarse de la baja ocupaci\u00f3n y ventas que han tenido durante m\u00e1s de un a\u00f1o a causa de la epidemia.<\/p>\n<p>El dirigente consider\u00f3 que el aumento se dar\u00e1 principalmente en la llegada de visitantes de la regi\u00f3n y locales, y muy pocos de otros pa\u00edses.<\/p>\n<p>Por todo lo anterior, estim\u00f3 tambi\u00e9n que habr\u00e1 recuperaci\u00f3n de hasta 36 mil empleos formales al finalizar el presente a\u00f1o.<\/p>\n<p>El mi\u00e9rcoles pasado el Instituto Mexicano del Seguro Social (IMSS) dio a conocer la cifra de trabajadores asegurados al mes de abril asciende a 592 mil 577, lo que significa 6 mil 377 m\u00e1s que los 586 mil 200 que hab\u00eda en enero del presente a\u00f1o.<\/p>\n<p><span class=\"td-adspot-title\">&#8211; Anuncio &#8211;<\/span><br \/>\n<!-- 2018_ads_responsive --><\/p>\n<\/div>\n\n<p><em> &#8221; Fuentes www.lajornadadeoriente.com.mx &#8221; <\/em><\/p>\n","protected":false},"excerpt":{"rendered":"<p>En calles aleda\u00f1as a la 18 Poniente existe cobro de piso, indic\u00f3 el dirigente de la C\u00e1mara de Comercio, Servicios y Turismo (Canaco Servytur), Marco Antonio Prosperi Calder\u00f3n. Acot\u00f3 que aunque ninguno de los agremiados a la agrupaci\u00f3n que encabeza ha sido v\u00edctima de ese delito, es sabido que en dicha zona se perpetra. \u201cNo [&hellip;]<\/p>\n","protected":false},"author":4,"featured_media":127213,"comment_status":"open","ping_status":"closed","sticky":false,"template":"","format":"standard","meta":{"om_disable_all_campaigns":false,"jnews-multi-image_gallery":[],"jnews_single_post":[],"jnews_primary_category":[],"jnews_social_meta":[],"footnotes":""},"categories":[40],"tags":[],"class_list":["post-127212","post","type-post","status-publish","format-standard","has-post-thumbnail","hentry","category-industria"],"_links":{"self":[{"href":"https:\/\/dimensionturistica.com\/es\/wp-json\/wp\/v2\/posts\/127212","targetHints":{"allow":["GET"]}}],"collection":[{"href":"https:\/\/dimensionturistica.com\/es\/wp-json\/wp\/v2\/posts"}],"about":[{"href":"https:\/\/dimensionturistica.com\/es\/wp-json\/wp\/v2\/types\/post"}],"author":[{"embeddable":true,"href":"https:\/\/dimensionturistica.com\/es\/wp-json\/wp\/v2\/users\/4"}],"replies":[{"embeddable":true,"href":"https:\/\/dimensionturistica.com\/es\/wp-json\/wp\/v2\/comments?post=127212"}],"version-history":[{"count":0,"href":"https:\/\/dimensionturistica.com\/es\/wp-json\/wp\/v2\/posts\/127212\/revisions"}],"wp:featuredmedia":[{"embeddable":true,"href":"https:\/\/dimensionturistica.com\/es\/wp-json\/wp\/v2\/media\/127213"}],"wp:attachment":[{"href":"https:\/\/dimensionturistica.com\/es\/wp-json\/wp\/v2\/media?parent=127212"}],"wp:term":[{"taxonomy":"category","embeddable":true,"href":"https:\/\/dimensionturistica.com\/es\/wp-json\/wp\/v2\/categories?post=127212"},{"taxonomy":"post_tag","embeddable":true,"href":"https:\/\/dimensionturistica.com\/es\/wp-json\/wp\/v2\/tags?post=127212"}],"curies":[{"name":"wp","href":"https:\/\/api.w.org\/{rel}","templated":true}]}}