{"id":127206,"date":"2021-05-14T12:20:05","date_gmt":"2021-05-14T12:20:05","guid":{"rendered":"https:\/\/dimensionturistica.com\/es\/?p=127206"},"modified":"2021-05-14T12:20:05","modified_gmt":"2021-05-14T12:20:05","slug":"agonico-panorama-para-el-sector-hotelero-del-huila-la-nacion","status":"publish","type":"post","link":"https:\/\/dimensionturistica.com\/es\/agonico-panorama-para-el-sector-hotelero-del-huila-la-nacion\/","title":{"rendered":"Ag\u00f3nico panorama para el sector hotelero del Huila \u2022 La Naci\u00f3n"},"content":{"rendered":"<p> <br \/>\n<\/p>\n<div>\n<p style=\"text-align: center;\"><strong>Las afectaciones en la hoteler\u00eda huilense de tan solo el mes de abril y lo que va corrido de mayo superan los $1.650 millones, inform\u00f3 Cotelco cap\u00edtulo Huila. Desde la Asociaci\u00f3n Colombiana de Agencias de Viaje y Turismo tambi\u00e9n advirtieron que la demanda de servicios ha ca\u00eddo un 65%.<\/strong><\/p>\n<p>\u00a0<\/p>\n<p>Adem\u00e1s de las terribles consecuencias negativas que ha dejado la pandemia de COVID-19, la coyuntura en el marco del paro nacional acent\u00faa a\u00fan m\u00e1s la disaster para el sector turismo.<\/p>\n<p>De acuerdo con el presidente de Cotelco Cap\u00edtulo Huila, Miller Urbano, el panorama para la hoteler\u00eda no es alentador, as\u00ed como ha sucedido con distintos sectores de la econom\u00eda, la industria hotelera ha sido impactada negativamente en primera medida, siendo la misma una de las \u00faltimas\u00a0 proyectadas en reactivarse por la naturaleza del servicio.<\/p>\n<p>Sin embargo, los primeros meses de este a\u00f1o ven\u00eda observ\u00e1ndose una peque\u00f1a reactivaci\u00f3n. El cierre de ocupaci\u00f3n promedio del departamento del Huila durante 2020 fue de un 19% o 20%, mientras que durante los primeros meses de 2021 hasta el 31 de marzo la ocupaci\u00f3n acumulada fue de un 25%.<\/p>\n<p>\u201cLamentablemente el mes de abril demostr\u00f3 comportamiento hacia la baja perdiendo 5 puntos porcentuales, ubicando nuevamente la ocupaci\u00f3n hotelera del Huila en un 20%. Esos 5 puntos porcentuales perdidos representan en cifras nominales dejar de percibir ingresos estimados por cerca de $1.000 millones\u201d.<\/p>\n<p>\u201cPara concluir y con base a esta realidad, los \u00faltimos d\u00edas del mes de mayo evidencian un panorama ag\u00f3nico para los establecimientos de alojamiento; que con una ocupaci\u00f3n promedio con corte del d\u00eda de ayer de un 12% muestran afectaciones econ\u00f3micas que se acercan a los $650 millones, las afectaciones de tan solo el mes de abril y lo que va corrido de mayo superan los $1.650 millones en la hoteler\u00eda huilense\u201d.<\/p>\n<p>El presidente de Cotelco Cap\u00edtulo Huila dej\u00f3 claro que\u00a0 desde el gremio tanto a nivel nacional como regional han expresado ser \u201crespetuosos del derecho que le asiste a la protesta social siempre y cuando esta sea pac\u00edfica y no vaya en contrav\u00eda de otros derechos fundamentales como lo son el derecho a la vida, la salud, la movilidad; m\u00e1xime si esto impacta en el entorno econ\u00f3mico y el desarrollo de la regi\u00f3n\u201d.<\/p>\n<p><strong>Las agencias<\/strong><\/p>\n<p>Desde las agencias de viajes el panorama tambi\u00e9n es cr\u00edtico. Seg\u00fan dio a conocer la Asociaci\u00f3n Colombiana de Agencias de Viaje y Turismo (Anato), la disminuci\u00f3n en las ventas, cancelaciones en las reservas y bloqueos en las carreteras han dificultado que el sector continuara su ritmo luego de su reactivaci\u00f3n pospandemia.<\/p>\n<p>El proceso de recuperaci\u00f3n de las agencias de viajes en el pa\u00eds se ubic\u00f3 en abril en un 35% al compararse con el mismo mes de 2019. Sin embargo, el paro nacional y la situaci\u00f3n de orden p\u00fablico, que inici\u00f3 el 28 de abril, para el 70% de las agencias ha generado una disminuci\u00f3n aproximada del 65% en la demanda de sus servicios respecto al mes de marzo y el 30% restante no pudo comercializar ning\u00fan servicio.<\/p>\n<p>\u201cHab\u00edamos sido fuertemente golpeados por el COVID-19 y hoy, tambi\u00e9n nos preocupan las consecuencias que est\u00e1n trayendo estos hechos violentos en el pa\u00eds. Esto est\u00e1 afectando gravemente a las familias colombianas, al turismo y a las Agencias de Viajes, que de acuerdo con Confec\u00e1maras, el 30% de ellas se han visto obligadas a cerrar\u201d, dijo Paula Cort\u00e9s Calle, presidente ejecutiva de Anato.<\/p>\n<p>Explic\u00f3 que esto agudiza adicionalmente el mercado laboral, pues seg\u00fan cifras del Dane en febrero el pa\u00eds report\u00f3 un desempleo del 14,2%. \u201cQueremos hacer un llamado para que cesen los bloqueos en las diferentes zonas del pa\u00eds y logremos a trav\u00e9s del di\u00e1logo una concertaci\u00f3n para lograr superar esta situaci\u00f3n\u201d, dijo.<\/p>\n<p>Y agreg\u00f3: \u201cdebemos enfocarnos en la construcci\u00f3n de soluciones que beneficien el bien com\u00fan para continuar reactiv\u00e1ndonos como pa\u00eds, superar las adversidades y demostrar que a trav\u00e9s de la uni\u00f3n y las manifestaciones pac\u00edficas se puede luchar conjuntamente en beneficio para todos\u201d.<\/p>\n<p>Hoy el paro nacional en contra de algunas medidas del Gobierno Nacional completa 17 d\u00edas. En Huila las v\u00edas principales contin\u00faan con bloqueos y paso intermitente.<\/p>\n<\/div>\n<p><script>\n\t\t\t\t\twindow.fbAsyncInit = function() {\n\t\t\t\t\t\tFB.init({\n\t\t\t\t\t\t\tappId            : '1499853400045659',\n\t\t\t\t\t\t\tautoLogAppEvents : true,\n\t\t\t\t\t\t\txfbml            : true,\n\t\t\t\t\t\t\tversion          : 'v3.0'\n\t\t\t\t\t\t});\n\t\t\t\t\t\tvar penciCommentCallback = function ( response ) {\n\t\t\t\t\t\t\tjQuery.ajax( {\n\t\t\t\t\t\t\t\t\ttype: 'GET',\n\t\t\t\t\t\t\t\t\tdataType: 'json',\n\t\t\t\t\t\t\t\t\turl: 'https:\/\/www.lanacion.com.co\/wp-admin\/admin-ajax.php',\n\t\t\t\t\t\t\t\t\tdata: {\n\t\t\t\t\t\t\t\t\t\taction: 'penci_clear_fbcomments',\n\t\t\t\t\t\t\t\t\t\tpost_id: ''\n\t\t\t\t\t\t\t\t\t}\n\t\t\t\t\t\t\t\t}\n\t\t\t\t\t\t\t)\n\t\t\t\t\t\t};\n\t\t\t\t\t\tFB.Event.subscribe( 'comment.create', penciCommentCallback );\n\t\t\t\t\t\tFB.Event.subscribe( 'comment.remove', penciCommentCallback );\n\t\t\t\t\t};\n\t\t\t\t\t(function ( d, s, id ) {\n\t\t\t\t\t\t\tvar js, fjs = d.getElementsByTagName( s )[0];\n\t\t\t\t\t\t\tif ( d.getElementById( id ) ) {\n\t\t\t\t\t\t\t\treturn;\n\t\t\t\t\t\t\t}\n\t\t\t\t\t\t\tjs = d.createElement( s );\n\t\t\t\t\t\t\tjs.id = id;\n\t\t\t\t\t\t\tjs.src=\"https:\/\/connect.facebook.net\/en_US\/sdk.js#xfbml=1&version=v3.0&appId=1499853400045659&autoLogAppEvents=1\";\n\t\t\t\t\t\t\tfjs.parentNode.insertBefore( js, fjs );\n\t\t\t\t\t\t\twindow.fbAsyncInit = function () {\n\t\t\t\t\t\t\t\tFB.init( {\n\t\t\t\t\t\t\t\t\tappId: '1499853400045659',\n\t\t\t\t\t\t\t\t\tautoLogAppEvents: true,\n\t\t\t\t\t\t\t\t\txfbml: true,\n\t\t\t\t\t\t\t\t\tversion: 'v3.0'\n\t\t\t\t\t\t\t\t} );\n\t\t\t\t\t\t\t};\n\t\t\t\t\t\t}( document, 'script', 'facebook-jssdk' ));\n\t\t\t\t<\/script><br \/>\n<br \/><\/p>\n<p><em> &#8221; Fuentes www.lanacion.com.co &#8221; <\/em><\/p>\n","protected":false},"excerpt":{"rendered":"<p>Las afectaciones en la hoteler\u00eda huilense de tan solo el mes de abril y lo que va corrido de mayo superan los $1.650 millones, inform\u00f3 Cotelco cap\u00edtulo Huila. Desde la Asociaci\u00f3n Colombiana de Agencias de Viaje y Turismo tambi\u00e9n advirtieron que la demanda de servicios ha ca\u00eddo un 65%. \u00a0 Adem\u00e1s de las terribles consecuencias [&hellip;]<\/p>\n","protected":false},"author":4,"featured_media":127207,"comment_status":"open","ping_status":"closed","sticky":false,"template":"","format":"standard","meta":{"om_disable_all_campaigns":false,"jnews-multi-image_gallery":[],"jnews_single_post":[],"jnews_primary_category":[],"jnews_social_meta":[],"footnotes":""},"categories":[40],"tags":[],"class_list":["post-127206","post","type-post","status-publish","format-standard","has-post-thumbnail","hentry","category-industria"],"_links":{"self":[{"href":"https:\/\/dimensionturistica.com\/es\/wp-json\/wp\/v2\/posts\/127206","targetHints":{"allow":["GET"]}}],"collection":[{"href":"https:\/\/dimensionturistica.com\/es\/wp-json\/wp\/v2\/posts"}],"about":[{"href":"https:\/\/dimensionturistica.com\/es\/wp-json\/wp\/v2\/types\/post"}],"author":[{"embeddable":true,"href":"https:\/\/dimensionturistica.com\/es\/wp-json\/wp\/v2\/users\/4"}],"replies":[{"embeddable":true,"href":"https:\/\/dimensionturistica.com\/es\/wp-json\/wp\/v2\/comments?post=127206"}],"version-history":[{"count":0,"href":"https:\/\/dimensionturistica.com\/es\/wp-json\/wp\/v2\/posts\/127206\/revisions"}],"wp:featuredmedia":[{"embeddable":true,"href":"https:\/\/dimensionturistica.com\/es\/wp-json\/wp\/v2\/media\/127207"}],"wp:attachment":[{"href":"https:\/\/dimensionturistica.com\/es\/wp-json\/wp\/v2\/media?parent=127206"}],"wp:term":[{"taxonomy":"category","embeddable":true,"href":"https:\/\/dimensionturistica.com\/es\/wp-json\/wp\/v2\/categories?post=127206"},{"taxonomy":"post_tag","embeddable":true,"href":"https:\/\/dimensionturistica.com\/es\/wp-json\/wp\/v2\/tags?post=127206"}],"curies":[{"name":"wp","href":"https:\/\/api.w.org\/{rel}","templated":true}]}}