{"id":127187,"date":"2021-05-14T11:39:04","date_gmt":"2021-05-14T11:39:04","guid":{"rendered":"https:\/\/dimensionturistica.com\/es\/?p=127187"},"modified":"2021-05-14T11:39:04","modified_gmt":"2021-05-14T11:39:04","slug":"director-de-amresorts-en-rd-es-inminente-apertura-de-reino-unido-noticias-de-turismo","status":"publish","type":"post","link":"https:\/\/dimensionturistica.com\/es\/director-de-amresorts-en-rd-es-inminente-apertura-de-reino-unido-noticias-de-turismo\/","title":{"rendered":"Director de AMResorts en RD: &#8220;es inminente&#8221; apertura de Reino Unido &#8211; Noticias de turismo"},"content":{"rendered":"<p> <br \/>\n<\/p>\n<div>\n<p><strong>Luis N\u00fa\u00f1ez, <\/strong>director regional comercial de<strong> AMResorts <\/strong>en Rep\u00fablica Dominicana, dijo a<span style=\"color: #000080;\"><em><strong> arecoa.com <\/strong><\/em><\/span>que tras la reapertura de las operaciones tur\u00edsticas en el pa\u00eds\u00a0se debe tener muy buena informaci\u00f3n de cada uno de los mercados emisores (principalmente en los que se espera reapertura) para entender su potencial actual y posibilidad de retorno o producci\u00f3n.<\/p>\n<p>Por ello explic\u00f3 que la apertura de <strong>Reino Unido <\/strong>es\u00a0inminente para mediados de mayo y\u00a0<strong>Canad\u00e1<\/strong> para finales de junio.<\/p>\n<p><a rel=\"nofollow noopener\" target=\"_blank\" href=\"https:\/\/www.arecoa.com\/wp-content\/uploads\/2020\/04\/AMResorts-RD.jpg\"><img decoding=\"async\" class=\"alignleft size-full wp-image-115452\" src=\"https:\/\/www.arecoa.com\/wp-content\/uploads\/2020\/04\/AMResorts-RD.jpg\" alt=\"\" width=\"375\" height=\"200\" srcset=\"https:\/\/www.arecoa.com\/wp-content\/uploads\/2020\/04\/AMResorts-RD.jpg 375w, https:\/\/www.arecoa.com\/wp-content\/uploads\/2020\/04\/AMResorts-RD-300x160.jpg 300w, https:\/\/www.arecoa.com\/wp-content\/uploads\/2020\/04\/AMResorts-RD-250x133.jpg 250w\" sizes=\"(max-width: 375px) 100vw, 375px\" \/><\/a>\u201cTenemos \u201co\u00eddos\u201d en todos los mercados estad\u00edsticamente productivos al destino. Europa tiene mercados ya abiertos y que nos han ayudado much\u00edsimo como: <strong>Alemania, Suiza, Polonia, Ucrania<\/strong> y un hist\u00f3rico y muy relevante, Espa\u00f1a. Mientras que consider\u00f3 que Latinoam\u00e9rica es una inc\u00f3gnita para el pa\u00eds ya que hay demasiadas variables. Al momento tenemos algo de negocio y muchos planes con Colombia y nos mantenemos muy cerca de nuestros clientes y amigos en <strong>Argentina, Chile, Brasil<\/strong>, entre otros\u201d, inform\u00f3.<\/p>\n<p>Indic\u00f3 que como se va teniendo datos de reapertura de cada mercado alterno, la cadena hotelera se adelanta al mismo para asegurar tener los hoteles con el posicionamiento adecuado \u201cy as\u00ed tomar nuestra participaci\u00f3n de mercado\u2026 o un poco m\u00e1s, si es posible\u201d.<\/p>\n<p>En cuanto al enfoque de estrategias para captar los turistas dependiendo del mercado emisor, Nu\u00f1ez dijo que, definitivamente, el enfoque principal es el mercado americano, ya que representa el 70% del turismo que actualmente llega al <strong>aeropuerto de Punta Cana;<\/strong>\u00a0sin embargo, no cesan las iniciativas de la empresa para captar los mercados de UK, Europa, Canad\u00e1 y LATAM.<\/p>\n<p>\u201cBajo esta coyuntura, no podemos dejar de mencionar al mercado local y su relevancia como piedra angular en la recuperaci\u00f3n del sector. A este mercado se le dedic\u00f3 un plan integral de comunicaci\u00f3n, presencia, interacci\u00f3n y finalmente de lanzamiento con ofertas y valores potentes que nos permiti\u00f3 en gran medida la apertura de cada uno de nuestros 11 hoteles. Estamos muy agradecidos tanto con los clientes locales como con todo el gremio, los agentes de viajes y touroperadores\u201d, agreg\u00f3.<\/p>\n<p>El directivo de AMResorts manifest\u00f3 que desde la reapertura en julio 2020 y a ra\u00edz de la transici\u00f3n gubernamental, la evidente cooperaci\u00f3n y el \u00e1nimo de escuchar al sector a trav\u00e9s de Asociaci\u00f3n de Hoteles y Turismo (<strong>Asonahores<\/strong>) y otras entidades, ha logrado que los pasos que ha tomado el Ministerio de Turismo (<strong>Mitur<\/strong>) y la administraci\u00f3n precise sean sumamente positivos y con un amplio espectro intersectorial.<\/p>\n<p>\u201cEsto ha derivado en el \u00e9xito que estamos experimentando en este segundo trimestre y que es el claro resultado de un conjunto de acciones bien pensadas y ejecutadas en el momento correcto\u201d, puntualiz\u00f3.<\/p>\n<p><!-- AddThis Advanced Settings above via filter on the_content --><!-- AddThis Advanced Settings below via filter on the_content --><!-- AddThis Advanced Settings generic via filter on the_content --><!-- AddThis Share Buttons above via filter on the_content --><!-- AddThis Share Buttons below via filter on the_content --><!-- AddThis Share Buttons generic via filter on the_content --><\/div>\n\n<p><em> &#8221; Fuentes www.arecoa.com &#8221; <\/em><\/p>\n","protected":false},"excerpt":{"rendered":"<p>Luis N\u00fa\u00f1ez, director regional comercial de AMResorts en Rep\u00fablica Dominicana, dijo a arecoa.com que tras la reapertura de las operaciones tur\u00edsticas en el pa\u00eds\u00a0se debe tener muy buena informaci\u00f3n de cada uno de los mercados emisores (principalmente en los que se espera reapertura) para entender su potencial actual y posibilidad de retorno o producci\u00f3n. Por [&hellip;]<\/p>\n","protected":false},"author":4,"featured_media":127188,"comment_status":"open","ping_status":"closed","sticky":false,"template":"","format":"standard","meta":{"om_disable_all_campaigns":false,"jnews-multi-image_gallery":[],"jnews_single_post":[],"jnews_primary_category":[],"jnews_social_meta":[],"footnotes":""},"categories":[40],"tags":[],"class_list":["post-127187","post","type-post","status-publish","format-standard","has-post-thumbnail","hentry","category-industria"],"_links":{"self":[{"href":"https:\/\/dimensionturistica.com\/es\/wp-json\/wp\/v2\/posts\/127187","targetHints":{"allow":["GET"]}}],"collection":[{"href":"https:\/\/dimensionturistica.com\/es\/wp-json\/wp\/v2\/posts"}],"about":[{"href":"https:\/\/dimensionturistica.com\/es\/wp-json\/wp\/v2\/types\/post"}],"author":[{"embeddable":true,"href":"https:\/\/dimensionturistica.com\/es\/wp-json\/wp\/v2\/users\/4"}],"replies":[{"embeddable":true,"href":"https:\/\/dimensionturistica.com\/es\/wp-json\/wp\/v2\/comments?post=127187"}],"version-history":[{"count":0,"href":"https:\/\/dimensionturistica.com\/es\/wp-json\/wp\/v2\/posts\/127187\/revisions"}],"wp:featuredmedia":[{"embeddable":true,"href":"https:\/\/dimensionturistica.com\/es\/wp-json\/wp\/v2\/media\/127188"}],"wp:attachment":[{"href":"https:\/\/dimensionturistica.com\/es\/wp-json\/wp\/v2\/media?parent=127187"}],"wp:term":[{"taxonomy":"category","embeddable":true,"href":"https:\/\/dimensionturistica.com\/es\/wp-json\/wp\/v2\/categories?post=127187"},{"taxonomy":"post_tag","embeddable":true,"href":"https:\/\/dimensionturistica.com\/es\/wp-json\/wp\/v2\/tags?post=127187"}],"curies":[{"name":"wp","href":"https:\/\/api.w.org\/{rel}","templated":true}]}}