{"id":127181,"date":"2021-05-14T11:30:50","date_gmt":"2021-05-14T11:30:50","guid":{"rendered":"https:\/\/dimensionturistica.com\/es\/?p=127181"},"modified":"2021-05-14T11:30:50","modified_gmt":"2021-05-14T11:30:50","slug":"los-planes-de-sostenibilidad-turistica-recibiran-mas-de-la-mitad-de-las-ayudas-europeas-al-sector","status":"publish","type":"post","link":"https:\/\/dimensionturistica.com\/es\/los-planes-de-sostenibilidad-turistica-recibiran-mas-de-la-mitad-de-las-ayudas-europeas-al-sector\/","title":{"rendered":"Los planes de sostenibilidad tur\u00edstica recibir\u00e1n m\u00e1s de la mitad de las ayudas europeas al sector"},"content":{"rendered":"<p> <br \/>\n<\/p>\n<div>\n<p>La ministra de Industria, Comercio y Turismo, Reyes Maroto, ha destacado que <strong>los planes de sosteniblidad tur\u00edstica<\/strong> en destino son el &#8220;buque insignia&#8221; de las ayudas europeas al sector, ya que de los 3.400 millones de los que est\u00e1 dotado este plan, 1.923 ir\u00e1n destinados a esa partida.<\/p>\n<p>As\u00ed lo ha manifestado durante el acto de presentaci\u00f3n del <strong>Plan de modernizaci\u00f3n y competitividad del sector tur\u00edstico<\/strong>, incluido dentro del <strong>Plan de Recuperaci\u00f3n, Modernizaci\u00f3n y Resiliencia<\/strong>, donde ha se\u00f1alado que las ayudas<strong> permitir\u00e1n invertir en 165 destinos tur\u00edsticos sostenibles<\/strong>, movilizar\u00e1n <strong>mil proyectos tecnol\u00f3gicos <\/strong>y <strong>3.400 establecimientos con menor consumo energ\u00e9tico<\/strong> y <strong>crear\u00e1n 45 productos tur\u00edsticos<\/strong>.<\/p>\n<p>De los 3.400 millones de euros incluidos en el plan, 1.923 millones ir\u00e1n destinados a <strong>la transformaci\u00f3n hacia la sostenibilidad<\/strong>, 337 millones a<strong> inversi\u00f3n digital e inteligencia<\/strong> en destinos y sectores, 220 millones a <strong>resiliencia para territorios extrapeninsulares<\/strong> y 920 millones a actuaciones especiales para<strong> reforzar la competitividad<\/strong>.<\/p>\n<p>En concreto, para la transformaci\u00f3n del modelo tur\u00edstico hacia la sostenibilidad se realizar\u00e1n inversiones en<strong> transici\u00f3n verde<\/strong>, <strong>sostenible<\/strong>, <strong>eficiencia energ\u00e9tica<\/strong> y <strong>electromovilidad <\/strong>del 35% en 165 destinos, que <strong>beneficiar\u00e1n al 75% de los trabajadores del sector<\/strong> tur\u00edstico, junto a la creaci\u00f3n de un marco com\u00fan estrat\u00e9gico para el conjunto de administraciones p\u00fablicas y sector.<\/p>\n<p>En el apartado digital, se estima que en 2023 los destinos tur\u00edsticos inteligentes dispondr\u00e1n de una plataforma de destino y que todos los subsectores de la cadena de valor tur\u00edstica se habr\u00e1n beneficiado directa e indirectamente de las ayudas a soluciones digitales, adem\u00e1s de constituirse alrededor un <strong>&#8220;industrial data space&#8221; para turismo<\/strong>.<\/p>\n<p>\u00a0<\/p>\n<h2>Resiliencia tur\u00edstica en las islas<\/h2>\n<p>\u00a0<\/p>\n<p>Sobre las estrategias de <strong>resiliencia tur\u00edstica para territorios extrapeninsulares<\/strong>, en 2023 se habr\u00e1n financiado actuaciones con impacto sobre 400 agentes econ\u00f3micos y sociales en los territorios de <strong>Canarias<\/strong>, <strong>Baleares<\/strong>, <strong>Ceuta <\/strong>y <strong>Melilla<\/strong>, mejorando su competitividad y capacidad de adaptaci\u00f3n a los cambios en los mercados internacionales.<\/p>\n<p>En cuanto a la competitividad del sector, las inversiones en este campo desarrollar\u00e1n 45 productos tur\u00edsticos, financiar\u00e1n <strong>proyectos de econom\u00eda round<\/strong> y eficiencia energ\u00e9tica e intervendr\u00e1n en el mantenimiento y <strong>rehabilitaci\u00f3n de bienes de patrimonio hist\u00f3rico<\/strong>, junto con el fortalecimiento en la <strong>competitividad comercial de zonas de especial afluencia tur\u00edstica<\/strong> a trav\u00e9s del uso de las nuevas tecnolog\u00edas y la integraci\u00f3n del comercio en la oferta tur\u00edstica.<\/p>\n<\/p><\/div>\n\n<p><em> &#8221; Fuentes www.ecoavant.com &#8221; <\/em><\/p>\n","protected":false},"excerpt":{"rendered":"<p>La ministra de Industria, Comercio y Turismo, Reyes Maroto, ha destacado que los planes de sosteniblidad tur\u00edstica en destino son el &#8220;buque insignia&#8221; de las ayudas europeas al sector, ya que de los 3.400 millones de los que est\u00e1 dotado este plan, 1.923 ir\u00e1n destinados a esa partida. As\u00ed lo ha manifestado durante el acto [&hellip;]<\/p>\n","protected":false},"author":4,"featured_media":127182,"comment_status":"open","ping_status":"closed","sticky":false,"template":"","format":"standard","meta":{"om_disable_all_campaigns":false,"jnews-multi-image_gallery":[],"jnews_single_post":[],"jnews_primary_category":[],"jnews_social_meta":[],"footnotes":""},"categories":[40],"tags":[],"class_list":["post-127181","post","type-post","status-publish","format-standard","has-post-thumbnail","hentry","category-industria"],"_links":{"self":[{"href":"https:\/\/dimensionturistica.com\/es\/wp-json\/wp\/v2\/posts\/127181","targetHints":{"allow":["GET"]}}],"collection":[{"href":"https:\/\/dimensionturistica.com\/es\/wp-json\/wp\/v2\/posts"}],"about":[{"href":"https:\/\/dimensionturistica.com\/es\/wp-json\/wp\/v2\/types\/post"}],"author":[{"embeddable":true,"href":"https:\/\/dimensionturistica.com\/es\/wp-json\/wp\/v2\/users\/4"}],"replies":[{"embeddable":true,"href":"https:\/\/dimensionturistica.com\/es\/wp-json\/wp\/v2\/comments?post=127181"}],"version-history":[{"count":0,"href":"https:\/\/dimensionturistica.com\/es\/wp-json\/wp\/v2\/posts\/127181\/revisions"}],"wp:featuredmedia":[{"embeddable":true,"href":"https:\/\/dimensionturistica.com\/es\/wp-json\/wp\/v2\/media\/127182"}],"wp:attachment":[{"href":"https:\/\/dimensionturistica.com\/es\/wp-json\/wp\/v2\/media?parent=127181"}],"wp:term":[{"taxonomy":"category","embeddable":true,"href":"https:\/\/dimensionturistica.com\/es\/wp-json\/wp\/v2\/categories?post=127181"},{"taxonomy":"post_tag","embeddable":true,"href":"https:\/\/dimensionturistica.com\/es\/wp-json\/wp\/v2\/tags?post=127181"}],"curies":[{"name":"wp","href":"https:\/\/api.w.org\/{rel}","templated":true}]}}