{"id":127146,"date":"2021-05-14T10:41:29","date_gmt":"2021-05-14T10:41:29","guid":{"rendered":"https:\/\/dimensionturistica.com\/es\/?p=127146"},"modified":"2021-05-14T10:41:29","modified_gmt":"2021-05-14T10:41:29","slug":"economia-turismo-valdes-el-verano-de-2021-va-a-ser-el-verano-de-la-recuperacion","status":"publish","type":"post","link":"https:\/\/dimensionturistica.com\/es\/economia-turismo-valdes-el-verano-de-2021-va-a-ser-el-verano-de-la-recuperacion\/","title":{"rendered":"Econom\u00eda\/Turismo.- Vald\u00e9s: &#8220;El verano de 2021 va a ser el verano de la recuperaci\u00f3n&#8221;"},"content":{"rendered":"<p> <br \/>\n<\/p>\n<div>\n<p>Las Ciudades Patrimonio de la Humanidad y Paradores se unen para relanzar el turismo cultural en Espa\u00f1a<\/p>\n<p>   MADRID, 14 (EUROPA PRESS)<\/p>\n<p>    <amp-ad data-block-on-consent=\"\" width=\"300\" height=\"250\" type=\"smartadserver\" data-call=\"std\" data-site=\"359259\" data-page=\"1264469\" data-format=\"55862\" data-target=\"\" data-domain=\"https:\/\/www8.smartadserver.com\"\/><\/p>\n<p><amp-sticky-ad data-block-on-consent=\"\" layout=\"nodisplay\"><br \/>\n    <amp-ad width=\"320\" height=\"50\" type=\"smartadserver\" data-call=\"std\" data-site=\"359259\" data-page=\"1264469\" data-format=\"55897\" data-target=\"\" data-domain=\"https:\/\/www8.smartadserver.com\"\/><br \/>\n<\/amp-sticky-ad><\/p>\n<p>   El secretario de Estado de Turismo, Fernando Vald\u00e9s, asegur\u00f3 que el verano del 2021 &#8220;ser\u00e1 el verano de la recuperaci\u00f3n tur\u00edstica&#8221;, por lo que abog\u00f3 por impulsar propuestas de &#8220;alto valor&#8221; que logren impulsar el sector a trav\u00e9s de experiencias de calidad en los destacados espacios patrimoniales y sostenibles con los que cuenta Espa\u00f1a.<\/p>\n<p>   Vald\u00e9s, hizo estas declaraciones en marco de la puesta de largo de la alianza entre el Grupo de Ciudades Patrimonio de la Humanidad de Espa\u00f1a (GCPHE) y Paradores que se llev\u00f3 a cabo este jueves en el Museo Nacional Thyssen-Bornemisza y que tiene como principal objetivo relanzar el turismo cultural en Espa\u00f1a.<\/p>\n<p>   Ambas entidades han presentado de forma conjunta esta oferta tur\u00edstica de calidad que pretende ser &#8220;un punto de inflexi\u00f3n&#8221; de cara a la recuperaci\u00f3n del sector tras la apertura de la movilidad entre comunidades.<\/p>\n<p>   &#8220;Esta propuesta llega en un momento excepcional en el que se han anticipado las fechas de reapertura de Espa\u00f1a y en el que la vacunaci\u00f3n avanza a buen ritmo, lo que empieza a consolidar una situaci\u00f3n epidemiol\u00f3gica que nos va a permitir empezar a recibir a los turistas&#8221;, afirm\u00f3 Vald\u00e9s.<\/p>\n<p>   Para Vald\u00e9s, ahora que ha finalizado el estado de alarma y a una semana de que comience Fitur, ha llegado el momento de relanzar el turismo y especialmente el turismo de calidad, &#8220;y eso nadie lo representa tan bien como lo hacen Paradores y Ciudades Patrimonio&#8221;.<\/p>\n<p>   En su opini\u00f3n, este acuerdo supone &#8220;un fant\u00e1stico maridaje&#8221; que une turismo, arte y cultura como se\u00f1a de identidad y propuesta de valor.Por ello, destac\u00f3 el valor estrat\u00e9gico del segmento cultural en el valor de la oferta tur\u00edstica nacional. &#8220;Nuestros competidores lo tienen muy dif\u00edcil porque Espa\u00f1a es cultura y patrimonio en cada rinc\u00f3n&#8221;, zanj\u00f3.<\/p>\n<p>PLAN ESTRAT\u00c9GICO DE PROMOCI\u00d3N CONJUNTA.<\/p>\n<p>   Paradores y el Grupo de Ciudades Patrimonio de la Humanidad han preparado un plan estrat\u00e9gico de promoci\u00f3n conjunta tras la reciente apertura de la movilidad entre comunidades y las 15 Ciudades Patrimonio de la Humanidad de Espa\u00f1a ya est\u00e1n listas para recibir a los turistas.<\/p>\n<p>   As soon as ciudades del grupo (Alcal\u00e1 de Henares, As soon as ciudades del Grupo (Alcal\u00e1 de Henares, \u00c1vila, C\u00e1ceres, C\u00f3rdoba, Cuenca, M\u00e9rida, Salamanca, Santiago de Compostela, Segovia, Toledo y \u00dabeda) cuentan con un Parador de Turismo y est\u00e1 en fase de construcci\u00f3n el Parador de Ibiza, en el castillo de Dalt Vila.<\/p>\n<p>   El presidente del Grupo de Ciudades Patrimonio y alcalde de M\u00e9rida, Antonio Rodr\u00edguez Osuna, explic\u00f3 que esta presentaci\u00f3n forma parte del plan de promoci\u00f3n que llevar\u00e1 su oferta en diferentes presentaciones a nivel europeo.<\/p>\n<p>   As\u00ed, el pr\u00f3ximo 26 de mayo tendr\u00e1 lugar un acto en Par\u00eds con la presencia de la alcaldesa de la ciudad y la ministra de Industria, Comercio y Turismo, Reyes Maroto, entre otras autoridades, para presentar la oferta al mercado galo. Adem\u00e1s, tambi\u00e9n se presentar\u00e1 el pr\u00f3ximo mes de junio en Lisboa, que se suma a la anterior realizada en Sevilla.<\/p>\n<p>   &#8220;Esta alianza con Paradores es clave para la recuperaci\u00f3n del turismo cultural en nuestro pa\u00eds. Nuestras ciudades est\u00e1n ya listas para recibir de nuevo a los visitantes. Las 15 joyas ofrecen lo que el turista est\u00e1 ahora buscando: espacios patrimoniales y sostenibles, actividades culturales y una gastronom\u00eda de primer orden&#8221;, explic\u00f3 el presidente del Grupo.<\/p>\n<p>   &#8220;Nuestras ciudades son museos al aire libre&#8221;, asegur\u00f3 el alcalde de M\u00e9rida, recordando que &#8220;representan lo mejor de la historia de la humanidad&#8221;. Espa\u00f1a es el tercer pa\u00eds del mundo con m\u00e1s lugares Patrimonio de la Humanidad.<\/p>\n<p>   Una opini\u00f3n compartida por el presidente de Paradores, \u00d3scar L\u00f3pez, quien asegur\u00f3 que esta propuesta tiene como objetivo principal relanzar un turismo de calidad y seguro en Espa\u00f1a.<\/p>\n<p>   &#8220;Un turismo basado en la gastronom\u00eda, la cultura el patrimonio, el turismo que queremos todos para Espa\u00f1a&#8221;, sostuvo el directivo remarcando la importancia de la seguridad sanitaria en estos tiempos post-covid, por lo que record\u00f3 que Paradores es la primera cadena de Espa\u00f1a certificada con el sello de turismo seguro frente al Covid por el Instituto de Calidad Tur\u00edstica (ICTE).<\/p>\n<p>MADRID, DESTINO TUR\u00cdSTICO DE REFERENCIA.<\/p>\n<p>   Esta alianza busca atraer a un gran n\u00famero de turistas nacionales e internacionales a visitar las 15 ciudades Patrimonio de la Humanidad de Espa\u00f1a en el segundo semestre del a\u00f1o para reactivar este sector y Madrid es la ciudad que m\u00e1s visitantes env\u00eda a estas 15 ciudades.<\/p>\n<p>   La capital de Espa\u00f1a es considerada un destino tur\u00edstico de referencia con un patrimonio hist\u00f3rico y cultural que dispone de entornos especiales como el paseo del Prado y El Retiro, que aspiran a ser declarados Paisaje de las Artes y de las Ciencias por la UNESCO.El Grupo mostr\u00f3 su apoyo a esta candidatura.<\/p>\n<p>   Durante su intervenci\u00f3n en el acto, el alcalde de Madrid, Jos\u00e9 Luis Mart\u00ednez-Almeida, record\u00f3 que uno de los principales objetivos de la econom\u00eda espa\u00f1ola es la recuperaci\u00f3n del turismo.<\/p>\n<p>   El edil, quien asegur\u00f3 que &#8220;ya se comienza a vislumbrar la recuperaci\u00f3n del sector tur\u00edstico&#8221;, destac\u00f3 la gran importancia del turismo cultural en nuestro pa\u00eds recordando que Espa\u00f1a es el segundo pa\u00eds del mundo con m\u00e1s declaraciones de patrimonio de la humanidad.<\/p>\n<p>   Al acto tambi\u00e9n asistieron los alcaldes de Alcal\u00e1 de Henares, Javier Rodr\u00edguez Palacios; \u00c1vila, Jes\u00fas Manuel S\u00e1nchez Cabrera; C\u00f3rdoba, Jos\u00e9 Mar\u00eda Bellido; Salamanca, Carlos Garc\u00eda Carbayo; Segovia, Clara Luquero, y Toledo, Milagros Tol\u00f3n. En la presentaci\u00f3n tambi\u00e9n han estado presentes la delegada de Cultura, Turismo y Deporte, Andrea Levy, y la concejala delegada de Turismo, Almudena Ma\u00edllo.<\/p>\n<p>   Conducido por la periodista Marta Fern\u00e1ndez, el acto cont\u00f3 como anfitri\u00f3n con el director del Museo Nacional Thyssen-Bornemisza, Evelio Acevedo, y el mismo asistieron representantes de las agencias de viajes, operadores tur\u00edsticos y medios de comunicaci\u00f3n.<\/p>\n<p>    <amp-ad data-block-on-consent=\"\" width=\"300\" height=\"250\" type=\"smartadserver\" data-call=\"std\" data-site=\"359259\" data-page=\"1264469\" data-format=\"55863\" data-target=\"\" data-domain=\"https:\/\/www8.smartadserver.com\"\/>\n    <\/div>\n\n<p><em> &#8221; Fuentes www.bolsamania.com &#8221; <\/em><\/p>\n","protected":false},"excerpt":{"rendered":"<p>Las Ciudades Patrimonio de la Humanidad y Paradores se unen para relanzar el turismo cultural en Espa\u00f1a MADRID, 14 (EUROPA PRESS) El secretario de Estado de Turismo, Fernando Vald\u00e9s, asegur\u00f3 que el verano del 2021 &#8220;ser\u00e1 el verano de la recuperaci\u00f3n tur\u00edstica&#8221;, por lo que abog\u00f3 por impulsar propuestas de &#8220;alto valor&#8221; que logren impulsar [&hellip;]<\/p>\n","protected":false},"author":4,"featured_media":127147,"comment_status":"open","ping_status":"closed","sticky":false,"template":"","format":"standard","meta":{"om_disable_all_campaigns":false,"jnews-multi-image_gallery":[],"jnews_single_post":[],"jnews_primary_category":[],"jnews_social_meta":[],"footnotes":""},"categories":[40],"tags":[],"class_list":["post-127146","post","type-post","status-publish","format-standard","has-post-thumbnail","hentry","category-industria"],"_links":{"self":[{"href":"https:\/\/dimensionturistica.com\/es\/wp-json\/wp\/v2\/posts\/127146","targetHints":{"allow":["GET"]}}],"collection":[{"href":"https:\/\/dimensionturistica.com\/es\/wp-json\/wp\/v2\/posts"}],"about":[{"href":"https:\/\/dimensionturistica.com\/es\/wp-json\/wp\/v2\/types\/post"}],"author":[{"embeddable":true,"href":"https:\/\/dimensionturistica.com\/es\/wp-json\/wp\/v2\/users\/4"}],"replies":[{"embeddable":true,"href":"https:\/\/dimensionturistica.com\/es\/wp-json\/wp\/v2\/comments?post=127146"}],"version-history":[{"count":0,"href":"https:\/\/dimensionturistica.com\/es\/wp-json\/wp\/v2\/posts\/127146\/revisions"}],"wp:featuredmedia":[{"embeddable":true,"href":"https:\/\/dimensionturistica.com\/es\/wp-json\/wp\/v2\/media\/127147"}],"wp:attachment":[{"href":"https:\/\/dimensionturistica.com\/es\/wp-json\/wp\/v2\/media?parent=127146"}],"wp:term":[{"taxonomy":"category","embeddable":true,"href":"https:\/\/dimensionturistica.com\/es\/wp-json\/wp\/v2\/categories?post=127146"},{"taxonomy":"post_tag","embeddable":true,"href":"https:\/\/dimensionturistica.com\/es\/wp-json\/wp\/v2\/tags?post=127146"}],"curies":[{"name":"wp","href":"https:\/\/api.w.org\/{rel}","templated":true}]}}