{"id":127140,"date":"2021-05-14T10:33:10","date_gmt":"2021-05-14T10:33:10","guid":{"rendered":"https:\/\/dimensionturistica.com\/es\/?p=127140"},"modified":"2021-05-14T10:33:11","modified_gmt":"2021-05-14T10:33:11","slug":"los-trabajadores-en-erte-bajan-en-42-190-personas-en-los-11-primeros-dias-de-mayo","status":"publish","type":"post","link":"https:\/\/dimensionturistica.com\/es\/los-trabajadores-en-erte-bajan-en-42-190-personas-en-los-11-primeros-dias-de-mayo\/","title":{"rendered":"Los trabajadores en ERTE bajan en 42.190 personas en los 11 primeros d\u00edas de mayo"},"content":{"rendered":"<p> <br \/>\n<\/p>\n<div>\n<div class=\"articleHeaderBar__sectionDate\">\n<p> <time datetime=\"2021-05-14T12:23:32+02:00\"> <span class=\"dateTime__created\">14\/05\/2021 &#8211; 12:18<\/span>  <span class=\"dateTime__updated\">Actualizado: 14\/05\/2021 &#8211; 12:23<\/span>  <\/time> <\/p>\n<\/p><\/div>\n<aside class=\"articleHeaderBar__sectionShare\">  <\/aside>\n<\/div>\n<div>\n<p> El n\u00famero de trabajadores en <strong><a rel=\"nofollow noopener\" target=\"_blank\" href=\"https:\/\/www.elconfidencial.com\/empresas\/2020-04-02\/erte-coronavirus-que-es-derechos-trabajadores_2481679\/\">expedientes de regulaci\u00f3n temporal de empleo (ERTE)<\/a><\/strong> se situ\u00f3 a 11 de mayo en 598.729 personas, lo que supone 42.190 trabajadores menos que a cierre de abril (-6,6%), seg\u00fan ha informado este viernes el Ministerio de Inclusi\u00f3n, Seguridad Social y Migraciones. <\/p>\n<p> De este modo, las cifras de trabajadores en ERTE <strong>contin\u00faan la tendencia descendente<\/strong> que iniciaron desde el pico de la tercera ola, cuando esta herramienta daba cobertura a casi 980.000 trabajadores. <\/p>\n<p> En comparaci\u00f3n con el m\u00e1ximo de trabajadores en ERTE que se alcanz\u00f3 en abril de 2020, los trabajadores en ERTE <strong>se han reducido en algo m\u00e1s de 3 millones <\/strong>de personas, lo que supone un descenso superior al 83% en valores relativos. <\/p>\n<p> Seg\u00fan Seguridad Social, de los 598.729 trabajadores que estaban en un ERTE a 11 de mayo de este a\u00f1o 179.931 pertenecen a las &#8216;antiguas&#8217; modalidades de ERTE, sin exoneraciones a la Seguridad Social, mientras que el 70% (418.679 trabajadores) est\u00e1n incluidos en las nuevas, las que se pusieron en marcha a partir del 1 de octubre y que conllevan exoneraciones en las cotizaciones a la Seguridad Social. <\/p>\n<p> Dentro de esas nuevas modalidades, <strong>245.543 trabajadores se encuentran en ERTE con exoneraciones especiales <\/strong>para sectores &#8216;ultraprotegidos&#8217; y su cadena de valor, mientras que 19.692 se encuentran en un ERTE de impedimento de la actividad y 153.444 en un ERTE de limitaci\u00f3n de actividad. <\/p>\n<h2 class=\"bodyTitle\">Hosteler\u00eda y hoteles<\/h2>\n<p> Dos actividades, de las cien registradas,<strong> concentran casi la mitad de las personas en ERTE<\/strong>: servicios de comida y bebidas (hosteler\u00eda), con 178.465 trabajadores en ERTE, el 20,9% del whole de afiliados de este sector; y servicios de alojamiento, con 100.399 trabajadores en ERTE, el 47,5% del whole de sus afiliados. <\/p>\n<p> En whole, el n\u00famero de trabajadores que figuraban en un ERTE a 11 de mayo representaban el 4,08% del whole de afiliados al R\u00e9gimen Basic, sin contar sus sistemas especiales. <\/p>\n<p> Las actividades con mayor porcentaje de trabajadores en ERTE son las <strong>agencias de viaje (61,1% del whole de sus afiliados); <\/strong>los servicios de alojamiento (47,5%), transporte a\u00e9reo (40,7%) y actividades de juegos de azar (30,5%), todas ellas incluidas entre los sectores &#8216;ultraprotegidos&#8217; por los ERTE. <\/p>\n<p> En t\u00e9rminos absolutos, la actividad con mayor n\u00famero de trabajadores en ERTE es el servicio de comidas y bebidas (hosteler\u00eda), con m\u00e1s de 178.000 afectados, seguido de los servicios de alojamiento (100.399), del comercio minorista (46.202 empleados), del comercio mayorista (31.239), agencias de viaje (22.803) y actividades deportivas y de entretenimiento (21.961 afectados). <\/p>\n<\/p><\/div>\n\n<p><em> &#8221; Fuentes www.elconfidencial.com &#8221; <\/em><\/p>\n","protected":false},"excerpt":{"rendered":"<p>14\/05\/2021 &#8211; 12:18 Actualizado: 14\/05\/2021 &#8211; 12:23 El n\u00famero de trabajadores en expedientes de regulaci\u00f3n temporal de empleo (ERTE) se situ\u00f3 a 11 de mayo en 598.729 personas, lo que supone 42.190 trabajadores menos que a cierre de abril (-6,6%), seg\u00fan ha informado este viernes el Ministerio de Inclusi\u00f3n, Seguridad Social y Migraciones. De este [&hellip;]<\/p>\n","protected":false},"author":4,"featured_media":127141,"comment_status":"open","ping_status":"closed","sticky":false,"template":"","format":"standard","meta":{"om_disable_all_campaigns":false,"jnews-multi-image_gallery":[],"jnews_single_post":[],"jnews_primary_category":[],"jnews_social_meta":[],"footnotes":""},"categories":[40],"tags":[],"class_list":["post-127140","post","type-post","status-publish","format-standard","has-post-thumbnail","hentry","category-industria"],"_links":{"self":[{"href":"https:\/\/dimensionturistica.com\/es\/wp-json\/wp\/v2\/posts\/127140","targetHints":{"allow":["GET"]}}],"collection":[{"href":"https:\/\/dimensionturistica.com\/es\/wp-json\/wp\/v2\/posts"}],"about":[{"href":"https:\/\/dimensionturistica.com\/es\/wp-json\/wp\/v2\/types\/post"}],"author":[{"embeddable":true,"href":"https:\/\/dimensionturistica.com\/es\/wp-json\/wp\/v2\/users\/4"}],"replies":[{"embeddable":true,"href":"https:\/\/dimensionturistica.com\/es\/wp-json\/wp\/v2\/comments?post=127140"}],"version-history":[{"count":0,"href":"https:\/\/dimensionturistica.com\/es\/wp-json\/wp\/v2\/posts\/127140\/revisions"}],"wp:featuredmedia":[{"embeddable":true,"href":"https:\/\/dimensionturistica.com\/es\/wp-json\/wp\/v2\/media\/127141"}],"wp:attachment":[{"href":"https:\/\/dimensionturistica.com\/es\/wp-json\/wp\/v2\/media?parent=127140"}],"wp:term":[{"taxonomy":"category","embeddable":true,"href":"https:\/\/dimensionturistica.com\/es\/wp-json\/wp\/v2\/categories?post=127140"},{"taxonomy":"post_tag","embeddable":true,"href":"https:\/\/dimensionturistica.com\/es\/wp-json\/wp\/v2\/tags?post=127140"}],"curies":[{"name":"wp","href":"https:\/\/api.w.org\/{rel}","templated":true}]}}