{"id":127134,"date":"2021-05-14T10:24:48","date_gmt":"2021-05-14T10:24:48","guid":{"rendered":"https:\/\/dimensionturistica.com\/es\/?p=127134"},"modified":"2021-05-14T10:24:49","modified_gmt":"2021-05-14T10:24:49","slug":"coronavirus-el-numero-de-trabajadores-en-erte-baja-de-600-000-por-primera-vez-en-pandemia-economia","status":"publish","type":"post","link":"https:\/\/dimensionturistica.com\/es\/coronavirus-el-numero-de-trabajadores-en-erte-baja-de-600-000-por-primera-vez-en-pandemia-economia\/","title":{"rendered":"Coronavirus: El n\u00famero de trabajadores en ERTE baja de 600.000 por primera vez en pandemia | Econom\u00eda"},"content":{"rendered":"<p> <br \/>\n<\/p>\n<div id=\"ctn_article_body\">\n<figure class=\"lead_art |  \"><img fetchpriority=\"high\" decoding=\"async\" alt=\"Trabajadores de la construcci&#xF3;n, el 5 de mayo en una obra en Toledo.\" class=\"block width_full\" width=\"828\" height=\"552\" loading=\"eager\" src=\"https:\/\/imagenes.elpais.com\/resizer\/ErZ2e7Huu2vLDEDvbuk87um096c=\/414x0\/filters:focal(1610x1636:1620x1646)\/cloudfront-eu-central-1.images.arcpublishing.com\/prisa\/KRKBRRLQL5JZ44DHHUEWGEMU4E.jpg\" srcset=\"https:\/\/imagenes.elpais.com\/resizer\/ErZ2e7Huu2vLDEDvbuk87um096c=\/414x0\/filters:focal(1610x1636:1620x1646)\/cloudfront-eu-central-1.images.arcpublishing.com\/prisa\/KRKBRRLQL5JZ44DHHUEWGEMU4E.jpg 414w,https:\/\/imagenes.elpais.com\/resizer\/5DqLy7W_FozOUMSikdZgSHOyslo=\/828x0\/filters:focal(1610x1636:1620x1646)\/cloudfront-eu-central-1.images.arcpublishing.com\/prisa\/KRKBRRLQL5JZ44DHHUEWGEMU4E.jpg 828w\"\/><figcaption class=\"f_c | color_gray_medium border_bottom border_1 border_gray padding_vertical text_align_right\"><span>Trabajadores de la construcci\u00f3n, el 5 de mayo en una obra en Toledo.<\/span><span class=\"f_a | color_black margin_left uppercase light\"><span class=\"author\">EFE<\/span><\/span><\/figcaption><\/figure>\n<p class=\"\">El n\u00famero de trabajadores protegido por un <a rel=\"nofollow noopener\" target=\"_blank\" href=\"https:\/\/elpais.com\/noticias\/erte-expediente-regulacion-temporal-empleo\/\">expediente de regulaci\u00f3n temporal de empleo (ERTE)<\/a> ha disminuido de los 600.000 por primera vez desde que comenz\u00f3 la pandemia, en la que <a rel=\"nofollow noopener\" target=\"_blank\" href=\"https:\/\/elpais.com\/economia\/2021-05-05\/el-mercado-laboral-cierra-abril-con-134396-puestos-de-trabajo-mas-y-39012-desempleados-menos.html\">llegaron a estar 3.617.205 personas el 24 de abril de 2020<\/a>. Seg\u00fan los datos actualizados este viernes por el <a rel=\"nofollow noopener\" target=\"_blank\" href=\"https:\/\/elpais.com\/noticias\/ministerio-inclusion-seguridad-social-migraciones\/\">Ministerio de Inclusi\u00f3n, Seguridad Social y Migraciones<\/a>, el d\u00eda 11 de mayo hab\u00eda 598.729 trabajadores con suspensi\u00f3n de empleo o reducci\u00f3n de jornada, la menor cifra desde que estall\u00f3 <a rel=\"nofollow noopener\" target=\"_blank\" href=\"https:\/\/elpais.com\/noticias\/covid-19\/\">la crisis de la covid-19<\/a> en Espa\u00f1a. El n\u00famero de trabajadores protegidos por un ERTE pas\u00f3 de los 114.110 el 13 de marzo de 2020 a los 1.093.898 un d\u00eda despu\u00e9s, cuando se declar\u00f3 el estado de alarma en Espa\u00f1a.<\/p>\n<p class=\"\">De vuelta al \u00faltimo dato registrado, de los 598.729 trabajadores en ERTE asociados a la <a rel=\"nofollow noopener\" target=\"_blank\" href=\"https:\/\/elpais.com\/noticias\/covid-19\/\">covid-19<\/a> a 11 de mayo de 2021, 418.759 \u2015el 70 % del complete\u2015 lo estaban en esas modalidades con exoneraciones a las cuotas a la Seguridad Social. En concreto, 19.696 personas estaban acogidas a un ERTE de impedimento, otras 153.489 a un ERTE de limitaci\u00f3n y otras 245.574 a un ERTE de sectores ultraprotegidos y su cadena de valor.<\/p>\n<p class=\"\">Los ERTE de impedimento, para empresas que vean impedida su actividad por las restricciones adoptadas por las autoridades, tienen exoneraciones de entre el 100 % y el 90 % en sus cuotas a la Seguridad Social. Los ERTE de limitaci\u00f3n, para las empresas que vean limitada su actividad, tienen exoneraciones decrecientes en funci\u00f3n del tiempo que dure el expediente y tambi\u00e9n llega al 100 % en algunos casos. Los ERTE de fuerza mayor para las empresas de sectores especialmente perjudicados por la pandemia, as\u00ed como aquellas de su cadena de valor o cuya facturaci\u00f3n dependa de las primeras, conllevan exoneraciones del 85 % o del 75 % en funci\u00f3n del tama\u00f1o de la empresa. Fuera de estas modalidades, ya sin exoneraciones, hab\u00eda otras 179.970 personas en ERTE de fuerza mayor o por causas econ\u00f3micas, t\u00e9cnicas, organizativas y de producci\u00f3n (ETOP).<\/p>\n<h3 class=\"font_secondary color_gray_ultra_dark\">Barcelona y Madrid, l\u00edderes<\/h3>\n<p class=\"\">Los 598.610 trabajadores en ERTE representan al 4,06 % de los afiliados a la Seguridad Social (excluidos los sistemas especiales y el r\u00e9gimen especial del mar), de los que el 2,84 % est\u00e1n amparados por esquemas exonerados y el 1,22 % por expedientes de fuerza mayor o ETOP. Por actividad, servicios de comidas y bebidas es la que m\u00e1s trabajadores ten\u00eda en ERTE, con 178.465, principalmente en uno de limitaci\u00f3n (93.283), seguida de los servicios de alojamiento, con 100.399, sobre todo por los empleados en empresas de los sectores ultraprotegidos (88.109). Le siguen el comercio minorista (46.202), comercio mayorista (31.239), agencias de viajes (22.803), actividades deportivas, recreativas y de entretenimiento (21.961).<\/p>\n<p class=\"\">Por regiones, Barcelona y Madrid, con 99.585 y 92.159, son las provincias con m\u00e1s trabajadores en ERTE, seguidas por Las Palmas, con 47.687, y Baleares, con 27.809. Sobre el complete de empleados de cada una de ellas, Las Palmas es la provincia con m\u00e1s trabajadores en ERTE (14,44 % de sus afiliados), seguido por Santa Cruz de Tenerife, con un 11,53 %, y Baleares, con un 8,13 %. Ciudad Actual y Guadalajara son, por el contrario, las provincias que menos trabajadores tienen en estos mecanismos, con un 1,83 % y un 1,88 % del complete.<\/p>\n<p class=\"\">El esquema precise de los ERTE vence el pr\u00f3ximo 31 de mayo, por lo que el Gobierno y los agentes sociales ya <a rel=\"nofollow noopener\" target=\"_blank\" href=\"https:\/\/elpais.com\/economia\/2021-05-06\/el-gobierno-plantea-prorrogar-los-erte-hasta-el-30-de-septiembre.html\">han consensuado extenderlo hasta el 30 de septiembre<\/a> y ahora negocian con qu\u00e9 condiciones. Los agentes sociales y la ministra de Trabajo, Yolanda D\u00edaz, quieren mantener el precise esquema, mientras que la vicepresidenta segunda y ministra de Asuntos Econ\u00f3micos, Nadia Calvi\u00f1o, y el ministro de Seguridad Social, Jos\u00e9 Luis Escriv\u00e1, abogan por incentivar la reincorporaci\u00f3n de trabajadores a la actividad.<\/p>\n<\/div>\n\n<p><em> &#8221; Fuentes elpais.com &#8221; <\/em><\/p>\n","protected":false},"excerpt":{"rendered":"<p>Trabajadores de la construcci\u00f3n, el 5 de mayo en una obra en Toledo.EFE El n\u00famero de trabajadores protegido por un expediente de regulaci\u00f3n temporal de empleo (ERTE) ha disminuido de los 600.000 por primera vez desde que comenz\u00f3 la pandemia, en la que llegaron a estar 3.617.205 personas el 24 de abril de 2020. Seg\u00fan [&hellip;]<\/p>\n","protected":false},"author":4,"featured_media":127135,"comment_status":"open","ping_status":"closed","sticky":false,"template":"","format":"standard","meta":{"om_disable_all_campaigns":false,"jnews-multi-image_gallery":[],"jnews_single_post":[],"jnews_primary_category":[],"jnews_social_meta":[],"footnotes":""},"categories":[40],"tags":[],"class_list":["post-127134","post","type-post","status-publish","format-standard","has-post-thumbnail","hentry","category-industria"],"_links":{"self":[{"href":"https:\/\/dimensionturistica.com\/es\/wp-json\/wp\/v2\/posts\/127134","targetHints":{"allow":["GET"]}}],"collection":[{"href":"https:\/\/dimensionturistica.com\/es\/wp-json\/wp\/v2\/posts"}],"about":[{"href":"https:\/\/dimensionturistica.com\/es\/wp-json\/wp\/v2\/types\/post"}],"author":[{"embeddable":true,"href":"https:\/\/dimensionturistica.com\/es\/wp-json\/wp\/v2\/users\/4"}],"replies":[{"embeddable":true,"href":"https:\/\/dimensionturistica.com\/es\/wp-json\/wp\/v2\/comments?post=127134"}],"version-history":[{"count":0,"href":"https:\/\/dimensionturistica.com\/es\/wp-json\/wp\/v2\/posts\/127134\/revisions"}],"wp:featuredmedia":[{"embeddable":true,"href":"https:\/\/dimensionturistica.com\/es\/wp-json\/wp\/v2\/media\/127135"}],"wp:attachment":[{"href":"https:\/\/dimensionturistica.com\/es\/wp-json\/wp\/v2\/media?parent=127134"}],"wp:term":[{"taxonomy":"category","embeddable":true,"href":"https:\/\/dimensionturistica.com\/es\/wp-json\/wp\/v2\/categories?post=127134"},{"taxonomy":"post_tag","embeddable":true,"href":"https:\/\/dimensionturistica.com\/es\/wp-json\/wp\/v2\/tags?post=127134"}],"curies":[{"name":"wp","href":"https:\/\/api.w.org\/{rel}","templated":true}]}}