{"id":127038,"date":"2021-05-14T05:27:10","date_gmt":"2021-05-14T05:27:10","guid":{"rendered":"https:\/\/dimensionturistica.com\/es\/?p=127038"},"modified":"2021-05-14T05:27:10","modified_gmt":"2021-05-14T05:27:10","slug":"primer-fin-de-semana-sin-estado-de-alarma-se-disparan-las-reservas-y-el-optimismo-economia","status":"publish","type":"post","link":"https:\/\/dimensionturistica.com\/es\/primer-fin-de-semana-sin-estado-de-alarma-se-disparan-las-reservas-y-el-optimismo-economia\/","title":{"rendered":"Primer fin de semana sin estado de alarma: se disparan las reservas y el optimismo | Econom\u00eda"},"content":{"rendered":"<p> <br \/>\n<\/p>\n<div id=\"cuerpo_noticia_r\">\n<p><strong>&#8220;Los espa\u00f1oles est\u00e1n mas deseosos de <a rel=\"nofollow noopener\" target=\"_blank\" title=\"Viajes\" href=\"https:\/\/cadenaser.com\/tag\/viajes\/a\/\">viajar<\/a> de lo que podr\u00edamos imaginar&#8221;,<\/strong> as\u00ed de contundente se expresa el secretario common de la Confederaci\u00f3n Espa\u00f1ola de Hoteles y Alojamientos Tur\u00edsticos (CEHAT), Ram\u00f3n Estalella. Asegura que &#8220;el fin del estado de alarma ha supuesto un aumento importante en el n\u00famero de <a rel=\"nofollow noopener\" target=\"_blank\" title=\"Reservas hoteleras\" href=\"https:\/\/cadenaser.com\/tag\/reservas_hoteleras\/a\/\">reservas<\/a>&#8221; y el sector empieza a mirar con optimismo el <a rel=\"nofollow noopener\" target=\"_blank\" title=\"Verano\" href=\"https:\/\/cadenaser.com\/tag\/verano\/a\/\">verano<\/a>. Desde los d\u00edas previos al 9 de mayo, &#8220;los destinos m\u00e1s cercanos comenzaban a tener m\u00e1s visitas y reservas en internet&#8221; y, sobre todo, se ha experimentado un aumento de reservas para julio y agosto: <strong>&#8220;En el turismo nacional, podr\u00edamos llegar a alcanzar en verano unos niveles del 60-65% respecto al 2019&#8221;,<\/strong> estiman desde CEHAT.<\/p>\n<p>Los datos ya dejan claro que los espa\u00f1oles van a viajar por nuestro pa\u00eds en los pr\u00f3ximos meses, pero no ser\u00e1 suficiente para reflotar un sector tan castigado, teniendo en cuenta que <strong>el mercado nacional solo cubre el 30% de las camas tur\u00edsticas en Espa\u00f1a. &#8220;Necesitamos el turismo extranjero<\/strong> y ah\u00ed s\u00ed que no podemos dar fechas: no sabemos cu\u00e1ndo va a llegar la conectividad a\u00e9rea ni cuando van a abrir sus fronteras&#8221;, explica Estalella. La incertidumbre sigue dejando un margen importante a los hoteles pero esperan que el certificado digital verde de COVID, que en principio se pondr\u00e1n en marcha en junio, <strong>alenten las reservas en agosto y septiembre<\/strong> en algunas de las zonas que m\u00e1s dependen del turismo extranjero: &#8220;Esperamos reservas cercanas al 60-70% respecto a 2019, pero hay componentes que nos hacen no tener ninguna certeza&#8221;, insisten.<\/p>\n<p>En las agencias de viajes registran ahora mismo un \u00edndice de reserva de alojamientos y viajes a playas del <strong>25% con respecto al a\u00f1o 2019<\/strong> en estas fechas, mientras que a nivel internacional es &#8220;pr\u00e1cticamente nulo&#8221;: &#8220;Creemos que avanzaremos en breve, pero el verano costar\u00e1 salvarlo con el turismo nacional. Preevemos que <strong>si no lleganos buenos \u00edndices de vacunaci\u00f3n al menos en Espa\u00f1a y en Europa dif\u00edcilmente lo salvemos&#8221;<\/strong>, se\u00f1ala Antonio Ca\u00f1o, vicepresidente de la Uni\u00f3n Nacional de Agencias de Viajes (UNAV).<\/p>\n<h2 class=\"ladillo\">Viajes cercanos y en coche<\/h2>\n<p>Una encuesta reciente realizada para la plataforma Airbnb en Espa\u00f1a reflejaba que &#8220;viajar en coche es el \u00fanico medio de transporte que atrae el inter\u00e9s mayoritario, superando los viajes en avi\u00f3n por 17 puntos&#8221;. De cara a este fin de semana, la DGT no tiene previsto ning\u00fan dispositivo especial en carreteras, porque en principio no tienen previsi\u00f3n de desplazamientos de largo recorrido sino a <strong>destinos cercanos y segundas residencias<\/strong>.<\/p>\n<p>El tren es la alternativa para aquellos que no tienen veh\u00edculo. <strong>Renfe ha percibido un incremento de la venta de un 39%<\/strong> en la \u00faltima semana y <strong>Ouigo<\/strong>, el nuevo operador ferroviario en Espa\u00f1a que ha comenzado a round hace unos d\u00edas, <strong>registra un 80% de ocupaci\u00f3n este fin de semana.<\/strong> Aunque aseguran que los billetes se suelen vender con baja antelaci\u00f3n, notan c\u00f3mo est\u00e1n aumentando las ventas para junio especialmente, pero tambi\u00e9n en las principales fechas de salida de verano. &#8220;Tenemos fechas con tasas de ocupaci\u00f3n superiores al 50%, a pesar de que a\u00fan quedan muchas semanas para el viaje&#8221;, se\u00f1ala Federico Pareja, director comercial y advertising de Ouigo Espa\u00f1a.<\/p>\n<h2 class=\"ladillo\">Vuelve el auge de los campings<\/h2>\n<p>El a\u00f1o pasado, tras el confinamiento, los espa\u00f1oles ten\u00edan ganas de pasar tiempo en espacios abiertos, aire fresco y en la naturaleza, y los campings experimentaron un resurgir ins\u00f3lito en nuestro pa\u00eds. Seg\u00fan datos de la Federaci\u00f3n Espa\u00f1ola de Campings (FEEC), tras el fin del estado de alarma, <strong>se han incrementado un 30% el n\u00famero de reservas<\/strong>, especialmente de cara a los meses de julio y agosto pero tambi\u00e9n para fines de semana de mayo y junio. &#8220;Buena parte de las reservas ya realizadas son de campistas y autocaravanistas novatos que ya descubrieron el sector el a\u00f1o pasado y que han decidido repetir este 2021&#8221;, destacan.<\/p>\n<p>Este sector tambi\u00e9n est\u00e1 muy pendiente de la apertura de fronteras especialmente con <strong>Francia, Reino Unido, Alemania y Holanda, ya que suponen un 30% de sus clientes.<\/strong><\/p>\n<p><a rel=\"nofollow noopener\" target=\"_blank\" title=\"\u00bfPor qu\u00e9 viajar en autocaravana es la nueva moda?\" href=\"https:\/\/cadenaser.com\/programa\/2020\/07\/14\/ser_consumidor\/1594715512_284517.html\"><strong>Las caravanas en general tambi\u00e9n han visto incrementar sus reservas a ra\u00edz de la pandemia<\/strong><\/a>, al presentarse como una opci\u00f3n de viaje segura, versatile y con un elevado grado de autonom\u00eda. Desde empresas de alquiler como Caravaning K2 aseguran que ya tienen todo reservado para este verano.<\/p>\n<h2 class=\"ladillo\">Turismo rural en casas<\/h2>\n<p>Por los mismos motivos que muchos optan por campings, otros tantos desean tambi\u00e9n pasar las vacaciones rodeados de naturaleza pero en alojamientos rurales. Seg\u00fan la encuesta realizada para Airbnb en Espa\u00f1a, el 35% prefiere un destino en la monta\u00f1a o en el campo y el 34% en un lugar cerca del mar.<\/p>\n<p>Durante el verano de 2020, el 80% de los ingresos totales generados por los anfitriones en Airbnb en Espa\u00f1a proven\u00edan de destinos <strong>no urbanos y de baja densidad de poblaci\u00f3n<\/strong>y todo hace indicar que esa tendencia seguir\u00e1 este a\u00f1o. La Uni\u00f3n Nacional de Agencias de Viajes (UNAV) tambi\u00e9n est\u00e1 notando que la mayor\u00eda de sus clientes prefieren alojarse en apartamentos o casas, principalmente en la <strong>Costa del Sol, Asturias y Cantabria.<\/strong><\/p>\n<h2 class=\"ladillo\">Aumento de reservas en mayores de 60 a\u00f1os<\/h2>\n<p>Conforme nuestros mayores empiezan a estar vacunados, las ganas de viajar aumentan. Las reservas para este verano de espa\u00f1oles de m\u00e1s de 60 a\u00f1os en Airbnb crecieron en marzo <strong>aproximadamente un 30%<\/strong> respecto al mes anterior. La plataforma ha detectado que &#8220;admite mascotas&#8221; es la caracter\u00edstica m\u00e1s buscada en esa franja de edad.<\/p>\n<\/div>\n<p><script>\n!function(f,b,e,v,n,t,s)\n{if(f.fbq)return;n=f.fbq=function(){n.callMethod?\nn.callMethod.apply(n,arguments):n.queue.push(arguments)};\nif(!f._fbq)f._fbq=n;n.push=n;n.loaded=!0;n.version='2.0';\nn.queue=[];t=b.createElement(e);t.async=!0;\nt.src=v;s=b.getElementsByTagName(e)[0];\ns.parentNode.insertBefore(t,s)}(window, document,'script',\n'https:\/\/connect.facebook.net\/en_US\/fbevents.js');\nfbq('init', '375503209485935');\nfbq('track', 'PageView');\n<\/script><br \/>\n<br \/><\/p>\n<p><em> &#8221; Fuentes cadenaser.com &#8221; <\/em><\/p>\n","protected":false},"excerpt":{"rendered":"<p>&#8220;Los espa\u00f1oles est\u00e1n mas deseosos de viajar de lo que podr\u00edamos imaginar&#8221;, as\u00ed de contundente se expresa el secretario common de la Confederaci\u00f3n Espa\u00f1ola de Hoteles y Alojamientos Tur\u00edsticos (CEHAT), Ram\u00f3n Estalella. Asegura que &#8220;el fin del estado de alarma ha supuesto un aumento importante en el n\u00famero de reservas&#8221; y el sector empieza a [&hellip;]<\/p>\n","protected":false},"author":4,"featured_media":127039,"comment_status":"open","ping_status":"closed","sticky":false,"template":"","format":"standard","meta":{"om_disable_all_campaigns":false,"jnews-multi-image_gallery":[],"jnews_single_post":[],"jnews_primary_category":[],"jnews_social_meta":[],"footnotes":""},"categories":[40],"tags":[],"class_list":["post-127038","post","type-post","status-publish","format-standard","has-post-thumbnail","hentry","category-industria"],"_links":{"self":[{"href":"https:\/\/dimensionturistica.com\/es\/wp-json\/wp\/v2\/posts\/127038","targetHints":{"allow":["GET"]}}],"collection":[{"href":"https:\/\/dimensionturistica.com\/es\/wp-json\/wp\/v2\/posts"}],"about":[{"href":"https:\/\/dimensionturistica.com\/es\/wp-json\/wp\/v2\/types\/post"}],"author":[{"embeddable":true,"href":"https:\/\/dimensionturistica.com\/es\/wp-json\/wp\/v2\/users\/4"}],"replies":[{"embeddable":true,"href":"https:\/\/dimensionturistica.com\/es\/wp-json\/wp\/v2\/comments?post=127038"}],"version-history":[{"count":0,"href":"https:\/\/dimensionturistica.com\/es\/wp-json\/wp\/v2\/posts\/127038\/revisions"}],"wp:featuredmedia":[{"embeddable":true,"href":"https:\/\/dimensionturistica.com\/es\/wp-json\/wp\/v2\/media\/127039"}],"wp:attachment":[{"href":"https:\/\/dimensionturistica.com\/es\/wp-json\/wp\/v2\/media?parent=127038"}],"wp:term":[{"taxonomy":"category","embeddable":true,"href":"https:\/\/dimensionturistica.com\/es\/wp-json\/wp\/v2\/categories?post=127038"},{"taxonomy":"post_tag","embeddable":true,"href":"https:\/\/dimensionturistica.com\/es\/wp-json\/wp\/v2\/tags?post=127038"}],"curies":[{"name":"wp","href":"https:\/\/api.w.org\/{rel}","templated":true}]}}