{"id":126986,"date":"2021-05-14T02:43:40","date_gmt":"2021-05-14T02:43:40","guid":{"rendered":"https:\/\/dimensionturistica.com\/es\/?p=126986"},"modified":"2021-05-14T02:43:40","modified_gmt":"2021-05-14T02:43:40","slug":"ruben-rocha-impulsara-vocacion-turistica-internacional-de-mazatlan","status":"publish","type":"post","link":"https:\/\/dimensionturistica.com\/es\/ruben-rocha-impulsara-vocacion-turistica-internacional-de-mazatlan\/","title":{"rendered":"Rub\u00e9n Rocha impulsar\u00e1 vocaci\u00f3n tur\u00edstica internacional de Mazatl\u00e1n"},"content":{"rendered":"<p> <br \/>\n<\/p>\n<div>\n<p>MAZATL\u00c1N, Sin., 13 de mayo de 2021.- El abanderado de Morena y PAS, Rub\u00e9n Rocha Moya, ratific\u00f3 su compromiso ante representantes de la industria tur\u00edstica que en su gobierno, consolidar\u00e1 a Mazatl\u00e1n como destino internacional, impactando as\u00ed en la mejora en la calidad de vida de los prestadores de servicios tur\u00edsticos. <\/p>\n<p>Al participar en el Foro Tur\u00edstico Mazatl\u00e1n 2021, puntualiz\u00f3: \u201cnecesitamos hacer de Mazatl\u00e1n, un destino amigable y dispuesto a recibir con servicio de calidad, a los visitantes nacionales y extranjeros. <\/p>\n<p>Exhort\u00f3 a los empresarios a trabajar de la mano: \u201custedes tienen mucha concept, estamos en whole apertura. Se analizar\u00e1 tener un consejo que nos permita estar revisando los temas tur\u00edsticos y crear una oficina de congresos y convenciones, entre otras iniciativas. <\/p>\n<p>En el foro participaron Julio Birrueta, con el tema Mazatl\u00e1n Visi\u00f3n 2030; Jos\u00e9 Ram\u00f3n Manguart, sobre Licencias de hospedaje y profesionalizaci\u00f3n de las actividades tur\u00edsticas; Rodrigo Becerra, Problem\u00e1tica del sector restaurantero; Roberto Lem, Promoci\u00f3n tur\u00edstica en materia de comercio; Fernando Alan\u00eds, Promoci\u00f3n de Mazatl\u00e1n en M\u00e9xico y el mundo; Jos\u00e9 Alberto Ure\u00f1a Trujillo, Importancia del turismo de congresos y convenciones; Ricardo Velarde, Recurso humano y la importancia de la capacitaci\u00f3n; y Juan Jos\u00e9 Arellano Hern\u00e1ndez, con Proyectos tur\u00edsticos del Grupo Arhe en Sinaloa.<\/p>\n<p>Una vez que escuch\u00f3 con especial atenci\u00f3n los planteamientos de los representantes de los hoteleros, restauranteros y operadores de viajes, entre otros, Rocha Moya respald\u00f3 las propuestas: <\/p>\n<p>\u201cQueremos servirle a Sinaloa de acuerdo con la vocaci\u00f3n que cada regi\u00f3n tiene y nos comprometemos a que el Impuesto sobre el Hospedaje se destine a promover el turismo porque la ley dice que es para eso, y al no hacerlo se desv\u00eda y comete un delito\u201d.<\/p>\n<p>En el mismo sentido, manifest\u00f3 su respaldo al proyecto de establecer una Plaza de la Banda, en la que los m\u00fasicos puedan organizarse y ofrecer sus servicios tan apreciados por el turismo nacional y extranjero.<\/p>\n<p>\u201cHay que cuidar la inversi\u00f3n, el gobierno lo que tiene que hacer es estimular la inversi\u00f3n y protegerla, porque genera empleo y riqueza; tenemos que darles confianza a los empresarios para que inviertan\u201d, reiter\u00f3.<\/p>\n<p>Rub\u00e9n Rocha Moya fue acompa\u00f1ado por el candidato a la alcald\u00eda de Mazatl\u00e1n, Luis Guillermo Ben\u00edtez Torres.<\/p>\n<\/div>\n<p><script>(function(d, s, id) {\n    var js, fjs = d.getElementsByTagName(s)[0];\n    if (d.getElementById(id)) return;\n    js = d.createElement(s); js.id = id;\n    js.src=\"https:\/\/connect.facebook.net\/es_LA\/sdk\/xfbml.customerchat.js#xfbml=1&version=v2.12&autoLogAppEvents=1\";\n    fjs.parentNode.insertBefore(js, fjs);\n  }(document, 'script', 'facebook-jssdk'));<\/script><br \/>\n<br \/><\/p>\n<p><em> &#8221; Fuentes mexico.quadratin.com.mx &#8221; <\/em><\/p>\n","protected":false},"excerpt":{"rendered":"<p>MAZATL\u00c1N, Sin., 13 de mayo de 2021.- El abanderado de Morena y PAS, Rub\u00e9n Rocha Moya, ratific\u00f3 su compromiso ante representantes de la industria tur\u00edstica que en su gobierno, consolidar\u00e1 a Mazatl\u00e1n como destino internacional, impactando as\u00ed en la mejora en la calidad de vida de los prestadores de servicios tur\u00edsticos. Al participar en el [&hellip;]<\/p>\n","protected":false},"author":4,"featured_media":126987,"comment_status":"open","ping_status":"closed","sticky":false,"template":"","format":"standard","meta":{"om_disable_all_campaigns":false,"jnews-multi-image_gallery":[],"jnews_single_post":[],"jnews_primary_category":[],"jnews_social_meta":[],"footnotes":""},"categories":[40],"tags":[],"class_list":["post-126986","post","type-post","status-publish","format-standard","has-post-thumbnail","hentry","category-industria"],"_links":{"self":[{"href":"https:\/\/dimensionturistica.com\/es\/wp-json\/wp\/v2\/posts\/126986","targetHints":{"allow":["GET"]}}],"collection":[{"href":"https:\/\/dimensionturistica.com\/es\/wp-json\/wp\/v2\/posts"}],"about":[{"href":"https:\/\/dimensionturistica.com\/es\/wp-json\/wp\/v2\/types\/post"}],"author":[{"embeddable":true,"href":"https:\/\/dimensionturistica.com\/es\/wp-json\/wp\/v2\/users\/4"}],"replies":[{"embeddable":true,"href":"https:\/\/dimensionturistica.com\/es\/wp-json\/wp\/v2\/comments?post=126986"}],"version-history":[{"count":0,"href":"https:\/\/dimensionturistica.com\/es\/wp-json\/wp\/v2\/posts\/126986\/revisions"}],"wp:featuredmedia":[{"embeddable":true,"href":"https:\/\/dimensionturistica.com\/es\/wp-json\/wp\/v2\/media\/126987"}],"wp:attachment":[{"href":"https:\/\/dimensionturistica.com\/es\/wp-json\/wp\/v2\/media?parent=126986"}],"wp:term":[{"taxonomy":"category","embeddable":true,"href":"https:\/\/dimensionturistica.com\/es\/wp-json\/wp\/v2\/categories?post=126986"},{"taxonomy":"post_tag","embeddable":true,"href":"https:\/\/dimensionturistica.com\/es\/wp-json\/wp\/v2\/tags?post=126986"}],"curies":[{"name":"wp","href":"https:\/\/api.w.org\/{rel}","templated":true}]}}