{"id":126966,"date":"2021-05-14T01:54:50","date_gmt":"2021-05-14T01:54:50","guid":{"rendered":"https:\/\/dimensionturistica.com\/es\/?p=126966"},"modified":"2021-05-14T01:54:50","modified_gmt":"2021-05-14T01:54:50","slug":"turismo-pierde-el-fin-de-semana-largo-de-mayo","status":"publish","type":"post","link":"https:\/\/dimensionturistica.com\/es\/turismo-pierde-el-fin-de-semana-largo-de-mayo\/","title":{"rendered":"Turismo pierde el fin de semana largo de mayo"},"content":{"rendered":"<p> <br \/>\n<\/p>\n<div id=\"post-153867\">\n<p class=\"antetitulo\" style=\"margin-top: 10px;\">El gobierno decidi\u00f3 suspenderlo<\/p>\n<hr style=\"margin: 10px 0 3px\" \/>\n<p class=\"autor\" style=\"font-size: 12px; margin: 10px 0;\">Juli\u00e1n Macri | Buenos Aires | 13 de  mayo de 2021 &#13;<br \/>\n\t <a rel=\"nofollow noopener\" target=\"_blank\" href=\"https:\/\/www.reportur.com\/argentina\/2021\/05\/13\/turismo-pierde-fin-semana-largo-mayo\/#respond\" style=\"float:right; text-decoration: none; color:#000000\">&#13;<br \/>\n    <img decoding=\"async\" src=\"https:\/\/www.reportur.com\/wp-content\/themes\/reportur\/images\/comment.png\" align=\"absmiddle\" style=\"margin-right: 0;\" \/> Deja un comentario\t\t<\/a>&#13;\n\t\t<\/p>\n<hr style=\"margin: 3px 0 10px\" \/>\n<p class=\"relacionadosSingle\"><b>TEMAS RELACIONADOS: <a rel=\"nofollow noopener\" target=\"_blank\" href=\"https:\/\/www.reportur.com\/tag\/avantrip\/\">Avantrip<\/a>, <a rel=\"nofollow noopener\" target=\"_blank\" href=\"https:\/\/www.reportur.com\/tag\/camara-argentina-de-turismo-cat\/\">C\u00e1mara Argentina de Turismo (CAT)<\/a>, <a rel=\"nofollow noopener\" target=\"_blank\" href=\"https:\/\/www.reportur.com\/tag\/despegar\/\">Despegar<\/a>, <a rel=\"nofollow noopener\" target=\"_blank\" href=\"https:\/\/www.reportur.com\/tag\/feriado\/\">feriado<\/a>, <a rel=\"nofollow noopener\" target=\"_blank\" href=\"https:\/\/www.reportur.com\/tag\/feriados-puente\/\">feriados puente<\/a>, <a rel=\"nofollow noopener\" target=\"_blank\" href=\"https:\/\/www.reportur.com\/tag\/fin-de-semana-largo\/\">fin de semana largo<\/a><\/b><\/p>\n<hr style=\"margin-bottom: 15px;\" \/>\n<div class=\"post\">\n<p><img decoding=\"async\" class=\"aligncenter wp-image-153868\" src=\"https:\/\/www.reportur.com\/wp-content\/uploads\/2021\/05\/25-de-mayo-550x309.jpg\" alt=\"\" width=\"640\" height=\"359\" srcset=\"https:\/\/www.reportur.com\/wp-content\/uploads\/2021\/05\/25-de-mayo-550x309.jpg 550w, https:\/\/www.reportur.com\/wp-content\/uploads\/2021\/05\/25-de-mayo-768x431.jpg 768w, https:\/\/www.reportur.com\/wp-content\/uploads\/2021\/05\/25-de-mayo-1024x575.jpg 1024w, https:\/\/www.reportur.com\/wp-content\/uploads\/2021\/05\/25-de-mayo.jpg 1280w\" sizes=\"(max-width: 640px) 100vw, 640px\" \/><\/p>\n<p>A poco m\u00e1s de diez d\u00edas del pr\u00f3ximo fin de semana largo, que iba a ser de cuatro d\u00edas tomando el lunes 24 de mayo como puente del 25, fecha que conmemora la revoluci\u00f3n de 1810, el gobierno nacional decidi\u00f3 cancelar ese lunes festivo con el objetivo de desalentar la circulaci\u00f3n. Mientras se espera la confirmaci\u00f3n oficial, los principales representantes del sector anticiparon que pasar\u00e1 con los turistas que planeaban viajar.<\/p>\n<p>Al respecto se expresaron las principales agencias de viaje del pa\u00eds, como el caso de Despegar, que aseguraron que sus proveedores tienen pol\u00edticas de cancelaci\u00f3n y la mayor\u00eda ofrece flexibilidad en los vuelos para reprogramar. \u201cCon los cambios de destino sucede lo mismo. Siempre que las condiciones de contrataci\u00f3n lo permitan, y recordando que cada caso es particular, se puede cambiar de destino sin multa con una diferencia extra\u201d, se\u00f1alaron desde la OTA.<\/p>\n<p>La medida no proh\u00edbe la circulaci\u00f3n interna en el pa\u00eds, por lo que el criterio de viajar queda en cada persona. Y en el caso de no haber comprado con tarifas flex, en los cambios y la reprogramaci\u00f3n puede haber costo o penalizaciones.<\/p>\n<p>Por su parte, Avantrip, decidi\u00f3 dar de baja los paquetes que ten\u00eda para esa fecha, \u201cpara contribuir con las medidas de prevenci\u00f3n, por eso no estamos promoviendo ning\u00fan producto para esos d\u00edas\u201d, explic\u00f3 un gerente de la firma.<\/p>\n<p>El presidente de la C\u00e1mara Argentina de Turismo (CAT), afirm\u00f3 que la decisi\u00f3n es compleja, porque \u201cgenera un gran inconveniente porque estamos a menos de dos semanas del fin de semana en cuesti\u00f3n\u201d. Adem\u00e1s, se\u00f1al\u00f3 que para los cuatro d\u00edas hay destinos con \u201cmuy buenas proyecciones de reservas\u201d.<\/p>\n<p><!-- AddThis Advanced Settings above via filter on the_content --><!-- AddThis Advanced Settings below via filter on the_content --><!-- AddThis Advanced Settings generic via filter on the_content --><!-- AddThis Share Buttons above via filter on the_content --><!-- AddThis Share Buttons below via filter on the_content --><!-- AddThis Share Buttons generic via filter on the_content --><\/div>\n<hr class=\"noCss\" \/><\/div>\n\n<p><em> &#8221; Fuentes www.reportur.com &#8221; <\/em><\/p>\n","protected":false},"excerpt":{"rendered":"<p>El gobierno decidi\u00f3 suspenderlo Juli\u00e1n Macri | Buenos Aires | 13 de mayo de 2021 &#13; &#13; Deja un comentario &#13; TEMAS RELACIONADOS: Avantrip, C\u00e1mara Argentina de Turismo (CAT), Despegar, feriado, feriados puente, fin de semana largo A poco m\u00e1s de diez d\u00edas del pr\u00f3ximo fin de semana largo, que iba a ser de cuatro [&hellip;]<\/p>\n","protected":false},"author":4,"featured_media":126967,"comment_status":"open","ping_status":"closed","sticky":false,"template":"","format":"standard","meta":{"om_disable_all_campaigns":false,"jnews-multi-image_gallery":[],"jnews_single_post":[],"jnews_primary_category":[],"jnews_social_meta":[],"footnotes":""},"categories":[40],"tags":[],"class_list":["post-126966","post","type-post","status-publish","format-standard","has-post-thumbnail","hentry","category-industria"],"_links":{"self":[{"href":"https:\/\/dimensionturistica.com\/es\/wp-json\/wp\/v2\/posts\/126966","targetHints":{"allow":["GET"]}}],"collection":[{"href":"https:\/\/dimensionturistica.com\/es\/wp-json\/wp\/v2\/posts"}],"about":[{"href":"https:\/\/dimensionturistica.com\/es\/wp-json\/wp\/v2\/types\/post"}],"author":[{"embeddable":true,"href":"https:\/\/dimensionturistica.com\/es\/wp-json\/wp\/v2\/users\/4"}],"replies":[{"embeddable":true,"href":"https:\/\/dimensionturistica.com\/es\/wp-json\/wp\/v2\/comments?post=126966"}],"version-history":[{"count":0,"href":"https:\/\/dimensionturistica.com\/es\/wp-json\/wp\/v2\/posts\/126966\/revisions"}],"wp:featuredmedia":[{"embeddable":true,"href":"https:\/\/dimensionturistica.com\/es\/wp-json\/wp\/v2\/media\/126967"}],"wp:attachment":[{"href":"https:\/\/dimensionturistica.com\/es\/wp-json\/wp\/v2\/media?parent=126966"}],"wp:term":[{"taxonomy":"category","embeddable":true,"href":"https:\/\/dimensionturistica.com\/es\/wp-json\/wp\/v2\/categories?post=126966"},{"taxonomy":"post_tag","embeddable":true,"href":"https:\/\/dimensionturistica.com\/es\/wp-json\/wp\/v2\/tags?post=126966"}],"curies":[{"name":"wp","href":"https:\/\/api.w.org\/{rel}","templated":true}]}}