{"id":126961,"date":"2021-05-14T01:21:39","date_gmt":"2021-05-14T01:21:39","guid":{"rendered":"https:\/\/dimensionturistica.com\/es\/?p=126961"},"modified":"2021-05-14T01:21:40","modified_gmt":"2021-05-14T01:21:40","slug":"jacqueline-liceaga-aliada-de-la-zona-turistica","status":"publish","type":"post","link":"https:\/\/dimensionturistica.com\/es\/jacqueline-liceaga-aliada-de-la-zona-turistica\/","title":{"rendered":"Jacqueline Liceaga, aliada de la zona tur\u00edstica"},"content":{"rendered":"<p> <br \/>\n<\/p>\n<div>\n<p>Los giros comerciales de la industria tur\u00edstica de Los Cabos tendr\u00e1n una aliada en Jacqueline Liceaga desde el Congreso del Estado de Baja California Sur.\u00a0<\/p>\n<p>La Candidata al Distrito I Native por el Partido Verde Ecologista de M\u00e9xico, alz\u00f3 la voz por aquellos sectores no reconocidos y menos escuchados de los servicios que se ofrecen en la zona tur\u00edstica y primer cuadro tanto de San Jos\u00e9 del Cabo como de Cabo San Lucas.\u00a0<\/p>\n<p>Puso en claro que no es novedad que no se acepte que existen giros restringidos y actividades como los desk dances y centros nocturnos, que han sido olvidados por las autoridades en turno.\u00a0<\/p>\n<p>La Candidata Ciudadana al Distrito I, ante los integrantes de la Asociaci\u00f3n de Profesionistas y L\u00edderes Empresariales de Los Cabos precis\u00f3 que es tiempo de reconocer a las y los involucrados en estas actividades y brindar certeza jur\u00eddica, mejores servicios de salud as\u00ed como la oportunidad de acceder a programas de desarrollo social.\u00a0<\/p>\n<p>Reiter\u00f3 que en el Distrito I y con el Verde Ecologista est\u00e1n el apoyo a todos los sectores no reconocidos, y que son una realidad en la industria tur\u00edstica de Los Cabos. Jacqueline Liceaga adelant\u00f3 que con el respaldo del Congreso Native, las autoridades tendr\u00e1n que dar el respaldo gubernamental, por el bien del desarrollo del destino.\u00a0<\/p>\n<p>\u00a0<\/p>\n<p>\u00a0<\/p>\n<\/div>\n\n<p><em> &#8221; Fuentes tribunadeloscabos.com.mx &#8221; <\/em><\/p>\n","protected":false},"excerpt":{"rendered":"<p>Los giros comerciales de la industria tur\u00edstica de Los Cabos tendr\u00e1n una aliada en Jacqueline Liceaga desde el Congreso del Estado de Baja California Sur.\u00a0 La Candidata al Distrito I Native por el Partido Verde Ecologista de M\u00e9xico, alz\u00f3 la voz por aquellos sectores no reconocidos y menos escuchados de los servicios que se ofrecen [&hellip;]<\/p>\n","protected":false},"author":4,"featured_media":126962,"comment_status":"open","ping_status":"closed","sticky":false,"template":"","format":"standard","meta":{"om_disable_all_campaigns":false,"jnews-multi-image_gallery":[],"jnews_single_post":[],"jnews_primary_category":[],"jnews_social_meta":[],"footnotes":""},"categories":[40],"tags":[],"class_list":["post-126961","post","type-post","status-publish","format-standard","has-post-thumbnail","hentry","category-industria"],"_links":{"self":[{"href":"https:\/\/dimensionturistica.com\/es\/wp-json\/wp\/v2\/posts\/126961","targetHints":{"allow":["GET"]}}],"collection":[{"href":"https:\/\/dimensionturistica.com\/es\/wp-json\/wp\/v2\/posts"}],"about":[{"href":"https:\/\/dimensionturistica.com\/es\/wp-json\/wp\/v2\/types\/post"}],"author":[{"embeddable":true,"href":"https:\/\/dimensionturistica.com\/es\/wp-json\/wp\/v2\/users\/4"}],"replies":[{"embeddable":true,"href":"https:\/\/dimensionturistica.com\/es\/wp-json\/wp\/v2\/comments?post=126961"}],"version-history":[{"count":0,"href":"https:\/\/dimensionturistica.com\/es\/wp-json\/wp\/v2\/posts\/126961\/revisions"}],"wp:featuredmedia":[{"embeddable":true,"href":"https:\/\/dimensionturistica.com\/es\/wp-json\/wp\/v2\/media\/126962"}],"wp:attachment":[{"href":"https:\/\/dimensionturistica.com\/es\/wp-json\/wp\/v2\/media?parent=126961"}],"wp:term":[{"taxonomy":"category","embeddable":true,"href":"https:\/\/dimensionturistica.com\/es\/wp-json\/wp\/v2\/categories?post=126961"},{"taxonomy":"post_tag","embeddable":true,"href":"https:\/\/dimensionturistica.com\/es\/wp-json\/wp\/v2\/tags?post=126961"}],"curies":[{"name":"wp","href":"https:\/\/api.w.org\/{rel}","templated":true}]}}