{"id":126854,"date":"2021-05-13T22:03:10","date_gmt":"2021-05-13T22:03:10","guid":{"rendered":"https:\/\/dimensionturistica.com\/es\/?p=126854"},"modified":"2021-05-13T22:03:11","modified_gmt":"2021-05-13T22:03:11","slug":"aurora-cruz-partido-del-trabajo-noticias-va-de-nuez","status":"publish","type":"post","link":"https:\/\/dimensionturistica.com\/es\/aurora-cruz-partido-del-trabajo-noticias-va-de-nuez\/","title":{"rendered":"Aurora Cruz, Partido del Trabajo \u2013 Noticias Va de Nuez"},"content":{"rendered":"<p> <br \/>\n<\/p>\n<div>\n<p><!-- Quick Adsense WordPress Plugin: http:\/\/quickadsense.com\/ --><\/p>\n<p>*Se crear\u00eda la infraestructura necesaria para incentivar y se renovar\u00eda el sector tur\u00edstico en Minatitl\u00e1n, Comala, Ixtlahuac\u00e1n, Coquimatl\u00e1n, Cuauht\u00e9moc, Tecom\u00e1n y Armer\u00eda.<\/p>\n<p>Aurora Cruz, candidata para la gubernatura de Colima por el Partido del Trabajo, dio a conocer entre sus \u00faltimos compromisos con el estado que se promover\u00e1 el desarrollo al turismo. Se dar\u00e1 prioridad en desarrollar la industria tur\u00edstica en los municipios al norte del estado donde el clima es m\u00e1s ameno y en la actualidad no existe diversificaci\u00f3n econ\u00f3mica tan amplia.<\/p>\n<p><!-- Quick Adsense WordPress Plugin: http:\/\/quickadsense.com\/ --><\/p>\n<p>El principal atractivo tur\u00edstico de los municipios de Minatitl\u00e1n, Comala, Ixtlahuac\u00e1n y Coquimatl\u00e1n son sus ecosistemas y entornos naturales particulares, por ello, se proteger\u00e1n las zonas naturales para evitar una sobreexplotaci\u00f3n de los espacios silvestres y su integraci\u00f3n mediante nfraestructura de comunicaci\u00f3n como caminos o carreteras, buscar\u00e1n interferir lo m\u00ednimo posible en los alrededores naturales, pero a la vez, facilitar el acceso de la poblaci\u00f3n para visitar dichos espacios.<\/p>\n<p>Como alternativa, tambi\u00e9n, se rescatar\u00e1 y renovar\u00e1n instalaciones tur\u00edsticas ya existentes del municipio de Armer\u00eda, as\u00ed mismo, se adaptar\u00e1n las infraestructuras e instalaciones varias para ser amigables con el Adulto Mayor, pues el objetivo es tambi\u00e9n crear un sector tur\u00edstico al alcance de toda la poblaci\u00f3n.<\/p>\n<p>Igualmente, se construir\u00e1n museos en todo el estado, pues el proyecto de gobierno de Aurora es dirigido a reactivar las econom\u00edas locales y apoyar a la misma poblaci\u00f3n en integrarse al turismo native.<\/p>\n<p><!-- Quick Adsense WordPress Plugin: http:\/\/quickadsense.com\/ --><\/p>\n<div class=\"sharedaddy sd-block sd-like jetpack-likes-widget-wrapper jetpack-likes-widget-unloaded\" id=\"like-post-wrapper-139545362-201481-609d9ff5db59e\" data-src=\"https:\/\/widgets.wp.com\/likes\/#blog_id=139545362&amp;post_id=201481&amp;origin=vadenuez.info&amp;obj_id=139545362-201481-609d9ff5db59e\" data-name=\"like-post-frame-139545362-201481-609d9ff5db59e\">\n<h3 class=\"sd-title\">Me gusta esto:<\/h3>\n<p><span class=\"button\"><span>Me gusta<\/span><\/span> <span class=\"loading\">Cargando&#8230;<\/span><\/p>\n<p><span class=\"sd-text-color\"\/><a rel=\"nofollow noopener\" target=\"_blank\" class=\"sd-link-color\"><\/div>\n<p><h3 class=\"jp-relatedposts-headline\"><em>Relacionado<\/em><\/h3>\n<\/p><\/div>\n\n<p><em> &#8221; Fuentes vadenuez.info &#8221; <\/em><\/p>\n","protected":false},"excerpt":{"rendered":"<p>*Se crear\u00eda la infraestructura necesaria para incentivar y se renovar\u00eda el sector tur\u00edstico en Minatitl\u00e1n, Comala, Ixtlahuac\u00e1n, Coquimatl\u00e1n, Cuauht\u00e9moc, Tecom\u00e1n y Armer\u00eda. Aurora Cruz, candidata para la gubernatura de Colima por el Partido del Trabajo, dio a conocer entre sus \u00faltimos compromisos con el estado que se promover\u00e1 el desarrollo al turismo. Se dar\u00e1 prioridad [&hellip;]<\/p>\n","protected":false},"author":4,"featured_media":126855,"comment_status":"open","ping_status":"closed","sticky":false,"template":"","format":"standard","meta":{"om_disable_all_campaigns":false,"jnews-multi-image_gallery":[],"jnews_single_post":[],"jnews_primary_category":[],"jnews_social_meta":[],"footnotes":""},"categories":[40],"tags":[],"class_list":["post-126854","post","type-post","status-publish","format-standard","has-post-thumbnail","hentry","category-industria"],"_links":{"self":[{"href":"https:\/\/dimensionturistica.com\/es\/wp-json\/wp\/v2\/posts\/126854","targetHints":{"allow":["GET"]}}],"collection":[{"href":"https:\/\/dimensionturistica.com\/es\/wp-json\/wp\/v2\/posts"}],"about":[{"href":"https:\/\/dimensionturistica.com\/es\/wp-json\/wp\/v2\/types\/post"}],"author":[{"embeddable":true,"href":"https:\/\/dimensionturistica.com\/es\/wp-json\/wp\/v2\/users\/4"}],"replies":[{"embeddable":true,"href":"https:\/\/dimensionturistica.com\/es\/wp-json\/wp\/v2\/comments?post=126854"}],"version-history":[{"count":0,"href":"https:\/\/dimensionturistica.com\/es\/wp-json\/wp\/v2\/posts\/126854\/revisions"}],"wp:featuredmedia":[{"embeddable":true,"href":"https:\/\/dimensionturistica.com\/es\/wp-json\/wp\/v2\/media\/126855"}],"wp:attachment":[{"href":"https:\/\/dimensionturistica.com\/es\/wp-json\/wp\/v2\/media?parent=126854"}],"wp:term":[{"taxonomy":"category","embeddable":true,"href":"https:\/\/dimensionturistica.com\/es\/wp-json\/wp\/v2\/categories?post=126854"},{"taxonomy":"post_tag","embeddable":true,"href":"https:\/\/dimensionturistica.com\/es\/wp-json\/wp\/v2\/tags?post=126854"}],"curies":[{"name":"wp","href":"https:\/\/api.w.org\/{rel}","templated":true}]}}