{"id":126832,"date":"2021-05-13T21:04:43","date_gmt":"2021-05-13T21:04:43","guid":{"rendered":"https:\/\/dimensionturistica.com\/es\/?p=126832"},"modified":"2021-05-13T21:04:43","modified_gmt":"2021-05-13T21:04:43","slug":"impulsara-clara-luz-el-turismo-para-reactivar-la-economia","status":"publish","type":"post","link":"https:\/\/dimensionturistica.com\/es\/impulsara-clara-luz-el-turismo-para-reactivar-la-economia\/","title":{"rendered":"Impulsar\u00e1 Clara Luz el turismo para reactivar la econom\u00eda"},"content":{"rendered":"<p> <br \/>\n<\/p>\n<div id=\"\">&#13;<\/p>\n<p>Con el fin de activar la econom\u00eda y poder recuperar el turismo que se desv\u00eda a otros estados de la Rep\u00fablica Mexicana, la candidata a la gubernatura por la coalici\u00f3n &#8216;Juntos Haremos Historia en Nuevo Le\u00f3n&#8217;, Clara Luz Flores, prometi\u00f3 apoyar al sector turismo de Nuevo Le\u00f3n.<\/p>\n<p>\u201cTodos coinciden en la falta de coordinaci\u00f3n, regulaci\u00f3n, priorizaci\u00f3n y reorganizaci\u00f3n, un liderazgo que pueda garantizar que haya la inclusi\u00f3n de todas las \u00e1reas tur\u00edsticas para poder potencializar la derrama econ\u00f3mica que el \u00e1rea tur\u00edstica no da\u201d, puntualiz\u00f3 Clara Luz Flores.<\/p>\n<p>Flores Carrales propuso que el fondo de recuperaci\u00f3n econ\u00f3mica se dirija directamente a todas las MIPyMES afectadas por la pandemia del COVID-19, adem\u00e1s de proporcionar las herramientas de capacitaci\u00f3n para las personas que tengan que restablecer sus condiciones de turismo y establecer sus empresas.<\/p>\n<p>Garantiz\u00f3 el subsidio del 100% a los servicios p\u00fablicos para los permisos que requieren este tipo de industrias para reactivar la econom\u00eda durante un periodo determinado, y finaliz\u00f3 con el rescate de la corporaci\u00f3n para el Desarrollo de Nuevo Le\u00f3n.\u00a0<\/p>\n<p>\u201cDefinitivamente el poder apoyar a la industria tur\u00edstica con las obras y las decisiones del gobierno est\u00e9n basadas en potencializar industrias tur\u00edsticas como es en la parte del vi\u00f1edo, como es en el turismo de monta\u00f1a, como es en la infraestructura, hablamos de la carretera interserrana para poder garantizar otra \u00e1rea de ecoturismo en la zona sur del estado\u201d<\/p>\n<p>\u00a0La aspirante afirm\u00f3 que la inversi\u00f3n aproximada del fondo de reactivaci\u00f3n para las empresas es de 200 millones de pesos.<\/p>\n<p>&#13;\n                <\/p><\/div>\n\n<p><em> &#8221; Fuentes d.elhorizonte.mx &#8221; <\/em><\/p>\n","protected":false},"excerpt":{"rendered":"<p>&#13; Con el fin de activar la econom\u00eda y poder recuperar el turismo que se desv\u00eda a otros estados de la Rep\u00fablica Mexicana, la candidata a la gubernatura por la coalici\u00f3n &#8216;Juntos Haremos Historia en Nuevo Le\u00f3n&#8217;, Clara Luz Flores, prometi\u00f3 apoyar al sector turismo de Nuevo Le\u00f3n. \u201cTodos coinciden en la falta de coordinaci\u00f3n, [&hellip;]<\/p>\n","protected":false},"author":4,"featured_media":126833,"comment_status":"open","ping_status":"closed","sticky":false,"template":"","format":"standard","meta":{"om_disable_all_campaigns":false,"jnews-multi-image_gallery":[],"jnews_single_post":[],"jnews_primary_category":[],"jnews_social_meta":[],"footnotes":""},"categories":[40],"tags":[],"class_list":["post-126832","post","type-post","status-publish","format-standard","has-post-thumbnail","hentry","category-industria"],"_links":{"self":[{"href":"https:\/\/dimensionturistica.com\/es\/wp-json\/wp\/v2\/posts\/126832","targetHints":{"allow":["GET"]}}],"collection":[{"href":"https:\/\/dimensionturistica.com\/es\/wp-json\/wp\/v2\/posts"}],"about":[{"href":"https:\/\/dimensionturistica.com\/es\/wp-json\/wp\/v2\/types\/post"}],"author":[{"embeddable":true,"href":"https:\/\/dimensionturistica.com\/es\/wp-json\/wp\/v2\/users\/4"}],"replies":[{"embeddable":true,"href":"https:\/\/dimensionturistica.com\/es\/wp-json\/wp\/v2\/comments?post=126832"}],"version-history":[{"count":0,"href":"https:\/\/dimensionturistica.com\/es\/wp-json\/wp\/v2\/posts\/126832\/revisions"}],"wp:featuredmedia":[{"embeddable":true,"href":"https:\/\/dimensionturistica.com\/es\/wp-json\/wp\/v2\/media\/126833"}],"wp:attachment":[{"href":"https:\/\/dimensionturistica.com\/es\/wp-json\/wp\/v2\/media?parent=126832"}],"wp:term":[{"taxonomy":"category","embeddable":true,"href":"https:\/\/dimensionturistica.com\/es\/wp-json\/wp\/v2\/categories?post=126832"},{"taxonomy":"post_tag","embeddable":true,"href":"https:\/\/dimensionturistica.com\/es\/wp-json\/wp\/v2\/tags?post=126832"}],"curies":[{"name":"wp","href":"https:\/\/api.w.org\/{rel}","templated":true}]}}