{"id":126821,"date":"2021-05-13T20:48:25","date_gmt":"2021-05-13T20:48:25","guid":{"rendered":"https:\/\/dimensionturistica.com\/es\/?p=126821"},"modified":"2021-05-13T20:48:26","modified_gmt":"2021-05-13T20:48:26","slug":"promocion-del-segmento-mice-marcara-el-inicio-de-la-feria-turistica-fitur-2021-noticias-de-turismo","status":"publish","type":"post","link":"https:\/\/dimensionturistica.com\/es\/promocion-del-segmento-mice-marcara-el-inicio-de-la-feria-turistica-fitur-2021-noticias-de-turismo\/","title":{"rendered":"Promoci\u00f3n del segmento MICE marcar\u00e1 el inicio de la feria tur\u00edstica Fitur 2021 &#8211; Noticias de turismo"},"content":{"rendered":"<p> <br \/>\n<\/p>\n<div id=\"post-132716\">\n\t<\/p>\n<p>\t  <span class=\"antetitulo\"> <\/span><\/p>\n<p class=\"relacionadosSingle\" style=\"clear:both\">Temas relacionados: <b><a rel=\"nofollow noopener\" target=\"_blank\" href=\"https:\/\/www.arecoa.com\/tag\/fitur-2021\/\">Fitur 2021<\/a>, <a rel=\"nofollow noopener\" target=\"_blank\" href=\"https:\/\/www.arecoa.com\/tag\/fitur-mice\/\">Fitur MICE<\/a>, <a rel=\"nofollow noopener\" target=\"_blank\" href=\"https:\/\/www.arecoa.com\/tag\/hotel-wellington\/\">Hotel Wellington<\/a>, <a rel=\"nofollow noopener\" target=\"_blank\" href=\"https:\/\/www.arecoa.com\/tag\/ifema-madrid\/\">IFEMA MADRID<\/a>, <a rel=\"nofollow noopener\" target=\"_blank\" href=\"https:\/\/www.arecoa.com\/tag\/madrid-cvb\/\">Madrid CVB<\/a><\/b><\/p>\n<p>\n\t\t<small>13 mayo, 2021<\/small><\/p>\n<p>\t\t<a rel=\"nofollow noopener\" target=\"_blank\" href=\"https:\/\/www.arecoa.com\/sabor-latino\/2021\/05\/13\/promocion-del-segmento-mice-marcara-inicio-la-feria-turistica-fitur-2021\/#respond\" style=\"float:right;\">&#13;<br \/>\n    <img decoding=\"async\" src=\"https:\/\/www.arecoa.com\/wp-content\/themes\/arecoa\/images\/comment.png\" align=\"absmiddle\" \/> Deja un comentario\t\t<\/a>\t<\/p>\n<p>      <!--\n\t  \t\t\t\t  --><\/p>\n<div class=\"post content\">\n<p>La Feria Internacional de Turismo 2021 (F<strong>itur<\/strong>), arrancar\u00e1 motores con <strong>Fitur MICE<\/strong>, que convoca a los profesionales del turismo de reuniones, incentivos, congresos y eventos los d\u00edas 17 al 19 de mayo en <strong>IFEMA MADRID<\/strong>.<\/p>\n<p><a rel=\"nofollow noopener\" target=\"_blank\" href=\"https:\/\/www.arecoa.com\/wp-content\/uploads\/2021\/05\/IMG-FITUR-mice-54.jpg\"><img decoding=\"async\" class=\"alignleft wp-image-132718\" src=\"https:\/\/www.arecoa.com\/wp-content\/uploads\/2021\/05\/IMG-FITUR-mice-54.jpg\" alt=\"\" width=\"329\" height=\"219\" srcset=\"https:\/\/www.arecoa.com\/wp-content\/uploads\/2021\/05\/IMG-FITUR-mice-54.jpg 2000w, https:\/\/www.arecoa.com\/wp-content\/uploads\/2021\/05\/IMG-FITUR-mice-54-300x200.jpg 300w, https:\/\/www.arecoa.com\/wp-content\/uploads\/2021\/05\/IMG-FITUR-mice-54-768x512.jpg 768w, https:\/\/www.arecoa.com\/wp-content\/uploads\/2021\/05\/IMG-FITUR-mice-54-1024x682.jpg 1024w, https:\/\/www.arecoa.com\/wp-content\/uploads\/2021\/05\/IMG-FITUR-mice-54-250x167.jpg 250w, https:\/\/www.arecoa.com\/wp-content\/uploads\/2021\/05\/IMG-FITUR-mice-54-423x282.jpg 423w, https:\/\/www.arecoa.com\/wp-content\/uploads\/2021\/05\/IMG-FITUR-mice-54-75x50.jpg 75w\" sizes=\"(max-width: 329px) 100vw, 329px\" \/><\/a>Dicho evento comenzar\u00e1 dos d\u00edas antes de la inauguraci\u00f3n de la feria \u201cEspecial Recuperaci\u00f3n Turismo\u201d, que se celebrar\u00e1 del 19 al 23 del mismo mes, y ofrecer\u00e1 entre sus diferentes contenidos un punto estrat\u00e9gico para el encuentro entre la oferta y la demanda especializadas en este segmento clave para la dinamizaci\u00f3n de la industria tur\u00edstica en el \u00e1mbito world.<\/p>\n<p>La secci\u00f3n Fitur MICE que, como cada a\u00f1o, contar\u00e1 con la colaboraci\u00f3n de MITM Occasions, empresa especializada en la organizaci\u00f3n de eventos B2B para la industria MICE, y el apoyo de la pink de Delegaciones de IFEMA en el mundo, ofrecer\u00e1 un espacio propio, para la celebraci\u00f3n de las reuniones en un ambiente exclusivamente profesional orientado a establecer contactos eficientes y generar negocio.<\/p>\n<p>El programa de reuniones ofrece a los expositores participantes una agenda de citas pre-establecidas con directivos de empresas, rigurosamente seleccionados en base a criterios que valorar\u00e1n el alto potencial de negocio y decisi\u00f3n de compra.\u00a0 Y se completar\u00e1 con un programa de networking integrado por la celebraci\u00f3n de diferentes actos sociales que permitir\u00e1n ampliar contactos y reforzar v\u00ednculos entre los participantes.<\/p>\n<p>El evento dar\u00e1 comienzo con una recepci\u00f3n en el <strong>Lodge Wellington<\/strong>, ofrecida por el <strong>Madrid CVB<\/strong>, con la que se iniciar\u00e1 la precise edici\u00f3n y se dar\u00e1 la bienvenida a los m\u00e1s de 100 participantes de 21 pa\u00edses. A lo largo de las jornadas se llevar\u00e1n a cabo m\u00e1s de 2.000 citas pre-establecidas, adem\u00e1s de las generadas durante el programa de networking.<\/p>\n<p>Asimismo los 56 compradores participantes han sido seleccionados de entre 435 registros recibidos. Conforman el selecto grupo, organizadores de eventos y congresos, agencias de incentivos y compradores corporativos.<\/p>\n<p><!-- AddThis Advanced Settings above via filter on the_content --><!-- AddThis Advanced Settings below via filter on the_content --><!-- AddThis Advanced Settings generic via filter on the_content --><!-- AddThis Share Buttons above via filter on the_content --><!-- AddThis Share Buttons below via filter on the_content --><!-- AddThis Share Buttons generic via filter on the_content --><\/div>\n<hr class=\"noCss\" \/><\/div>\n\n<p><em> &#8221; Fuentes www.arecoa.com &#8221; <\/em><\/p>\n","protected":false},"excerpt":{"rendered":"<p>Temas relacionados: Fitur 2021, Fitur MICE, Hotel Wellington, IFEMA MADRID, Madrid CVB 13 mayo, 2021 &#13; Deja un comentario La Feria Internacional de Turismo 2021 (Fitur), arrancar\u00e1 motores con Fitur MICE, que convoca a los profesionales del turismo de reuniones, incentivos, congresos y eventos los d\u00edas 17 al 19 de mayo en IFEMA MADRID. Dicho [&hellip;]<\/p>\n","protected":false},"author":4,"featured_media":126822,"comment_status":"open","ping_status":"closed","sticky":false,"template":"","format":"standard","meta":{"om_disable_all_campaigns":false,"jnews-multi-image_gallery":[],"jnews_single_post":[],"jnews_primary_category":[],"jnews_social_meta":[],"footnotes":""},"categories":[40],"tags":[],"class_list":["post-126821","post","type-post","status-publish","format-standard","has-post-thumbnail","hentry","category-industria"],"_links":{"self":[{"href":"https:\/\/dimensionturistica.com\/es\/wp-json\/wp\/v2\/posts\/126821","targetHints":{"allow":["GET"]}}],"collection":[{"href":"https:\/\/dimensionturistica.com\/es\/wp-json\/wp\/v2\/posts"}],"about":[{"href":"https:\/\/dimensionturistica.com\/es\/wp-json\/wp\/v2\/types\/post"}],"author":[{"embeddable":true,"href":"https:\/\/dimensionturistica.com\/es\/wp-json\/wp\/v2\/users\/4"}],"replies":[{"embeddable":true,"href":"https:\/\/dimensionturistica.com\/es\/wp-json\/wp\/v2\/comments?post=126821"}],"version-history":[{"count":0,"href":"https:\/\/dimensionturistica.com\/es\/wp-json\/wp\/v2\/posts\/126821\/revisions"}],"wp:featuredmedia":[{"embeddable":true,"href":"https:\/\/dimensionturistica.com\/es\/wp-json\/wp\/v2\/media\/126822"}],"wp:attachment":[{"href":"https:\/\/dimensionturistica.com\/es\/wp-json\/wp\/v2\/media?parent=126821"}],"wp:term":[{"taxonomy":"category","embeddable":true,"href":"https:\/\/dimensionturistica.com\/es\/wp-json\/wp\/v2\/categories?post=126821"},{"taxonomy":"post_tag","embeddable":true,"href":"https:\/\/dimensionturistica.com\/es\/wp-json\/wp\/v2\/tags?post=126821"}],"curies":[{"name":"wp","href":"https:\/\/api.w.org\/{rel}","templated":true}]}}