{"id":126787,"date":"2021-05-13T19:41:45","date_gmt":"2021-05-13T19:41:45","guid":{"rendered":"https:\/\/dimensionturistica.com\/es\/?p=126787"},"modified":"2021-05-13T19:41:45","modified_gmt":"2021-05-13T19:41:45","slug":"como-volar-tras-el-fin-del-estado-de-alarma","status":"publish","type":"post","link":"https:\/\/dimensionturistica.com\/es\/como-volar-tras-el-fin-del-estado-de-alarma\/","title":{"rendered":"C\u00f3mo volar tras el fin del Estado de Alarma"},"content":{"rendered":"<p> <br \/>\n<\/p>\n<div>\n<p><strong>La gente tiene ganas de viajar y ya se empieza a notar.\u00a0 As\u00ed lo manifiestan los comparadores y agencias de viajes, que ya han notado una subida de consultas. Seg\u00fan un informe elaborado por la agencia de viajes on-line Rumbo, las reservas on-line han aumentado hasta el 68% en las \u00faltimas semanas.\u00a0<\/strong><\/p>\n<p><a rel=\"nofollow noopener\" target=\"_blank\" href=\"https:\/\/www.diariojuridico.com\/wp-content\/uploads\/2020\/02\/reclamacion-vuelos-diario-juridico-.jpg\"><img decoding=\"async\" loading=\"lazy\" class=\"aligncenter size-full wp-image-123305\" src=\"https:\/\/www.diariojuridico.com\/wp-content\/uploads\/2020\/02\/reclamacion-vuelos-diario-juridico-.jpg\" alt=\"\" width=\"750\" height=\"420\"\/><\/a>Sin embargo, el miedo y la incertidumbre siguen estando presentes. El temor a la posible cancelaci\u00f3n del vuelo por parte de la aerol\u00ednea y el miedo a perder todas las reservas, hacen que muchos viajeros, prefieran esperar a \u00faltima hora para hacer la reserva o decidan directamente no volar.\u00a0<\/p>\n<p><strong>Y es que, durante el Estado de Alarma, se han producido cancelaciones masivas. <\/strong>As\u00ed lo informan desde la plataforma <a rel=\"nofollow noopener\" target=\"_blank\" href=\"https:\/\/www.reclamaciondevuelos.com\/\"><strong>Reclamaci\u00f3n de Vuelos <\/strong><\/a>que desde el inicio de la pandemia han registrado m\u00e1s de 30.000 reclamaciones por incidencias en vuelos.\u00a0<\/p>\n<p>Por este motivo, y para que puedas organizar tu viaje sin ning\u00fan reparo, te resolvemos todas las posibles dudas y te resumimos todas las restricciones tras el Estado de Alarma.<\/p>\n<h3>\u00bfPuedo viajar en avi\u00f3n al extranjero?<\/h3>\n<p>Se puede viajar al extranjero en funci\u00f3n de las restricciones del pa\u00eds de destino. En palabras de la Ministra de Sanidad, \u201ccualquier ciudadano de Espa\u00f1a puede ir a Par\u00eds, Berl\u00edn o Bruselas\u201c, ya que Espa\u00f1a no tiene cerradas sus fronteras.\u00a0<\/p>\n<p>No obstante, <strong>algunos pa\u00edses proh\u00edben la entrada a Espa\u00f1a.<\/strong> Los m\u00e1s importantes: Angola, Argelia, Argentina, Australia, Canad\u00e1, Chile, China, Estados Unidos, Finlandia, Filipinas, Indonesia, Marruecos y Hong Kong.\u00a0<\/p>\n<p>Y otros,<strong> tienen sus propias reglas de entrada<\/strong>. Como Reino Unido, que ha anunciado que los viajeros que viajen desde Espa\u00f1a (excepto Canarias), deben guardar una cuarentena de 10 d\u00edas, adem\u00e1s de la prueba PCR realizada en las 72 horas previas a la llegada. Alemania, Bahamas, Bolivia, Botswana, Brasil, Bulgaria, Cabo Verde, Cuba, Ecuador, Francia, and many others. tambi\u00e9n piden PCR negativa para entrar.\u00a0<\/p>\n<h3>\u00bfPuedo viajar en avi\u00f3n dentro de Espa\u00f1a?<\/h3>\n<p>Pr\u00e1cticamente s\u00ed. En principio, se puede viajar entre autonom\u00edas, sin perjuicio de que algunos territorios mantengan zonas m\u00e1s peque\u00f1as confinadas. Todas las comunidades, <strong>salvo Baleares<\/strong>, han asumido que su cierre perimetral ha terminado, con lo cual se puede entrar y salir libremente de ellas. <strong>Lo \u00fanico que hay que seguir respetando son las restricciones vigentes: distancia de seguridad, mascarilla y aforo.<\/strong><\/p>\n<p>Hay que tener en cuenta que algunas comunidades piden la prueba PCR para entrar. Como las islas Canarias y las Baleares, han impuesto la obligatoriedad de presentar una PCR negativa.<\/p>\n<h3>\u00bfLa aerol\u00ednea puede cancelar el vuelo por coronavirus tras el fin del Estado de Alarma?<\/h3>\n<p>La aerol\u00ednea puede cancelar el vuelo si el lugar de origen o de llegada establece una nueva restricci\u00f3n. Pero hay que saber que \u201cen algunas ocasiones las aerol\u00edneas aprovechan esta situaci\u00f3n\u00a0 y se niegan a pagar una compensaci\u00f3n alegando que la causa de las cancelaciones es el cierre perimetral cuando en realidad no lo es y se deben a causas propias de la aerol\u00ednea\u201d, explica Ekaitz Bacelo, CEO de reclamaciondevuelos.com.<\/p>\n<h3>Si me cancelan el vuelo tras el fin del Estado de Alarma, \u00bftengo derecho a indemnizaci\u00f3n?<\/h3>\n<p><strong>Si el motivo de la cancelaci\u00f3n de vuelo no se considera circunstancia extraordinaria, se puede reclamar una indemnizaci\u00f3n de 250 a 600.<\/strong> En Reclamaci\u00f3n de Vuelos, aconsejan ponerse en contacto con abogados especialistas para que estudien el caso en concreto.\u00a0\u00a0<\/p>\n<p>\u201cEntendemos las circunstancias. Sin embargo, la ley es muy clara, tanto la aerol\u00ednea como la agencia de viajes deben cumplir con sus obligaciones. Nos aseguramos de que los afectados conozcan nuestra versi\u00f3n como expertos, que suele ser distinta a la de la aerol\u00ednea y agencia, y les decimos lo que pueden reclamar la cancelaci\u00f3n de vuelo.\u201d<\/p>\n<h3>\u00bfTodav\u00eda puedo exigir el dinero de los vuelos cancelados por la pandemia?<\/h3>\n<p>Si tu vuelo fue cancelado por las restricciones derivadas del COVID anteriores y la aerol\u00ednea te ofreci\u00f3 un bono para viajar en otro momento, has de saber que si aceptaste el bono sin que la aerol\u00ednea te ofreciera claramente la opci\u00f3n del reembolso, ese consentimiento se considerar\u00e1 viciado, por no contar con toda la informaci\u00f3n relevante.<strong> En este caso, y aunque haya finalizado el Estado de Alarma, seguir\u00e1s manteniendo tu derecho al reembolso.<\/strong><\/p>\n<p>Algunas aerol\u00edneas no lo pusieron nada f\u00e1cil a los pasajeros que quer\u00edan reclamar el reembolso completo de su billete. Ante esta situaci\u00f3n, miles de afectados se vieron \u201cobligados\u201d a aceptar el bono ofrecido por la compa\u00f1\u00eda a\u00e9rea por miedo a perder su dinero. Sin embargo, muchos de ellos siguen queriendo el reembolso, y pueden reclamar.<\/p>\n<p>\u00a0<\/p>\n<\/p><\/div>\n\n<p><em> &#8221; Fuentes www.diariojuridico.com &#8221; <\/em><\/p>\n","protected":false},"excerpt":{"rendered":"<p>La gente tiene ganas de viajar y ya se empieza a notar.\u00a0 As\u00ed lo manifiestan los comparadores y agencias de viajes, que ya han notado una subida de consultas. Seg\u00fan un informe elaborado por la agencia de viajes on-line Rumbo, las reservas on-line han aumentado hasta el 68% en las \u00faltimas semanas.\u00a0 Sin embargo, el [&hellip;]<\/p>\n","protected":false},"author":4,"featured_media":126788,"comment_status":"open","ping_status":"closed","sticky":false,"template":"","format":"standard","meta":{"om_disable_all_campaigns":false,"jnews-multi-image_gallery":[],"jnews_single_post":[],"jnews_primary_category":[],"jnews_social_meta":[],"footnotes":""},"categories":[40],"tags":[],"class_list":["post-126787","post","type-post","status-publish","format-standard","has-post-thumbnail","hentry","category-industria"],"_links":{"self":[{"href":"https:\/\/dimensionturistica.com\/es\/wp-json\/wp\/v2\/posts\/126787","targetHints":{"allow":["GET"]}}],"collection":[{"href":"https:\/\/dimensionturistica.com\/es\/wp-json\/wp\/v2\/posts"}],"about":[{"href":"https:\/\/dimensionturistica.com\/es\/wp-json\/wp\/v2\/types\/post"}],"author":[{"embeddable":true,"href":"https:\/\/dimensionturistica.com\/es\/wp-json\/wp\/v2\/users\/4"}],"replies":[{"embeddable":true,"href":"https:\/\/dimensionturistica.com\/es\/wp-json\/wp\/v2\/comments?post=126787"}],"version-history":[{"count":0,"href":"https:\/\/dimensionturistica.com\/es\/wp-json\/wp\/v2\/posts\/126787\/revisions"}],"wp:featuredmedia":[{"embeddable":true,"href":"https:\/\/dimensionturistica.com\/es\/wp-json\/wp\/v2\/media\/126788"}],"wp:attachment":[{"href":"https:\/\/dimensionturistica.com\/es\/wp-json\/wp\/v2\/media?parent=126787"}],"wp:term":[{"taxonomy":"category","embeddable":true,"href":"https:\/\/dimensionturistica.com\/es\/wp-json\/wp\/v2\/categories?post=126787"},{"taxonomy":"post_tag","embeddable":true,"href":"https:\/\/dimensionturistica.com\/es\/wp-json\/wp\/v2\/tags?post=126787"}],"curies":[{"name":"wp","href":"https:\/\/api.w.org\/{rel}","templated":true}]}}