{"id":126779,"date":"2021-05-13T19:33:32","date_gmt":"2021-05-13T19:33:32","guid":{"rendered":"https:\/\/dimensionturistica.com\/es\/?p=126779"},"modified":"2021-05-13T19:33:34","modified_gmt":"2021-05-13T19:33:34","slug":"noticias-rio-negro-rio-negro-trabaja-junto-al-ente-mixto-de-promocion-turistica-de-viedma","status":"publish","type":"post","link":"https:\/\/dimensionturistica.com\/es\/noticias-rio-negro-rio-negro-trabaja-junto-al-ente-mixto-de-promocion-turistica-de-viedma\/","title":{"rendered":"Noticias Rio Negro &#8211; R\u00edo Negro trabaja junto al Ente Mixto de Promoci\u00f3n Tur\u00edstica de Viedma"},"content":{"rendered":"<p> <br \/>\n<\/p>\n<div>\n<p>Este jueves la ministra de Turismo y Deporte, Martha V\u00e9lez, particip\u00f3 de un encuentro con miembros del Ente Mixto de Promoci\u00f3n Tur\u00edstica de Viedma (EnViTur), a fin de fortalecer el trabajo en conjunto entre Provincia y Municipio para potenciar el desarrollo de la localidad y sus alrededores.<\/p>\n<p>El encuentro estuvo encabezado por el intendente de la capital rionegrina, Pedro Pesatti, acompa\u00f1ado por el secretario de Turismo y presidente del EnViTur, Sergio Rodr\u00edguez. Durante la reuni\u00f3n, V\u00e9lez expuso sobre las obras de infraestructura tur\u00edstica que se est\u00e1n desarrollando en La Lober\u00eda y las que se llevar\u00e1n a cabo pr\u00f3ximamente en otros puntos de la costa atl\u00e1ntica rionegrina.\u00a0<\/p>\n<p>Adem\u00e1s, junto a la secretaria de Infraestructura Tur\u00edstica del Ministerio, Lucrecia Yunes, dialogaron con los presentes en relaci\u00f3n al trabajo que se hizo durante el 2020 en la Ruta Esc\u00e9nica. El espacio de encuentro propici\u00f3 que los actores de ambos sectores pudieran dialogar largamente para proyectar las apuestas del flamante ente en coordinaci\u00f3n con la Provincia.\u00a0<\/p>\n<p>Respecto al encuentro, la ministra expres\u00f3: \u201cfelicito a todos los miembros del Ente por el compromiso que tienen con Viedma y desde el Ministerio de Turismo y Deporte brindaremos todo el apoyo y acompa\u00f1amiento posible para que nuestra capital crezca y se fortalezca como destino tur\u00edstico\u201d. Por otra parte, la titular provincial agradeci\u00f3 la convocatoria y la predisposici\u00f3n del directorio.<\/p>\n<p>\u00a0<\/p>\n<p><strong>Sobre el EnViTur<\/strong><\/p>\n<p>En Entre Mixto de Promoci\u00f3n Tur\u00edstica de Viedma, creado recientemente, tiene como objetivo proyectar acciones promocionales y de difusi\u00f3n de la localidad con sus productos y servicios a trav\u00e9s de un trabajo conjunto y consensuado entre el sector p\u00fablico y privado.\u00a0<\/p>\n<p>El organismo es presidido por el Subsecretario de Turismo, Sergio Rodr\u00edguez y la vicepresidencia es de\u00a0 Carlos Steding de SKAL Comarca Viedma y Patagones. En representaci\u00f3n de la Provincia, integran el directorio el secretario de Turismo de R\u00edo Negro, Marcelo Mancini y la subsecretaria de Desarrollo Tur\u00edstico, Mariela Mesina.<\/p>\n<p>Al frente de la Secretar\u00eda del EnViTur, fue designado Agust\u00edn Rodr\u00edguez representando a la Asociaci\u00f3n de Hoteleros y Gastron\u00f3micos de la Zona Atl\u00e1ntica (FEHGRA); en la Tesorer\u00eda, a Romina Sagarzazu representando a la C\u00e1mara de Comercio, Turismo, Industria y Producci\u00f3n de Viedma; como Professional Tesorero a Juan Gorosito, Secretario de Turismo, Cultura y Deportes de la Municipalidad. Adem\u00e1s, fueron designados como directivos, el Concejal Marco Magnanelli por el Concejo Deliberante de Viedma y Jorge F\u00e1bregues por la regional de la Federaci\u00f3n de Empresas de Viajes y Turismo (FAEVYT).<\/p>\n<\/div>\n<p><script>(function(d, s, id) {\n\t  var js, fjs = d.getElementsByTagName(s)[0];\n\t  if (d.getElementById(id)) return;\n\t  js = d.createElement(s); js.id = id;\n\t  js.src = \"https:\/\/connect.facebook.net\/es_LA\/sdk.js#xfbml=1&version=v2.8&appId=1256119534415773\";\n\t  fjs.parentNode.insertBefore(js, fjs);\n\t}(document, 'script', 'facebook-jssdk'));<\/script><br \/>\n<br \/><\/p>\n<p><em> &#8221; Fuentes www.noticiasrionegro.com.ar &#8221; <\/em><\/p>\n","protected":false},"excerpt":{"rendered":"<p>Este jueves la ministra de Turismo y Deporte, Martha V\u00e9lez, particip\u00f3 de un encuentro con miembros del Ente Mixto de Promoci\u00f3n Tur\u00edstica de Viedma (EnViTur), a fin de fortalecer el trabajo en conjunto entre Provincia y Municipio para potenciar el desarrollo de la localidad y sus alrededores. El encuentro estuvo encabezado por el intendente de [&hellip;]<\/p>\n","protected":false},"author":4,"featured_media":126780,"comment_status":"open","ping_status":"closed","sticky":false,"template":"","format":"standard","meta":{"om_disable_all_campaigns":false,"jnews-multi-image_gallery":[],"jnews_single_post":[],"jnews_primary_category":[],"jnews_social_meta":[],"footnotes":""},"categories":[40],"tags":[],"class_list":["post-126779","post","type-post","status-publish","format-standard","has-post-thumbnail","hentry","category-industria"],"_links":{"self":[{"href":"https:\/\/dimensionturistica.com\/es\/wp-json\/wp\/v2\/posts\/126779","targetHints":{"allow":["GET"]}}],"collection":[{"href":"https:\/\/dimensionturistica.com\/es\/wp-json\/wp\/v2\/posts"}],"about":[{"href":"https:\/\/dimensionturistica.com\/es\/wp-json\/wp\/v2\/types\/post"}],"author":[{"embeddable":true,"href":"https:\/\/dimensionturistica.com\/es\/wp-json\/wp\/v2\/users\/4"}],"replies":[{"embeddable":true,"href":"https:\/\/dimensionturistica.com\/es\/wp-json\/wp\/v2\/comments?post=126779"}],"version-history":[{"count":0,"href":"https:\/\/dimensionturistica.com\/es\/wp-json\/wp\/v2\/posts\/126779\/revisions"}],"wp:featuredmedia":[{"embeddable":true,"href":"https:\/\/dimensionturistica.com\/es\/wp-json\/wp\/v2\/media\/126780"}],"wp:attachment":[{"href":"https:\/\/dimensionturistica.com\/es\/wp-json\/wp\/v2\/media?parent=126779"}],"wp:term":[{"taxonomy":"category","embeddable":true,"href":"https:\/\/dimensionturistica.com\/es\/wp-json\/wp\/v2\/categories?post=126779"},{"taxonomy":"post_tag","embeddable":true,"href":"https:\/\/dimensionturistica.com\/es\/wp-json\/wp\/v2\/tags?post=126779"}],"curies":[{"name":"wp","href":"https:\/\/api.w.org\/{rel}","templated":true}]}}