{"id":126649,"date":"2021-05-13T16:39:59","date_gmt":"2021-05-13T16:39:59","guid":{"rendered":"https:\/\/dimensionturistica.com\/es\/?p=126649"},"modified":"2021-05-13T16:40:01","modified_gmt":"2021-05-13T16:40:01","slug":"la-mitad-de-latinoamerica-ira-a-fitur-en-busca-de-la-recuperacion-turistica","status":"publish","type":"post","link":"https:\/\/dimensionturistica.com\/es\/la-mitad-de-latinoamerica-ira-a-fitur-en-busca-de-la-recuperacion-turistica\/","title":{"rendered":"La mitad de Latinoam\u00e9rica ir\u00e1 a Fitur en busca de la recuperaci\u00f3n tur\u00edstica"},"content":{"rendered":"<p> <br \/>\n<\/p>\n<div>\n            <!-- image --><\/p>\n<div class=\"td-post-featured-image\"><a rel=\"nofollow noopener\" target=\"_blank\" href=\"https:\/\/i0.wp.com\/holanews.com\/wp-content\/uploads\/17545033w.jpg?fit=800%2C532&amp;ssl=1\" data-caption=\"\"><img decoding=\"async\" width=\"696\" height=\"463\" class=\"entry-thumb td-modal-image\" src=\"https:\/\/i0.wp.com\/holanews.com\/wp-content\/uploads\/17545033w.jpg?resize=696%2C463&amp;ssl=1\" srcset=\"https:\/\/i0.wp.com\/holanews.com\/wp-content\/uploads\/17545033w.jpg?w=800&amp;ssl=1 800w, https:\/\/i0.wp.com\/holanews.com\/wp-content\/uploads\/17545033w.jpg?resize=300%2C200&amp;ssl=1 300w, https:\/\/i0.wp.com\/holanews.com\/wp-content\/uploads\/17545033w.jpg?resize=696%2C463&amp;ssl=1 696w, https:\/\/i0.wp.com\/holanews.com\/wp-content\/uploads\/17545033w.jpg?resize=632%2C420&amp;ssl=1 632w\" sizes=\"(max-width: 696px) 100vw, 696px\" alt=\"521202\" title=\"La mitad de Latinoam\u00e9rica ir\u00e1 a Fitur en busca de la recuperaci\u00f3n  tur\u00edstica\"\/><\/a><\/div>\n<p>            <!-- content --><\/p>\n<h3>ESPA\u00d1A FITUR 2021<\/h3>\n<p>Madrid, 13 might (EFE).- Representantes de la mitad de los pa\u00edses latinoamericanos asistir\u00e1n f\u00edsicamente a la pr\u00f3xima Feria Internacional de Turismo de Madrid, Fitur 2021, que se desarrollar\u00e1 por vez primera en sesiones presenciales y telem\u00e1ticas debido a la pandemia y con el objetivo de la ansiada recuperaci\u00f3n de este importante sector econ\u00f3mico. <\/p>\n<p>\nEl lema elegido por Fitur en esta ocasi\u00f3n -\u201cVuelve el turismo\u201d- es una se\u00f1al clara para animar la recuperaci\u00f3n del turismo, fuertemente castigado por las consecuencias de la covid-19. <\/p>\n<p>\nEl a\u00f1o 2020 fue el peor de la historia, con mil millones menos de llegadas internacionales en todo el mundo, equivalente a un descenso del 74 % (del 69 % en las Am\u00e9ricas), seg\u00fan datos de la Organizaci\u00f3n Mundial del Turismo (OMT), debido al temor a contagiarse y a las duras restricciones de viaje y alojamiento, con unas p\u00e9rdidas de 1,3 billones de d\u00f3lares.<\/p>\n<p>\nLos pa\u00edses que estar\u00e1n presentes con expositor en Fitur -una de las ferias tur\u00edsticas m\u00e1s importantes del mundo- se reducen de los 165 de 2020 a 55, y los aforos bajan al 50 % para prevenir el contagio entre los participantes en esta edici\u00f3n, que inaugurar\u00e1n los reyes de Espa\u00f1a el 19 de mayo y terminar\u00e1 el d\u00eda 23.<\/p>\n<p>\nAparte, otros 79 pa\u00edses recurrir\u00e1n a la plataforma digital Fitur LIVEConect, que est\u00e1 operativa desde el pasado 5 de mayo y hasta el 4 de junio. <\/p>\n<p>\nCONCIENCIDADOS SOBRE EL VALOR DEL TURISMO<\/p>\n<p>\nEn Fitur 2021, presentada este jueves, habr\u00e1 representaciones oficiales nacionales o locales de Chile, Colombia, Guatemala, Argentina, M\u00e9xico, Cuba, Honduras, Costa Rica, Per\u00fa, Rep\u00fablica Dominicana, Brasil y Panam\u00e1, seg\u00fan informa la net oficial de la feria.<\/p>\n<p>\nConscientes de su trascendencia socioecon\u00f3mica, ministros y viceministros de Turismo de 18 pa\u00edses latinoamericanos firmaron la semana pasada la Declaraci\u00f3n de Punta Cana (Rep\u00fablica Dominicana), que establece las l\u00edneas claves y el compromiso de la regi\u00f3n para relanzar el sector, haci\u00e9ndolo m\u00e1s sostenible e inclusivo.<\/p>\n<p>\nEl objetivo es asegurar su recuperaci\u00f3n \u201cr\u00e1pida, efectiva, segura y sostenible\u201d, seg\u00fan acordaron en una reuni\u00f3n convocada por la OMT.\u00a0<\/p>\n<p>\nA pesar de las restricciones, Fitur ser\u00e1 la primera gran feria mundial en celebrarse de manera presencial, una vez que la pandemia est\u00e1 m\u00e1s controlada y avanza la vacunaci\u00f3n, aunque de manera desigual, y es un punto de inflexi\u00f3n para relanzar el turismo de forma segura. <\/p>\n<p>\nLa oferta tur\u00edstica se distribuir\u00e1 en m\u00e1s de 46.000 metros cuadrados de los recintos feriales de la capital de Espa\u00f1a (Ifema), incluidas 5.000 empresas que han confirmado su presencia. Un 38 % de los expositores son internacionales. <\/p>\n<p>\nEntre las novedades, destaca la celebraci\u00f3n de Fitur Lingua, sobre turismo idiom\u00e1tico, que estar\u00e1 liderado por Espa\u00f1a, adem\u00e1s de Fitur Lady para poner de manifiesto el papel relevante de la mujer en el mundo del turismo. <\/p>\n<p>\nLos participantes en las reuniones profesionales deber\u00e1n aportar pruebas PCR o ant\u00edgenos de resultado negativo, aunque no se exigir\u00e1n para el p\u00fablico en normal, que podr\u00e1 acceder los d\u00edas 22 y 23 con medidas sanitarias de prevenci\u00f3n. <\/p>\n<p>\nESPA\u00d1A PRESENTAR\u00c1 EL CERTIFICADO DIGITAL VERDE <\/p>\n<p>\nEn esta edici\u00f3n, el presidente del Gobierno espa\u00f1ol, Pedro S\u00e1nchez, presentar\u00e1 el \u201ccertificado digital verde\u201d que se podr\u00e1 aplicar a partir de junio y que permitir\u00e1 viajar de forma segura a destinos determinados. Espa\u00f1a, que ya esta preparada para ello, espera \u201ccuanto antes\u201d la aprobaci\u00f3n de la Comisi\u00f3n Europea. <\/p>\n<p>\nFitur es \u201cun punto de inflexi\u00f3n para la reactivaci\u00f3n del sector tur\u00edstico\u201d, con la movilidad segura, la sostenibilidad y la digitalizaci\u00f3n como ejes centrales de esta edici\u00f3n, dijo hoy la ministra espa\u00f1ola de Industria, Comercio y Turismo, Reyes Maroto.<\/p>\n<p>\nEspa\u00f1a, una gran potencia tur\u00edstica, espera captar este a\u00f1o unos 45 millones de viajeros extranjeros, algo m\u00e1s de la mitad de los 83,5 millones que llegaron en 2019, despu\u00e9s de un desplome nunca visto de 65 millones menos en 2020.<\/p>\n<p>\nEl presidente del Comit\u00e9 Organizador de Fitur y presidente ejecutivo de Iberia, Javier S\u00e1nchez-Prieto, destac\u00f3 la importancia para Espa\u00f1a de recuperar la movilidad, que supone un revulsivo para relanzar el turismo y para demostrar que \u201ces posible conjugar salud y econom\u00eda\u201d. <\/p>\n<p>\nLa industria tur\u00edstica espa\u00f1ola ha sido en los \u00faltimos a\u00f1os la m\u00e1s competitiva del mundo y ahora est\u00e1 en una posici\u00f3n \u201cinmejorable\u201d para su recuperaci\u00f3n. \u201cPero necesitamos m\u00e1s que nunca Fitur\u201d, afirm\u00f3 S\u00e1nchez-Prieto.<\/p>\n<\/p><\/div>\n\n<p><em> &#8221; Fuentes holanews.com &#8221; <\/em><\/p>\n","protected":false},"excerpt":{"rendered":"<p>ESPA\u00d1A FITUR 2021 Madrid, 13 might (EFE).- Representantes de la mitad de los pa\u00edses latinoamericanos asistir\u00e1n f\u00edsicamente a la pr\u00f3xima Feria Internacional de Turismo de Madrid, Fitur 2021, que se desarrollar\u00e1 por vez primera en sesiones presenciales y telem\u00e1ticas debido a la pandemia y con el objetivo de la ansiada recuperaci\u00f3n de este importante sector [&hellip;]<\/p>\n","protected":false},"author":4,"featured_media":126650,"comment_status":"open","ping_status":"closed","sticky":false,"template":"","format":"standard","meta":{"om_disable_all_campaigns":false,"jnews-multi-image_gallery":[],"jnews_single_post":[],"jnews_primary_category":[],"jnews_social_meta":[],"footnotes":""},"categories":[40],"tags":[],"class_list":["post-126649","post","type-post","status-publish","format-standard","has-post-thumbnail","hentry","category-industria"],"_links":{"self":[{"href":"https:\/\/dimensionturistica.com\/es\/wp-json\/wp\/v2\/posts\/126649","targetHints":{"allow":["GET"]}}],"collection":[{"href":"https:\/\/dimensionturistica.com\/es\/wp-json\/wp\/v2\/posts"}],"about":[{"href":"https:\/\/dimensionturistica.com\/es\/wp-json\/wp\/v2\/types\/post"}],"author":[{"embeddable":true,"href":"https:\/\/dimensionturistica.com\/es\/wp-json\/wp\/v2\/users\/4"}],"replies":[{"embeddable":true,"href":"https:\/\/dimensionturistica.com\/es\/wp-json\/wp\/v2\/comments?post=126649"}],"version-history":[{"count":0,"href":"https:\/\/dimensionturistica.com\/es\/wp-json\/wp\/v2\/posts\/126649\/revisions"}],"wp:featuredmedia":[{"embeddable":true,"href":"https:\/\/dimensionturistica.com\/es\/wp-json\/wp\/v2\/media\/126650"}],"wp:attachment":[{"href":"https:\/\/dimensionturistica.com\/es\/wp-json\/wp\/v2\/media?parent=126649"}],"wp:term":[{"taxonomy":"category","embeddable":true,"href":"https:\/\/dimensionturistica.com\/es\/wp-json\/wp\/v2\/categories?post=126649"},{"taxonomy":"post_tag","embeddable":true,"href":"https:\/\/dimensionturistica.com\/es\/wp-json\/wp\/v2\/tags?post=126649"}],"curies":[{"name":"wp","href":"https:\/\/api.w.org\/{rel}","templated":true}]}}