{"id":126643,"date":"2021-05-13T16:31:48","date_gmt":"2021-05-13T16:31:48","guid":{"rendered":"https:\/\/dimensionturistica.com\/es\/?p=126643"},"modified":"2021-05-13T16:31:49","modified_gmt":"2021-05-13T16:31:49","slug":"es-un-nuevo-golpe-al-sector","status":"publish","type":"post","link":"https:\/\/dimensionturistica.com\/es\/es-un-nuevo-golpe-al-sector\/","title":{"rendered":"&#8220;Es un nuevo golpe al sector&#8221;"},"content":{"rendered":"<p> <br \/>\n<\/p>\n<p>jueves, 13 de mayo, 2021 &#8211; 13:10 hs.<\/p>\n<div>\n<p><strong>Sebasti\u00e1n Salvia, presidente de la C\u00e1mara de Agencias de Viajes y Turismo de Mar del Plata, asegur\u00f3 ante el m\u00f3vil de Radio Brisas que se esperaba un fin de semana de mucha afluencia, teniendo en cuenta el volumen de consultas que hab\u00edan tenido.<\/strong><\/p>\n<p>&#8220;Estamos preocupados por la situaci\u00f3n sanitaria, tanto de los marplatenses y de los turistas, pero tambi\u00e9n <strong>nos preocupa la evoluci\u00f3n del sector<\/strong>&#8220;, remarc\u00f3.<\/p>\n<p>En tal sentido, se\u00f1al\u00f3 que &#8220;<strong>esper\u00e1bamos con expectativas el fin de semana largo<\/strong>, donde se preve\u00eda una buena afluencia&#8221;, pero la decisi\u00f3n del gobierno de <strong>eliminar el feriado puente &#8220;es un nuevo golpe al sector<\/strong>&#8220;.<\/p>\n<p>Salvia aclar\u00f3 que si bien &#8220;no hab\u00eda muchas reservas, se esperaba muchos turistas porque en general se hace la reserva muy al l\u00edmite de la fecha&#8221;, al ser un destino de cercan\u00eda.<\/p>\n<p>En cuanto a lo que son las <strong>consultas para vacunarse en el exterior<\/strong>, Salvia sostuvo que &#8220;el destino por excelencia es el sur de Estados Unidos, sobre todo en el estado de Florida&#8221;, enfatizando que <strong>el que puede &#8220;concreta el viaje&#8221;.<\/strong><\/p>\n<p>Salvia aclar\u00f3 que &#8220;en estos d\u00edas, por las nuevas restricciones la ocupaci\u00f3n de los vueloses compleja, pero recomendamos que se acerquen a su agencia de viaje para asesorarse al respecto&#8221;.<\/p>\n<p><strong>Escuch\u00e1 el testimonio de Sebasti\u00e1n Salvia ante el m\u00f3vil de Radio Brisas<\/strong><\/p>\n<\/div>\n<p><script>(function(d, s, id) {\n  var js, fjs = d.getElementsByTagName(s)[0];\n  if (d.getElementById(id)) return;\n  js = d.createElement(s); js.id = id;\n  js.src = \"https:\/\/connect.facebook.net\/es_LA\/sdk.js#xfbml=1&version=v2.3\";\n  fjs.parentNode.insertBefore(js, fjs);\n}(document, 'script', 'facebook-jssdk'));<\/script><br \/>\n<br \/><\/p>\n<p><em> &#8221; Fuentes infobrisas.com &#8221; <\/em><\/p>\n","protected":false},"excerpt":{"rendered":"<p>jueves, 13 de mayo, 2021 &#8211; 13:10 hs. Sebasti\u00e1n Salvia, presidente de la C\u00e1mara de Agencias de Viajes y Turismo de Mar del Plata, asegur\u00f3 ante el m\u00f3vil de Radio Brisas que se esperaba un fin de semana de mucha afluencia, teniendo en cuenta el volumen de consultas que hab\u00edan tenido. &#8220;Estamos preocupados por la [&hellip;]<\/p>\n","protected":false},"author":4,"featured_media":126644,"comment_status":"open","ping_status":"closed","sticky":false,"template":"","format":"standard","meta":{"om_disable_all_campaigns":false,"jnews-multi-image_gallery":[],"jnews_single_post":[],"jnews_primary_category":[],"jnews_social_meta":[],"footnotes":""},"categories":[40],"tags":[],"class_list":["post-126643","post","type-post","status-publish","format-standard","has-post-thumbnail","hentry","category-industria"],"_links":{"self":[{"href":"https:\/\/dimensionturistica.com\/es\/wp-json\/wp\/v2\/posts\/126643","targetHints":{"allow":["GET"]}}],"collection":[{"href":"https:\/\/dimensionturistica.com\/es\/wp-json\/wp\/v2\/posts"}],"about":[{"href":"https:\/\/dimensionturistica.com\/es\/wp-json\/wp\/v2\/types\/post"}],"author":[{"embeddable":true,"href":"https:\/\/dimensionturistica.com\/es\/wp-json\/wp\/v2\/users\/4"}],"replies":[{"embeddable":true,"href":"https:\/\/dimensionturistica.com\/es\/wp-json\/wp\/v2\/comments?post=126643"}],"version-history":[{"count":0,"href":"https:\/\/dimensionturistica.com\/es\/wp-json\/wp\/v2\/posts\/126643\/revisions"}],"wp:featuredmedia":[{"embeddable":true,"href":"https:\/\/dimensionturistica.com\/es\/wp-json\/wp\/v2\/media\/126644"}],"wp:attachment":[{"href":"https:\/\/dimensionturistica.com\/es\/wp-json\/wp\/v2\/media?parent=126643"}],"wp:term":[{"taxonomy":"category","embeddable":true,"href":"https:\/\/dimensionturistica.com\/es\/wp-json\/wp\/v2\/categories?post=126643"},{"taxonomy":"post_tag","embeddable":true,"href":"https:\/\/dimensionturistica.com\/es\/wp-json\/wp\/v2\/tags?post=126643"}],"curies":[{"name":"wp","href":"https:\/\/api.w.org\/{rel}","templated":true}]}}