{"id":126627,"date":"2021-05-13T16:09:15","date_gmt":"2021-05-13T16:09:15","guid":{"rendered":"https:\/\/dimensionturistica.com\/es\/?p=126627"},"modified":"2021-05-13T16:09:17","modified_gmt":"2021-05-13T16:09:17","slug":"que-es-glamping-cuanto-cuesta-en-colombia-viajar-vida","status":"publish","type":"post","link":"https:\/\/dimensionturistica.com\/es\/que-es-glamping-cuanto-cuesta-en-colombia-viajar-vida\/","title":{"rendered":"\u00bfQu\u00e9 es &#8216;glamping&#8217;, cu\u00e1nto cuesta en Colombia? &#8211; Viajar &#8211; Vida"},"content":{"rendered":"<p> <br \/>\n<\/p>\n<div itemprop=\"articleBody\">\n<p class=\"contenido\" id=\"p542088-m2068-2067-2069\">Si busca un plan que mezcle naturaleza con comodidad el &#8216;glamping&#8217; puede ser lo suyo. Se trata de una tendencia tur\u00edstica que ha tomado fuerza en los \u00faltimos a\u00f1os en toda Colombia.\u00a0<\/p>\n<p><b>(Le puede interesar:\u00a0<a rel=\"nofollow noopener\" target=\"_blank\" href=\"https:\/\/www.eltiempo.com\/vida\/viajar\/turismo-cinco-destinos-sustentables-para-visitar-en-colombia-542153\">Cinco destinos sustentables para visitar en Colombia<\/a>).<br \/><\/b><br \/>Su nombre nace de mezclar las palabras \u2018glamorous\u2019 y \u2018camping\u2019, es decir, ofrece experiencias al aire libre con los beneficios que tendr\u00eda un resort, en muchos casos, uno lujoso.<\/p>\n<p>Se trata de una de las ofertas id\u00f3neas para los citadinos que <b>quieren desconectarse a trav\u00e9s del contacto con la naturaleza, pero en espacios seguros y hogare\u00f1os.<\/b><\/p>\n<p class=\"contenido\" id=\"p542088-m2112-2-2113\">Si bien el concepto de todos los &#8216;glamping&#8217; funciona bajo una thought comparable (mezclar experiencias al aire libre con consolation), sus servicios no. <\/p>\n<p><b>(Le recomendamos leer:\u00a0<a rel=\"nofollow noopener\" target=\"_blank\" href=\"https:\/\/www.eltiempo.com\/bogota\/pico-y-placa-en-la-autopista-sur-en-puente-festivo-542024\">Ojo, habr\u00e1 pico y placa en la autopista Sur de Bogot\u00e1\u00a0durante el puente festivo<\/a>).<br \/><\/b><br \/>Los hay con planes <b>dise\u00f1ados para parejas, familias o amigos; con edificaciones en forma de casa, domos transparentes o inspirados en igl\u00faes; con spas, servicios ecotur\u00edsticos, deportes extremos y hasta servicio de fogatas.\u00a0<\/b><\/p>\n<p>Aunque su precio promedio por noche sea m\u00e1s alto que el de un resort est\u00e1ndar, teniendo en cuenta que puede costar m\u00e1s de 700.000 pesos,\u00a0existen ofertas m\u00e1s asequibles en el mercado a las que no est\u00e1 de m\u00e1s echarles un vistazo.<\/p>\n<div class=\"articulo-quote\" id=\"p542088-m2118-3-2119\">\n<div class=\"quote-bk\">\n<p id=\"m2123-2122-2124\" class=\"mensaje\">No hay que olvidar que muchos &#8216;glampings&#8217; tienen costos de operaci\u00f3n m\u00e1s altos por lo &#8216;rec\u00f3ndito&#8217; de la zona donde operan<\/p>\n<\/div>\n<\/div>\n<p class=\"contenido\" id=\"p542088-m2142-4-2143\">En espec\u00edfico, aqu\u00ed<b> le contamos de 14 ofertas con precios desde los 120.000 pesos hasta los 350.000 por noche.\u00a0\u00a0<\/b><\/p>\n<p>Y es que, tal como veremos, el &#8216;glamping&#8217; suele ser m\u00e1s que una estad\u00eda, pues incluye toda una experiencia.<\/p>\n<p>Adem\u00e1s, tal como le explic\u00f3 a EL TIEMPO una vocera de La Quinta Glamping, &#8220;<b>suelen ser alojamientos con un alto nivel de inversi\u00f3n, por eso muchos planes est\u00e1n pensados solamente para recuperar el dinero que cost\u00f3 construir el lugar&#8221;<\/b>.<\/p>\n<p class=\"contenido\" id=\"p542088-m2148-5-2149\"><b>(Siga leyendo:\u00a0<a rel=\"nofollow noopener\" target=\"_blank\" href=\"https:\/\/www.eltiempo.com\/vida\/viajar\/turismo-cinco-destinos-sustentables-para-visitar-en-colombia-542153\">Cinco destinos sustentables para visitar en Colombia<\/a>).<br \/><\/b><br \/>En otros casos, un precio relativamente m\u00e1s bajo esta dado por el grupo objetivo al que se dirigen. As\u00ed, por ejemplo,\u00a0Nativo Glamping, en Santander, &#8220;le est\u00e1 apuntando a un mercado m\u00e1s familiar con buen nivel adquisitivo, pero que no quieran gastar cifras exorbitantes en un alojamiento&#8221;, le cont\u00f3 esa empresa a este diario.\u00a0<\/p>\n<p>&#8220;No hay que olvidar que muchos &#8216;glampings&#8217; <b>tienen costos de operaci\u00f3n m\u00e1s altos por lo &#8216;rec\u00f3ndito&#8217; de la zona donde operan<\/b>, eso tambi\u00e9n influye en la definici\u00f3n de precios&#8221;, concluy\u00f3 una vocera de Nativo.\u00a0<\/p>\n<p><span class=\"articulo-subtitulo\" id=\"p542088-m2154-6-2155\">Balorka<\/span><\/p>\n<p class=\"contenido\" id=\"p542088-m2160-7-2161\"><b>Ubicaci\u00f3n:<\/b> Cali, v\u00eda a Pance (Valle del Cauca).<\/p>\n<p><b>Descripci\u00f3n:<\/b>\u00a0&#8220;Un lugar para descansar, relajarse, ser rom\u00e1ntico, dar amor, encontrar la paz y la tranquilidad, rodeado de naturaleza, aire puro, vida&#8221;, cube su descripci\u00f3n oficial en la p\u00e1gina de viajes TripAdvisor.<\/p>\n<p><b>Precio:<\/b>\u00a0desde 300.000 la noche para dos personas.<\/p>\n<p>Es el precio est\u00e1ndar para todas las casas con c\u00fapula que se ofrecen. Estas tienen\u00a0ba\u00f1o privado, terraza y acceso a una piscina de agua pure. E incluye cena del d\u00eda de llegada, desayuno y almuerzo para el d\u00eda siguiente. Tiene acceso a zonas comunes con juegos de mesas, parasoles y sillas. Adem\u00e1s, cuenta con parqueadero, WiFi y aire acondicionado.\u00a0<\/p>\n<div class=\"fotografia\" id=\"p542088-m2166-8-2167\">\n<div class=\"imagen-cuerpo-bk\">\n<figure itemscope=\"\" itemtype=\"https:\/\/schema.org\/ImageObject\" itemprop=\"image\" id=\"m2171-2170-2172\" class=\"foto-galeria-articulo\"><img decoding=\"async\" alt=\"Balorka\" src=\"data:image\/png;base64,iVBORw0KGgoAAAANSUhEUgAAAAIAAAABCAQAAABeK7cBAAAAC0lEQVR42mNkAAIAAAoAAv\/lxKUAAAAASUVORK5CYII=\" style=\" display: inline;\" width=\"600px\" height=\"450px\" data-original=\"\/files\/article_content\/uploads\/2020\/10\/08\/5f7ed30b5e4d4.jpeg\"\/><meta itemprop=\"width\" content=\"600\"\/><meta itemprop=\"height\" content=\"450\"\/><meta itemprop=\"url\" content=\"https:\/\/www.eltiempo.com\/files\/article_content\/uploads\/2020\/10\/08\/5f7ed30b5e4d4.jpeg\"\/><\/figure>\n<\/div>\n<\/div>\n<div class=\"fotografia\" id=\"p542088-m2192-9-2193\">\n<div class=\"imagen-cuerpo-bk\">\n<figure itemscope=\"\" itemtype=\"https:\/\/schema.org\/ImageObject\" itemprop=\"image\" id=\"m2197-2196-2198\" class=\"foto-galeria-articulo\"><img decoding=\"async\" alt=\"Balorka\" src=\"data:image\/png;base64,iVBORw0KGgoAAAANSUhEUgAAAAIAAAABCAQAAABeK7cBAAAAC0lEQVR42mNkAAIAAAoAAv\/lxKUAAAAASUVORK5CYII=\" style=\" display: inline;\" width=\"600px\" height=\"450px\" data-original=\"\/files\/article_content\/uploads\/2020\/10\/08\/5f7ed336cebca.jpeg\"\/><meta itemprop=\"width\" content=\"600\"\/><meta itemprop=\"height\" content=\"450\"\/><meta itemprop=\"url\" content=\"https:\/\/www.eltiempo.com\/files\/article_content\/uploads\/2020\/10\/08\/5f7ed336cebca.jpeg\"\/><\/figure>\n<\/div>\n<div class=\"figcaption-cuerpo-bk credito-image-bk\"><figcaption class=\"foto-info\">\n<div class=\"titulo-foto-bk\">\n<p id=\"m2204-1-2205\" class=\"titulo\">Vista inside de casa con c\u00fapula.<\/p>\n<\/div>\n<\/figcaption><\/div>\n<\/div>\n<p><span class=\"articulo-subtitulo\" id=\"p542088-m2218-10-2219\">Bajo el cielo\u00a0<\/span><\/p>\n<p class=\"contenido\" id=\"p542088-m2224-11-2225\"><b>Ubicaci\u00f3n:<\/b>\u00a0vereda Montecillo, Guatavita (Cundinamarca).\u00a0<\/p>\n<p><b>Descripci\u00f3n: <\/b>hospedaje ecoamigable con habitaciones minimalistas. Alejado de zonas pobladas.\u00a0<\/p>\n<p><b>Precio<\/b>: desde 230.000 para dos personas por noche.\u00a0<\/p>\n<p>La oferta m\u00e1s econ\u00f3mica incluye una habitaci\u00f3n en una &#8216;ecotent&#8217;, una estructura triangular con acceso a una zona com\u00fan y jacuzzi. Best para compartir en grupo o conocer personas. Todas los habit\u00e1culos tienen vista al embalse de Tomin\u00e9, zona WiFi\u00a0 y se permite llevar mascotas.\u00a0<\/p>\n<p>Por un costo adicional, se ofrecen actividades que aprovechan la riqueza cultural y ambiental de Guatavita. Destacan paseos en bote de vela, parapente, caminatas y &#8216;excursions&#8217; en las lagunas de Siecha y Guatavita.\u00a0<\/p>\n<p class=\"contenido\" id=\"p542088-m2242-14-2243\"><i>(Si nos lee desde la app vea fotos del lugar <a rel=\"nofollow noopener\" target=\"_blank\" href=\"https:\/\/www.instagram.com\/bajo_el_cielo_glamping\/?hl=es-la\">aqu\u00ed<\/a>).\u00a0<\/i><\/p>\n<p><span class=\"articulo-subtitulo\" id=\"p542088-m2248-15-2249\">Glamping Pigmali\u00f3n<\/span><\/p>\n<p class=\"contenido\" id=\"p542088-m2254-16-2255\"><b>Ubicaci\u00f3n:<\/b>\u00a0Santa Elena, Medell\u00edn (Antioquia). <\/p>\n<p><b>Descripci\u00f3n:<\/b>\u00a0hospedaje en medio del bosque. Se describen a s\u00ed mismos como &#8220;un refugio ecol\u00f3gico de paz y descanso&#8221;.<\/p>\n<p><b>Precio:<\/b>\u00a0desde 300.000 para dos personas por noche.<\/p>\n<p>Este precio cubre la &#8216;experiencia americana&#8217;, que incluye el alojamiento en un &#8216;glamping&#8217; privado al lado o dentro del bosque, cena, desayuno, caminata ecol\u00f3gica con gu\u00eda, almuerzos, caf\u00e9 y arom\u00e1tica ilimitadas. Adem\u00e1s,\u00a0senderos para respirar, hamacas, zona de fogata y malla para el descanso.\u00a0<\/p>\n<p>Cabe aclarar que por un valor de 230.000 se puede disfrutar en pareja, pero sin las otras caracter\u00edsticas descritas arriba.\u00a0<\/p>\n<div class=\"fotografia\" id=\"p542088-m2260-17-2261\">\n<div class=\"imagen-cuerpo-bk\">\n<figure itemscope=\"\" itemtype=\"https:\/\/schema.org\/ImageObject\" itemprop=\"image\" id=\"m2265-2264-2266\" class=\"foto-galeria-articulo\"><img decoding=\"async\" alt=\"Glamping Pigmalion\" src=\"data:image\/png;base64,iVBORw0KGgoAAAANSUhEUgAAAAIAAAABCAQAAABeK7cBAAAAC0lEQVR42mNkAAIAAAoAAv\/lxKUAAAAASUVORK5CYII=\" style=\" display: inline;\" width=\"600px\" height=\"450px\" data-original=\"\/files\/article_content\/files\/crop\/uploads\/2020\/10\/07\/5f7e9c7c8f540.r_1620919028909.0-213-853-853.jpeg\"\/><meta itemprop=\"width\" content=\"600\"\/><meta itemprop=\"height\" content=\"450\"\/><meta itemprop=\"url\" content=\"https:\/\/www.eltiempo.com\/files\/article_content\/files\/crop\/uploads\/2020\/10\/07\/5f7e9c7c8f540.r_1620919028909.0-213-853-853.jpeg\"\/><\/figure>\n<\/div>\n<\/div>\n<p><span class=\"articulo-subtitulo\" id=\"p542088-m2286-18-2287\">El Coloration de Mis R\u00eaves<\/span><\/p>\n<p class=\"contenido\" id=\"p542088-m2292-19-2293\"><b>Ubicaci\u00f3n:<\/b>\u00a0vereda Monta\u00f1o, Villamar\u00eda (Caldas).<\/p>\n<p><b>Descripci\u00f3n:\u00a0 <\/b>el sitio se encuentra ubicado en el bosque alto de niebla de\u00a0la Cordillera Central de los Andes a 2.850 metros sobre el nivel del mar. Adem\u00e1s, &#8220;tenemos 3.893 hect\u00e1reas de bosque,\u00a0489 especies de aves identificadas y 83 que puedes llegar a contemplar en el &#8216;Glamping'&#8221;, cube su p\u00e1gina net.\u00a0<\/p>\n<p><b>Precio<\/b>: desde 350.000 por noche para dos personas.\u00a0<\/p>\n<p>De acuerdo con la informaci\u00f3n de su sitio oficial este es el precio m\u00ednimo que se cobra por tres de las seis carpas de lujo que tienen disponibles. En los tres casos la tarifa incluye desayuno a la carta, transporte, bebidas calientes, personalizaci\u00f3n y decoraci\u00f3n b\u00e1sica.<\/p>\n<p class=\"contenido\" id=\"p542088-m2304-21-2305\"><i>(\u00bfNos lee desde la app? Vea <a rel=\"nofollow noopener\" target=\"_blank\" href=\"https:\/\/www.instagram.com\/p\/BwnaB9mlklj\/\">aqu\u00ed<\/a> fotos del lugar).<\/i><\/p>\n<p><span class=\"articulo-subtitulo\" id=\"p542088-m2310-22-2311\">Villa Santa Glamping<\/span><\/p>\n<p class=\"contenido\" id=\"p542088-m2316-23-2317\"><b>Ubicaci\u00f3n:<\/b>\u00a0Los Nomos, Santa Elena\u00a0(Antioquia).<\/p>\n<p><b>Descripci\u00f3n:<\/b>\u00a0 ecolodge triangulares en un espacio c\u00f3modo. Ubicado en una finca-hotel.<\/p>\n<p><b>Precio: <\/b>desde 180.000 por noche\u00a0para dos personas.<\/p>\n<p>Cada caba\u00f1a cuenta con una cama doble, electricidad, un jacuzzi privado y rodeado de un bosque. Seg\u00fan explic\u00f3 en una publicaci\u00f3n en Instagram, en febrero, Jeisson S\u00e1nchez, su due\u00f1o,\u00a0 se trata de la antesala\u00a0a unos habit\u00e1culos con m\u00e1s servicios que planean abrir en los pr\u00f3ximos meses.\u00a0<\/p>\n<div class=\"fotografia\" id=\"p542088-m2322-24-2323\">\n<div class=\"imagen-cuerpo-bk\">\n<figure itemscope=\"\" itemtype=\"https:\/\/schema.org\/ImageObject\" itemprop=\"image\" id=\"m2327-2326-2328\" class=\"foto-galeria-articulo\"><img decoding=\"async\" alt=\"Villa Santa Glamping\" src=\"data:image\/png;base64,iVBORw0KGgoAAAANSUhEUgAAAAIAAAABCAQAAABeK7cBAAAAC0lEQVR42mNkAAIAAAoAAv\/lxKUAAAAASUVORK5CYII=\" style=\" display: inline;\" width=\"600px\" height=\"450px\" data-original=\"\/files\/article_content\/uploads\/2020\/10\/08\/5f7eaeb58d2f8.jpeg\"\/><meta itemprop=\"width\" content=\"600\"\/><meta itemprop=\"height\" content=\"450\"\/><meta itemprop=\"url\" content=\"https:\/\/www.eltiempo.com\/files\/article_content\/uploads\/2020\/10\/08\/5f7eaeb58d2f8.jpeg\"\/><\/figure>\n<\/div>\n<div class=\"figcaption-cuerpo-bk credito-image-bk\"><figcaption class=\"foto-info\">\n<div class=\"titulo-foto-bk\">\n<p id=\"m2334-1-2335\" class=\"titulo\">Uno de los cuatro espacios disponibles en la finca-hotel de Villa Santa.\u00a0<\/p>\n<\/div>\n<div class=\"credito-apertura-strong-bk credito-image-bk\">\n<strong>Foto:<\/strong><\/p>\n<p id=\"m2340-2-2341\" class=\"autor\">Instagram: @ villasantaglamping<\/p>\n<\/div>\n<\/figcaption><\/div>\n<\/div>\n<p><span class=\"articulo-subtitulo\" id=\"p542088-m2348-25-2349\">La Quinta<\/span><\/p>\n<p class=\"contenido\" id=\"p542088-m2354-26-2355\"><b>Ubicaci\u00f3n:<\/b>\u00a0a 20 kil\u00f3metros de Sogamoso (Boyac\u00e1).<\/p>\n<p><b>Descripci\u00f3n:<\/b> &#8220;Un espacio para conectarte con los cinco elementos: agua, fuego, tierra, aire y amor&#8221;, se lee en su descripci\u00f3n oficial.<\/p>\n<p><b>Precio: <\/b>desde 290.000 la noche para dos personas (de domingo a jueves).<\/p>\n<p>Este precio corresponde al m\u00ednimo de cuatro alojamientos. Todos en una zona con vista a la laguna de Tota. Por lo dem\u00e1s, tienen en com\u00fan\u00a0una cama doble, ba\u00f1o<br \/>privado, mini barra de caf\u00e9, agua caliente y una barbacoa privada. Estas opciones no tienen servicio WiFi ni televisor.\u00a0<\/p>\n<div class=\"fotografia\" id=\"p542088-m2360-27-2361\">\n<div class=\"imagen-cuerpo-bk\">\n<figure itemscope=\"\" itemtype=\"https:\/\/schema.org\/ImageObject\" itemprop=\"image\" id=\"m2365-2364-2366\" class=\"foto-galeria-articulo\"><img decoding=\"async\" alt=\"La Quinta Glamping\" src=\"data:image\/png;base64,iVBORw0KGgoAAAANSUhEUgAAAAIAAAABCAQAAABeK7cBAAAAC0lEQVR42mNkAAIAAAoAAv\/lxKUAAAAASUVORK5CYII=\" style=\" display: inline;\" width=\"600px\" height=\"450px\" data-original=\"\/files\/article_content\/uploads\/2020\/10\/08\/5f7eb84ab85b5.jpeg\"\/><meta itemprop=\"width\" content=\"600\"\/><meta itemprop=\"height\" content=\"450\"\/><meta itemprop=\"url\" content=\"https:\/\/www.eltiempo.com\/files\/article_content\/uploads\/2020\/10\/08\/5f7eb84ab85b5.jpeg\"\/><\/figure>\n<\/div>\n<div class=\"figcaption-cuerpo-bk credito-image-bk\"><figcaption class=\"foto-info\">\n<div class=\"credito-apertura-strong-bk credito-image-bk\">\n<strong>Foto:<\/strong><\/p>\n<p id=\"m2378-2-2379\" class=\"autor\">Cortes\u00eda La Quinta<\/p>\n<\/div>\n<\/figcaption><\/div>\n<\/div>\n<div class=\"fotografia\" id=\"p542088-m2386-28-2387\">\n<div class=\"imagen-cuerpo-bk\">\n<figure itemscope=\"\" itemtype=\"https:\/\/schema.org\/ImageObject\" itemprop=\"image\" id=\"m2391-2390-2392\" class=\"foto-galeria-articulo\"><img decoding=\"async\" alt=\"La Quinta Glamping\" src=\"data:image\/png;base64,iVBORw0KGgoAAAANSUhEUgAAAAIAAAABCAQAAABeK7cBAAAAC0lEQVR42mNkAAIAAAoAAv\/lxKUAAAAASUVORK5CYII=\" style=\" display: inline;\" width=\"600px\" height=\"450px\" data-original=\"\/files\/article_content\/uploads\/2020\/10\/08\/5f7eb868e5a50.jpeg\"\/><meta itemprop=\"width\" content=\"600\"\/><meta itemprop=\"height\" content=\"450\"\/><meta itemprop=\"url\" content=\"https:\/\/www.eltiempo.com\/files\/article_content\/uploads\/2020\/10\/08\/5f7eb868e5a50.jpeg\"\/><\/figure>\n<\/div>\n<div class=\"figcaption-cuerpo-bk credito-image-bk\"><figcaption class=\"foto-info\">\n<div class=\"titulo-foto-bk\">\n<p id=\"m2398-1-2399\" class=\"titulo\">Vista desde adentro de un habit\u00e1culo.\u00a0<\/p>\n<\/div>\n<div class=\"credito-apertura-strong-bk credito-image-bk\">\n<strong>Foto:<\/strong><\/p>\n<p id=\"m2404-2-2405\" class=\"autor\">Cortes\u00eda La Quinta<\/p>\n<\/div>\n<\/figcaption><\/div>\n<\/div>\n<p><span class=\"articulo-subtitulo\" id=\"p542088-m2412-29-2413\">Cielo Escondido<\/span><\/p>\n<p class=\"contenido\" id=\"p542088-m2418-30-2419\"><b>Ubicaci\u00f3n:<\/b>\u00a0Santa Elena, Medell\u00edn (Antioquia).<\/p>\n<p><b>Descripci\u00f3n:<\/b>\u00a0 emprendimiento que lleva un a\u00f1o y medio en funcionamiento.\u00a0Un lugar de descanso perfect para hacer senderismo en el bosque. <\/p>\n<p><b>Precio:\u00a0<\/b>desde 120.000 por pareja.<\/p>\n<p>El costo aplica para alquilar caba\u00f1as triangulares con cama doble. Cuenta con una cocina rudimentaria para cocinar alimentos y en el exterior un ba\u00f1o ecol\u00f3gico y ducha. Tambi\u00e9n tiene acceso a zonas comunes, espacio para hacer picnics, sillas al lado del alojamiento y peque\u00f1as mesas.\u00a0<\/p>\n<div class=\"fotografia\" id=\"p542088-m2424-31-2425\">\n<div class=\"imagen-cuerpo-bk\">\n<figure itemscope=\"\" itemtype=\"https:\/\/schema.org\/ImageObject\" itemprop=\"image\" id=\"m2429-2428-2430\" class=\"foto-galeria-articulo\"><img decoding=\"async\" alt=\"Cielo escondido glamping\" src=\"data:image\/png;base64,iVBORw0KGgoAAAANSUhEUgAAAAIAAAABCAQAAABeK7cBAAAAC0lEQVR42mNkAAIAAAoAAv\/lxKUAAAAASUVORK5CYII=\" style=\" display: inline;\" width=\"600px\" height=\"450px\" data-original=\"\/files\/article_content\/uploads\/2020\/10\/08\/5f7fbd13b7340.jpeg\"\/><meta itemprop=\"width\" content=\"600\"\/><meta itemprop=\"height\" content=\"450\"\/><meta itemprop=\"url\" content=\"https:\/\/www.eltiempo.com\/files\/article_content\/uploads\/2020\/10\/08\/5f7fbd13b7340.jpeg\"\/><\/figure>\n<\/div>\n<div class=\"figcaption-cuerpo-bk credito-image-bk\"><figcaption class=\"foto-info\">\n<div class=\"credito-apertura-strong-bk credito-image-bk\">\n<strong>Foto:<\/strong><\/p>\n<p id=\"m2442-2-2443\" class=\"autor\">Cortes\u00eda: Cielo Escondido \/ instagram: @cielo_escondido<\/p>\n<\/div>\n<\/figcaption><\/div>\n<\/div>\n<div class=\"fotografia\" id=\"p542088-m2450-32-2451\">\n<div class=\"imagen-cuerpo-bk\">\n<figure itemscope=\"\" itemtype=\"https:\/\/schema.org\/ImageObject\" itemprop=\"image\" id=\"m2455-2454-2456\" class=\"foto-galeria-articulo\"><img decoding=\"async\" alt=\"Cielo escondido\" src=\"data:image\/png;base64,iVBORw0KGgoAAAANSUhEUgAAAAIAAAABCAQAAABeK7cBAAAAC0lEQVR42mNkAAIAAAoAAv\/lxKUAAAAASUVORK5CYII=\" style=\" display: inline;\" width=\"600px\" height=\"450px\" data-original=\"\/files\/article_content\/uploads\/2020\/10\/08\/5f7ec859cb0d4.jpeg\"\/><meta itemprop=\"width\" content=\"600\"\/><meta itemprop=\"height\" content=\"450\"\/><meta itemprop=\"url\" content=\"https:\/\/www.eltiempo.com\/files\/article_content\/uploads\/2020\/10\/08\/5f7ec859cb0d4.jpeg\"\/><\/figure>\n<\/div>\n<div class=\"figcaption-cuerpo-bk credito-image-bk\"><figcaption class=\"foto-info\">\n<div class=\"titulo-foto-bk\">\n<p id=\"m2462-1-2463\" class=\"titulo\">Vista inside de un &#8216;glamping&#8217;.\u00a0<\/p>\n<\/div>\n<div class=\"credito-apertura-strong-bk credito-image-bk\">\n<strong>Foto:<\/strong><\/p>\n<p id=\"m2468-2-2469\" class=\"autor\">Cortes\u00eda Cielo Escondido<\/p>\n<\/div>\n<\/figcaption><\/div>\n<\/div>\n<p><span class=\"articulo-subtitulo\" id=\"p542088-m2476-33-2477\">Nativo Glamping<\/span><\/p>\n<p class=\"contenido\" id=\"p542088-m2482-34-2483\"><b>Ubicaci\u00f3n<\/b>: v\u00eda Barichara \u2013 San Gil (Santander).<\/p>\n<p><b>Descripci\u00f3n:<\/b>\u00a0un &#8216;glamping&#8217; pensado para ser disfrutado en familia. Con ofertas additional de caminatas ecol\u00f3gicas, curso de panader\u00eda, talleres de astronom\u00eda, espeleolog\u00eda, &#8216;rafting&#8217;. Best para quienes piensen visitar Barichara.<\/p>\n<p><b>Precio<\/b>: desde 247.000 la noche para dos personas.\u00a0<\/p>\n<p>Es el valor de una carpa est\u00e1ndar con capacidad para tres personas (se cobra 50.000 pesos adicionales por la tercera). La tarifa incluye un desayuno continental, la siembra de un \u00e1rbol, una cama tama\u00f1o &#8216;queen&#8217;, un ba\u00f1o privado, seguro hotelero\u00a0y la posibilidad de llevar una mascota.<\/p>\n<div class=\"fotografia\" id=\"p542088-m2488-35-2489\">\n<div class=\"imagen-cuerpo-bk\">\n<figure itemscope=\"\" itemtype=\"https:\/\/schema.org\/ImageObject\" itemprop=\"image\" id=\"m2493-2492-2494\" class=\"foto-galeria-articulo\"><img decoding=\"async\" alt=\"Nativo glamping\" src=\"data:image\/png;base64,iVBORw0KGgoAAAANSUhEUgAAAAIAAAABCAQAAABeK7cBAAAAC0lEQVR42mNkAAIAAAoAAv\/lxKUAAAAASUVORK5CYII=\" style=\" display: inline;\" width=\"600px\" height=\"450px\" data-original=\"\/files\/article_content\/uploads\/2020\/10\/08\/5f7ecc9aeb826.jpeg\"\/><meta itemprop=\"width\" content=\"600\"\/><meta itemprop=\"height\" content=\"450\"\/><meta itemprop=\"url\" content=\"https:\/\/www.eltiempo.com\/files\/article_content\/uploads\/2020\/10\/08\/5f7ecc9aeb826.jpeg\"\/><\/figure>\n<\/div>\n<div class=\"figcaption-cuerpo-bk credito-image-bk\"><figcaption class=\"foto-info\">\n<div class=\"titulo-foto-bk\">\n<p id=\"m2500-1-2501\" class=\"titulo\">Vista a\u00e9rea de Nativo.\u00a0<\/p>\n<\/div>\n<div class=\"credito-apertura-strong-bk credito-image-bk\">\n<strong>Foto:<\/strong><\/p>\n<p id=\"m2506-2-2507\" class=\"autor\">Cortes\u00eda Nativo Glamping<\/p>\n<\/div>\n<\/figcaption><\/div>\n<\/div>\n<div class=\"fotografia\" id=\"p542088-m2514-36-2515\">\n<div class=\"imagen-cuerpo-bk\">\n<figure itemscope=\"\" itemtype=\"https:\/\/schema.org\/ImageObject\" itemprop=\"image\" id=\"m2519-2518-2520\" class=\"foto-galeria-articulo\"><img decoding=\"async\" alt=\"Nativo glamping\" src=\"data:image\/png;base64,iVBORw0KGgoAAAANSUhEUgAAAAIAAAABCAQAAABeK7cBAAAAC0lEQVR42mNkAAIAAAoAAv\/lxKUAAAAASUVORK5CYII=\" style=\" display: inline;\" width=\"600px\" height=\"450px\" data-original=\"\/files\/article_content\/files\/crop\/uploads\/2020\/10\/08\/5f7eccbcdbe5f.r_1620919029010.0-313-648-799.jpeg\"\/><meta itemprop=\"width\" content=\"600\"\/><meta itemprop=\"height\" content=\"450\"\/><meta itemprop=\"url\" content=\"https:\/\/www.eltiempo.com\/files\/article_content\/files\/crop\/uploads\/2020\/10\/08\/5f7eccbcdbe5f.r_1620919029010.0-313-648-799.jpeg\"\/><\/figure>\n<\/div>\n<div class=\"figcaption-cuerpo-bk credito-image-bk\"><figcaption class=\"foto-info\">\n<div class=\"titulo-foto-bk\">\n<p id=\"m2526-1-2527\" class=\"titulo\">Vista exterior de la carpa est\u00e1ndar.\u00a0<\/p>\n<\/div>\n<div class=\"credito-apertura-strong-bk credito-image-bk\">\n<strong>Foto:<\/strong><\/p>\n<p id=\"m2532-2-2533\" class=\"autor\">Cortes\u00eda: Nativo Glamping<\/p>\n<\/div>\n<\/figcaption><\/div>\n<\/div>\n<p><span class=\"articulo-subtitulo\" id=\"p542088-m2540-37-2541\">Entrepinos\u00a0<\/span><\/p>\n<p class=\"contenido\" id=\"p542088-m2546-38-2547\"><b>Ubicaci\u00f3n:<\/b>\u00a0Ubaque (Cundinamarca).<\/p>\n<p><b>Descripci\u00f3n<\/b>: cerca de la laguna de Ubaque. Cuenta con zonas para comidas y una espectacular vista hac\u00eda las monta\u00f1as. A una hora y media de Bogot\u00e1.\u00a0<\/p>\n<p><b>Precio: <\/b>desde 270.000 la noche para dos (20% de descuento de lunes a mi\u00e9rcoles).<\/p>\n<p>El precio aplica para los dos tipos de alojamiento con los que cuenta Entrepinos. El primero un tipi que tiene una cama tama\u00f1o &#8216;queen&#8217;, ba\u00f1o privado con agua caliente y una malla catamar\u00e1n. La otra opci\u00f3n se denomina &#8216;luna&#8217; y tiene un\u00a0\u00e1rea round para dormir de 190 cent\u00edmetros de di\u00e1metro, ba\u00f1o privado con agua caliente y tambi\u00e9n una malla catamar\u00e1n.\u00a0<b>Cualquier opci\u00f3n incluye desayuno y parqueadero.\u00a0<\/b><\/p>\n<div class=\"fotografia\" id=\"p542088-m2552-39-2553\">\n<div class=\"imagen-cuerpo-bk\">\n<figure itemscope=\"\" itemtype=\"https:\/\/schema.org\/ImageObject\" itemprop=\"image\" id=\"m2557-2556-2558\" class=\"foto-galeria-articulo\"><img decoding=\"async\" alt=\"Entrepinos glamping\" src=\"data:image\/png;base64,iVBORw0KGgoAAAANSUhEUgAAAAIAAAABCAQAAABeK7cBAAAAC0lEQVR42mNkAAIAAAoAAv\/lxKUAAAAASUVORK5CYII=\" style=\" display: inline;\" width=\"600px\" height=\"450px\" data-original=\"\/files\/article_content\/uploads\/2020\/10\/08\/5f7ebeaf58c50.jpeg\"\/><meta itemprop=\"width\" content=\"600\"\/><meta itemprop=\"height\" content=\"450\"\/><meta itemprop=\"url\" content=\"https:\/\/www.eltiempo.com\/files\/article_content\/uploads\/2020\/10\/08\/5f7ebeaf58c50.jpeg\"\/><\/figure>\n<\/div>\n<div class=\"figcaption-cuerpo-bk credito-image-bk\"><figcaption class=\"foto-info\">\n<div class=\"titulo-foto-bk\">\n<p id=\"m2564-1-2565\" class=\"titulo\">Vista de dos de los acomodamientos de Entrepinos.\u00a0<\/p>\n<\/div>\n<div class=\"credito-apertura-strong-bk credito-image-bk\">\n<strong>Foto:<\/strong><\/p>\n<p id=\"m2570-2-2571\" class=\"autor\">Cortesia Entrepinos<\/p>\n<\/div>\n<\/figcaption><\/div>\n<\/div>\n<p><span class=\"articulo-subtitulo\" id=\"p542088-m2578-40-2579\">Bamb\u00fa Glamping Ecolodge<\/span><\/p>\n<p class=\"contenido\" id=\"p542088-m2584-41-2585\"><b>Ubicaci\u00f3n:<\/b>\u00a0a 8 km del centro de Medell\u00edn (Antioquia).<\/p>\n<p><b>Descripci\u00f3n:<\/b>\u00a0un servicio de hospedaje que incluye entre sus productos dos\u00a0habit\u00e1culos de &#8216;glamping&#8217;.<\/p>\n<p><b>Precio<\/b>: desde 149.000 para dos personas por noche<\/p>\n<p>Este valor corresponde a\u00a0la oferta de una caba\u00f1a triangular con vista a un jard\u00edn y acceso a un patio inside. Incluye cafetera, microondas, WiFi free of charge, un ba\u00f1o compartido con los dem\u00e1s hu\u00e9spedes, electricidad y una zona de estar.<\/p>\n<div class=\"fotografia\" id=\"p542088-m2590-42-2591\">\n<div class=\"imagen-cuerpo-bk\">\n<figure itemscope=\"\" itemtype=\"https:\/\/schema.org\/ImageObject\" itemprop=\"image\" id=\"m2595-2594-2596\" class=\"foto-galeria-articulo\"><img decoding=\"async\" alt=\"Bamb\u00fa Glamping Ecolodge\" src=\"data:image\/png;base64,iVBORw0KGgoAAAANSUhEUgAAAAIAAAABCAQAAABeK7cBAAAAC0lEQVR42mNkAAIAAAoAAv\/lxKUAAAAASUVORK5CYII=\" style=\" display: inline;\" width=\"600px\" height=\"450px\" data-original=\"\/files\/article_content\/uploads\/2020\/10\/08\/5f7ec3369545d.jpeg\"\/><meta itemprop=\"width\" content=\"600\"\/><meta itemprop=\"height\" content=\"450\"\/><meta itemprop=\"url\" content=\"https:\/\/www.eltiempo.com\/files\/article_content\/uploads\/2020\/10\/08\/5f7ec3369545d.jpeg\"\/><\/figure>\n<\/div>\n<div class=\"figcaption-cuerpo-bk credito-image-bk\"><figcaption class=\"foto-info\">\n<div class=\"titulo-foto-bk\">\n<p id=\"m2602-1-2603\" class=\"titulo\">Imagen promocional del lugar.\u00a0<\/p>\n<\/div>\n<div class=\"credito-apertura-strong-bk credito-image-bk\">\n<strong>Foto:<\/strong><\/p>\n<p id=\"m2608-2-2609\" class=\"autor\">Bamb\u00fa Glamping Ecolodge<\/p>\n<\/div>\n<\/figcaption><\/div>\n<\/div>\n<p><span class=\"articulo-subtitulo\" id=\"p542088-m2616-43-2617\">Finca Coraz\u00f3n<\/span><\/p>\n<p class=\"contenido\" id=\"p542088-m2622-44-2623\"><b>Ubicaci\u00f3n:<\/b> Arcabuco, a 17 kil\u00f3metros de Villa de Leyva (Boyac\u00e1).<br \/><b><br \/>Descripci\u00f3n:<\/b>\u00a0se describen en su p\u00e1gina oficial como &#8220;una granja org\u00e1nica y autosustentable donde contamos con un hospedaje de ensue\u00f1o&#8221;.<\/p>\n<p><b>Precio:<\/b>\u00a0desde 280.000 la noche para dos personas.\u00a0<\/p>\n<p>Es el valor m\u00ednimo para dos de las carpas que se ofrecen. En concreto, estamos hablando de la carpa Albahaca y la carpa Cedr\u00f3n, ambas con el espacio para albergar una cama matrimonial o cuatro individuales (desde el tercer hu\u00e9sped se cobra un valor adicional).<\/p>\n<p><b> Incluye desayuno, recorrido guiado por la finca,\u00a0estaci\u00f3n de bebidas arom\u00e1ticas y fogata.<\/b> Adem\u00e1s, son m\u00faltiples las comodidades dentro de la carpa. Por mencionar algunas est\u00e1n\u00a0conexiones el\u00e9ctricas, calefacci\u00f3n, l\u00e1mparas de noche, agua de manantial y &#8220;una vista inigualable a las monta\u00f1as del santuario de fauna y flora de Iguaque&#8221;.\u00a0<\/p>\n<div class=\"fotografia\" id=\"p542088-m2628-45-2629\">\n<div class=\"imagen-cuerpo-bk\">\n<figure itemscope=\"\" itemtype=\"https:\/\/schema.org\/ImageObject\" itemprop=\"image\" id=\"m2633-2632-2634\" class=\"foto-galeria-articulo\"><img decoding=\"async\" alt=\"Finca coraz\u00f3n\" src=\"data:image\/png;base64,iVBORw0KGgoAAAANSUhEUgAAAAIAAAABCAQAAABeK7cBAAAAC0lEQVR42mNkAAIAAAoAAv\/lxKUAAAAASUVORK5CYII=\" style=\" display: inline;\" width=\"600px\" height=\"450px\" data-original=\"\/files\/article_content\/uploads\/2020\/10\/08\/5f7ed8d5dda48.jpeg\"\/><meta itemprop=\"width\" content=\"600\"\/><meta itemprop=\"height\" content=\"450\"\/><meta itemprop=\"url\" content=\"https:\/\/www.eltiempo.com\/files\/article_content\/uploads\/2020\/10\/08\/5f7ed8d5dda48.jpeg\"\/><\/figure>\n<\/div>\n<div class=\"figcaption-cuerpo-bk credito-image-bk\"><figcaption class=\"foto-info\">\n<div class=\"titulo-foto-bk\">\n<p id=\"m2640-1-2641\" class=\"titulo\">Vista a\u00e9rea de la Finca Coraz\u00f3n.<\/p>\n<\/div>\n<div class=\"credito-apertura-strong-bk credito-image-bk\">\n<strong>Foto:<\/strong><\/p>\n<p id=\"m2646-2-2647\" class=\"autor\">Cortes\u00eda Finca Coraz\u00f3n<\/p>\n<\/div>\n<\/figcaption><\/div>\n<\/div>\n<div class=\"fotografia\" id=\"p542088-m2654-46-2655\">\n<div class=\"imagen-cuerpo-bk\">\n<figure itemscope=\"\" itemtype=\"https:\/\/schema.org\/ImageObject\" itemprop=\"image\" id=\"m2659-2658-2660\" class=\"foto-galeria-articulo\"><img decoding=\"async\" alt=\"Finca coraz\u00f3n\" src=\"data:image\/png;base64,iVBORw0KGgoAAAANSUhEUgAAAAIAAAABCAQAAABeK7cBAAAAC0lEQVR42mNkAAIAAAoAAv\/lxKUAAAAASUVORK5CYII=\" style=\" display: inline;\" width=\"600px\" height=\"450px\" data-original=\"\/files\/article_content\/uploads\/2020\/10\/08\/5f7ed90f8d886.jpeg\"\/><meta itemprop=\"width\" content=\"600\"\/><meta itemprop=\"height\" content=\"450\"\/><meta itemprop=\"url\" content=\"https:\/\/www.eltiempo.com\/files\/article_content\/uploads\/2020\/10\/08\/5f7ed90f8d886.jpeg\"\/><\/figure>\n<\/div>\n<div class=\"figcaption-cuerpo-bk credito-image-bk\"><figcaption class=\"foto-info\">\n<div class=\"titulo-foto-bk\">\n<p id=\"m2666-1-2667\" class=\"titulo\">Vista nocturna de una de las carpas de Finca Coraz\u00f3n.<\/p>\n<\/div>\n<div class=\"credito-apertura-strong-bk credito-image-bk\">\n<strong>Foto:<\/strong><\/p>\n<p id=\"m2672-2-2673\" class=\"autor\">Cortes\u00eda Finca Coraz\u00f3n<\/p>\n<\/div>\n<\/figcaption><\/div>\n<\/div>\n<p><span class=\"articulo-subtitulo\" id=\"p542088-m2680-47-2681\">Ginebra Glamping<\/span><\/p>\n<p class=\"contenido\" id=\"p542088-m2686-48-2687\"><b>Ubicaci\u00f3n: <\/b>Floresta, Ginebra (Valle del Cauca).<\/p>\n<p><b>Descripci\u00f3n:<\/b>\u00a0ubicado en la finca El Milagro, a\u00a050 km de Tulu\u00e1 y una hora de Cali.\u00a0 Best para parejas. Cuenta con una zona rodeada de naturaleza, al lado de una casona que ofrece otros tipos de hospedaje.\u00a0<\/p>\n<p><b>Precio: d<\/b>esde 180.000 para dos personas por noche \/ 150.000 en tipi.<\/p>\n<p>Los valores anteriormente mencionados incluyen desayuno buffet o americano, parqueadero privado.<b> &#8220;Los hu\u00e9spedes pueden nadar en la piscina al aire libre, relajarse en el jard\u00edn o ir en bicicleta&#8221;<\/b>, cube la especificaci\u00f3n del servicio en el buscador de viajes Reserving. <b>Se admiten mascotas y tiene zona WiFi.<br \/><\/b><br \/>El &#8216;plan luna&#8217; cuesta entre 250.000 y 280.000 en whole y se a\u00f1ade una cena rom\u00e1ntica , una botella vino, y una fogata.\u00a0<\/p>\n<div class=\"fotografia\" id=\"p542088-m2692-49-2693\">\n<div class=\"imagen-cuerpo-bk\">\n<figure itemscope=\"\" itemtype=\"https:\/\/schema.org\/ImageObject\" itemprop=\"image\" id=\"m2697-2696-2698\" class=\"foto-galeria-articulo\"><img decoding=\"async\" alt=\"Ginebra Glamping\" src=\"data:image\/png;base64,iVBORw0KGgoAAAANSUhEUgAAAAIAAAABCAQAAABeK7cBAAAAC0lEQVR42mNkAAIAAAoAAv\/lxKUAAAAASUVORK5CYII=\" style=\" display: inline;\" width=\"600px\" height=\"450px\" data-original=\"\/files\/article_content\/uploads\/2020\/10\/07\/5f7e96ef1ee3f.jpeg\"\/><meta itemprop=\"width\" content=\"600\"\/><meta itemprop=\"height\" content=\"450\"\/><meta itemprop=\"url\" content=\"https:\/\/www.eltiempo.com\/files\/article_content\/uploads\/2020\/10\/07\/5f7e96ef1ee3f.jpeg\"\/><\/figure>\n<\/div>\n<div class=\"figcaption-cuerpo-bk credito-image-bk\"><figcaption class=\"foto-info\">\n<div class=\"credito-apertura-strong-bk credito-image-bk\">\n<strong>Foto:<\/strong><\/p>\n<p id=\"m2710-2-2711\" class=\"autor\">Cortes\u00eda Ginebra Glamping<\/p>\n<\/div>\n<\/figcaption><\/div>\n<\/div>\n<div class=\"fotografia\" id=\"p542088-m2718-50-2719\">\n<div class=\"imagen-cuerpo-bk\">\n<figure itemscope=\"\" itemtype=\"https:\/\/schema.org\/ImageObject\" itemprop=\"image\" id=\"m2723-2722-2724\" class=\"foto-galeria-articulo\"><img decoding=\"async\" alt=\"Ginebra Glamping\" src=\"data:image\/png;base64,iVBORw0KGgoAAAANSUhEUgAAAAIAAAABCAQAAABeK7cBAAAAC0lEQVR42mNkAAIAAAoAAv\/lxKUAAAAASUVORK5CYII=\" style=\" display: inline;\" width=\"600px\" height=\"450px\" data-original=\"\/files\/article_content\/uploads\/2020\/10\/07\/5f7e96ce3d5be.jpeg\"\/><meta itemprop=\"width\" content=\"600\"\/><meta itemprop=\"height\" content=\"450\"\/><meta itemprop=\"url\" content=\"https:\/\/www.eltiempo.com\/files\/article_content\/uploads\/2020\/10\/07\/5f7e96ce3d5be.jpeg\"\/><\/figure>\n<\/div>\n<div class=\"figcaption-cuerpo-bk credito-image-bk\"><figcaption class=\"foto-info\">\n<div class=\"titulo-foto-bk\">\n<p id=\"m2730-1-2731\" class=\"titulo\">Glamping normal (180.000).<\/p>\n<\/div>\n<div class=\"credito-apertura-strong-bk credito-image-bk\">\n<strong>Foto:<\/strong><\/p>\n<p id=\"m2736-2-2737\" class=\"autor\">Cortes\u00eda Ginebra Glamping<\/p>\n<\/div>\n<\/figcaption><\/div>\n<\/div>\n<p><span class=\"articulo-subtitulo\" id=\"p542088-m2744-51-2745\">Terramaga<\/span><\/p>\n<p class=\"contenido\" id=\"p542088-m2750-52-2751\"><b>Ubicaci\u00f3n: v<\/b>ereda San Miguel, San Francisco (Cundinamarca).<\/p>\n<p><b>Descripci\u00f3n: <\/b>un espacio rodeado de monta\u00f1as, fuentes h\u00eddricas y \u00e1rboles tropicales para &#8220;vivir experiencias \u00fanicas de relajaci\u00f3n y bienestar.<\/p>\n<p><b>Precio: <\/b>desde 350.000 por noche\u00a0en habitaci\u00f3n con capacidad m\u00e1xima de cuatro personas.<\/p>\n<p>Esta es la opci\u00f3n m\u00e1s econ\u00f3mica entre siete planes totales. Corresponde a la habitaci\u00f3n Terra, un espacio en la estructura principal del recinto con electricidad, terraza privada, ba\u00f1o privado, armario\u00a0y, seg\u00fan la p\u00e1gina web de Terramaga, &#8220;una hermosa vista hacia las monta\u00f1as de San Francisco&#8221;.<\/p>\n<div class=\"fotografia\" id=\"p542088-m2756-53-2757\">\n<div class=\"imagen-cuerpo-bk\">\n<figure itemscope=\"\" itemtype=\"https:\/\/schema.org\/ImageObject\" itemprop=\"image\" id=\"m2761-2760-2762\" class=\"foto-galeria-articulo\"><img decoding=\"async\" alt=\"Terramaga\" src=\"data:image\/png;base64,iVBORw0KGgoAAAANSUhEUgAAAAIAAAABCAQAAABeK7cBAAAAC0lEQVR42mNkAAIAAAoAAv\/lxKUAAAAASUVORK5CYII=\" style=\" display: inline;\" width=\"600px\" height=\"450px\" data-original=\"\/files\/article_content\/uploads\/2020\/10\/08\/5f7ea0ad912e9.jpeg\"\/><meta itemprop=\"width\" content=\"600\"\/><meta itemprop=\"height\" content=\"450\"\/><meta itemprop=\"url\" content=\"https:\/\/www.eltiempo.com\/files\/article_content\/uploads\/2020\/10\/08\/5f7ea0ad912e9.jpeg\"\/><\/figure>\n<\/div>\n<div class=\"figcaption-cuerpo-bk credito-image-bk\"><figcaption class=\"foto-info\">\n<div class=\"titulo-foto-bk\">\n<p id=\"m2768-1-2769\" class=\"titulo\">Vista a\u00e9rea de una parte de Terramaga.<\/p>\n<\/div>\n<div class=\"credito-apertura-strong-bk credito-image-bk\">\n<strong>Foto:<\/strong><\/p>\n<p id=\"m2774-2-2775\" class=\"autor\">Cortes\u00eda Terramaga<\/p>\n<\/div>\n<\/figcaption><\/div>\n<\/div>\n<p class=\"contenido\" id=\"p542088-m2788-55-2789\"><i>(Si nos lee desde la aplicaci\u00f3n vea el inside de la habitaci\u00f3n Terra y m\u00e1s fotograf\u00edas del lugar <a rel=\"nofollow noopener\" target=\"_blank\" href=\"https:\/\/www.instagram.com\/p\/B8PS-z1ptgA\/\">aqu\u00ed)<\/a>.<\/i><\/p>\n<p><span class=\"articulo-subtitulo\" id=\"p542088-m2794-56-2795\">Glamping Villa Luces<\/span><\/p>\n<p class=\"contenido\" id=\"p542088-m2800-57-2801\"><b>Ubicaci\u00f3n: <\/b>Tocot\u00e1, a forty five minutos\u00a0en carro de Cali (Valle del Cauca).<\/p>\n<p><b>Descripci\u00f3n:<\/b>\u00a0seg\u00fan informaci\u00f3n del lugar, sus servicios son\u00a0&#8220;todo lo que necesitas para una noche especial llena de luces, neblina y una hermosa vista a las monta\u00f1as que nos rodean&#8221;.<\/p>\n<p><b>Precio:<\/b>\u00a0desde 250.000 por noche para dos (entre semana).<\/p>\n<p>Este es el precio del hospedaje en la\u00a0la &#8216;suite junior&#8217;, que es una\u00a0habitaci\u00f3n con cama doble, terraza mirador, zona picnic y\u00a0ba\u00f1o privado con ducha que incluye hidromasaje. Una noche en fin de semana cuesta\u00a0350.000.<\/p>\n<p class=\"contenido\" id=\"p542088-m2818-60-2819\"><i>(Si nos lee desde la app vea fotos del lugar <a rel=\"nofollow noopener\" target=\"_blank\" href=\"https:\/\/www.instagram.com\/p\/B85YEmvD37v\/\">aqu\u00ed<\/a>).<br \/><\/i><b>(En otras noticias:\u00a0<a rel=\"nofollow noopener\" target=\"_blank\" href=\"https:\/\/www.eltiempo.com\/vida\/viajar\/omt-y-la-ocde-se-pronuncia-sobre-el-turismo-en-el-mundo-541837\">OMT y la OCDE piden m\u00e1s coordinaci\u00f3n para recuperar el turismo<\/a>).<\/b><\/p>\n<p class=\"contenido\" id=\"p542088-m2824-61-2825\">Tendencias EL TIEMPO<\/p>\n<\/div>\n<p><script async defer src=\"https:\/\/platform.instagram.com\/en_US\/embeds.js\"><\/script><br \/>\n<br \/><\/p>\n<p><em> &#8221; Fuentes www.eltiempo.com &#8221; <\/em><\/p>\n","protected":false},"excerpt":{"rendered":"<p>Si busca un plan que mezcle naturaleza con comodidad el &#8216;glamping&#8217; puede ser lo suyo. Se trata de una tendencia tur\u00edstica que ha tomado fuerza en los \u00faltimos a\u00f1os en toda Colombia.\u00a0 (Le puede interesar:\u00a0Cinco destinos sustentables para visitar en Colombia).Su nombre nace de mezclar las palabras \u2018glamorous\u2019 y \u2018camping\u2019, es decir, ofrece experiencias al [&hellip;]<\/p>\n","protected":false},"author":4,"featured_media":126628,"comment_status":"open","ping_status":"closed","sticky":false,"template":"","format":"standard","meta":{"om_disable_all_campaigns":false,"jnews-multi-image_gallery":[],"jnews_single_post":[],"jnews_primary_category":[],"jnews_social_meta":[],"footnotes":""},"categories":[39],"tags":[771,2829,587,2830,2831],"class_list":["post-126627","post","type-post","status-publish","format-standard","has-post-thumbnail","hentry","category-viajes","tag-colombia","tag-glamping","tag-hacer","tag-mejores","tag-sitios"],"_links":{"self":[{"href":"https:\/\/dimensionturistica.com\/es\/wp-json\/wp\/v2\/posts\/126627","targetHints":{"allow":["GET"]}}],"collection":[{"href":"https:\/\/dimensionturistica.com\/es\/wp-json\/wp\/v2\/posts"}],"about":[{"href":"https:\/\/dimensionturistica.com\/es\/wp-json\/wp\/v2\/types\/post"}],"author":[{"embeddable":true,"href":"https:\/\/dimensionturistica.com\/es\/wp-json\/wp\/v2\/users\/4"}],"replies":[{"embeddable":true,"href":"https:\/\/dimensionturistica.com\/es\/wp-json\/wp\/v2\/comments?post=126627"}],"version-history":[{"count":0,"href":"https:\/\/dimensionturistica.com\/es\/wp-json\/wp\/v2\/posts\/126627\/revisions"}],"wp:featuredmedia":[{"embeddable":true,"href":"https:\/\/dimensionturistica.com\/es\/wp-json\/wp\/v2\/media\/126628"}],"wp:attachment":[{"href":"https:\/\/dimensionturistica.com\/es\/wp-json\/wp\/v2\/media?parent=126627"}],"wp:term":[{"taxonomy":"category","embeddable":true,"href":"https:\/\/dimensionturistica.com\/es\/wp-json\/wp\/v2\/categories?post=126627"},{"taxonomy":"post_tag","embeddable":true,"href":"https:\/\/dimensionturistica.com\/es\/wp-json\/wp\/v2\/tags?post=126627"}],"curies":[{"name":"wp","href":"https:\/\/api.w.org\/{rel}","templated":true}]}}