{"id":126522,"date":"2021-05-13T14:30:46","date_gmt":"2021-05-13T14:30:46","guid":{"rendered":"https:\/\/dimensionturistica.com\/es\/?p=126522"},"modified":"2021-05-13T14:47:00","modified_gmt":"2021-05-13T14:47:00","slug":"trabajan-hoteleros-por-un-invierno-de-exito","status":"publish","type":"post","link":"https:\/\/dimensionturistica.com\/es\/trabajan-hoteleros-por-un-invierno-de-exito\/","title":{"rendered":"Trabajan hoteleros por un invierno de \u00e9xito"},"content":{"rendered":"\n<div id=\"content-body-5851641-6708313\">\n<p><b>Mazatl\u00e1n, Sin.<\/b>-A pesar de las <b>restricciones <\/b>de <b>viaje de Estados Unidos y Canad\u00e1<\/b>, la<b> Asociaci\u00f3n de Hoteles y Empresas Tur\u00edsticas de Mazatl\u00e1n<\/b> busca <b>recuperar <\/b>el <b>turismo internacional <\/b>para la<b> pr\u00f3xima temporada de invierno<\/b>, con un promedio de 4 mil asientos de avi\u00f3n semanales.<\/p>\n<p>El director de mercadotecnia de la Asociaci\u00f3n de Hoteles y Empresas Tur\u00edsticas de Mazatl\u00e1n, Jos\u00e9 G\u00e1mez Valle, manifest\u00f3 que para atraer a los turistas extranjeros se tiene programado un Festival Internacional de Jazz, del 15 al 21 de octubre.<\/p>\n<p><strong><i>&#8220;Nosotros tenemos un evento que es un festival de jazz, donde los jazzistas son los mejores que hay en este momento en Estados Unidos, y ese es en octubre, y ya lo tenemos lleno y quieren m\u00e1s, est\u00e1n dos vuelos rentados para ese evento, y se est\u00e1n llenando los vuelos que vienen a Mazatl\u00e1n para esa fecha&#8221;<\/i><\/strong>, revel\u00f3.<\/p>\n<p>Destac\u00f3 que para el festival se esperan los mejores jazzistas de Estados Unidos, y es un buen pretexto para motivar un arranque favorable de la temporada tur\u00edstica de invierno, eso aunado al acelerado avance de la vacunaci\u00f3n en ese pa\u00eds y las ansias de la gente de salir del encierro.<\/p>\n<p>Por otra parte, G\u00e1mez Valle se\u00f1al\u00f3 que Mazatl\u00e1n es la \u201cenvidia\u201d de muchos destinos tur\u00edsticos del pa\u00eds, debido a los niveles de ocupaci\u00f3n que siguen increment\u00e1ndose y el inter\u00e9s de inversionistas que est\u00e1n volteando hacia al destino.<\/p>\n<p><strong><i>&#8220;No es una cosa fortuita, pues las autoridades han implementado una serie de estrategias que va desde monitoreo Covid de las playas, entre otras acciones, que de alguna manera han servido para inhibir el n\u00famero de contagios y eso da confianza<\/i>&#8220;.<\/strong><\/p>\n<p>A eso se le suman las acciones de promoci\u00f3n que de manera personalizada y cuidando el tema de los protocolos ha llevado a cabo la Asociaci\u00f3n por varios estados del pa\u00eds.<\/p>\n<\/div>\n<p>&nbsp;<\/p>\n","protected":false},"excerpt":{"rendered":"<p>Mazatl\u00e1n, Sin.-A pesar de las restricciones de viaje de Estados Unidos y Canad\u00e1, la Asociaci\u00f3n de Hoteles y Empresas Tur\u00edsticas de Mazatl\u00e1n busca recuperar el turismo internacional para la pr\u00f3xima temporada de invierno, con un promedio de 4 mil asientos de avi\u00f3n semanales. El director de mercadotecnia de la Asociaci\u00f3n de Hoteles y Empresas Tur\u00edsticas [&hellip;]<\/p>\n","protected":false},"author":4,"featured_media":126523,"comment_status":"open","ping_status":"closed","sticky":false,"template":"","format":"standard","meta":{"om_disable_all_campaigns":false,"jnews-multi-image_gallery":[],"jnews_single_post":{"source_name":"","source_url":"","via_name":"","via_url":"","override_template":"0","override":[{"template":"1","single_blog_custom":"","parallax":"1","fullscreen":"1","layout":"right-sidebar","sidebar":"default-sidebar","second_sidebar":"default-sidebar","sticky_sidebar":"1","share_position":"top","share_float_style":"share-monocrhome","show_share_counter":"1","show_view_counter":"1","show_featured":"1","show_post_meta":"1","show_post_author":"1","show_post_author_image":"1","show_post_date":"1","post_date_format":"default","post_date_format_custom":"Y\/m\/d","show_post_category":"1","show_post_reading_time":"0","post_reading_time_wpm":"300","show_zoom_button":"0","zoom_button_out_step":"2","zoom_button_in_step":"3","show_post_tag":"1","show_prev_next_post":"1","show_popup_post":"1","number_popup_post":"1","show_author_box":"0","show_post_related":"0","show_inline_post_related":"0"}],"override_image_size":"0","image_override":[{"single_post_thumbnail_size":"crop-500","single_post_gallery_size":"crop-500"}],"trending_post":"0","trending_post_position":"meta","trending_post_label":"Trending","sponsored_post":"0","sponsored_post_label":"Sponsored by","sponsored_post_name":"","sponsored_post_url":"","sponsored_post_logo_enable":"0","sponsored_post_logo":"","sponsored_post_desc":""},"jnews_primary_category":{"id":""},"jnews_social_meta":{"fb_title":"","fb_description":"","fb_image":"","twitter_title":"","twitter_description":"","twitter_image":""},"footnotes":""},"categories":[39],"tags":[7191,872,1289,1099,544],"class_list":["post-126522","post","type-post","status-publish","format-standard","has-post-thumbnail","hentry","category-viajes","tag-extranjeros","tag-festival","tag-hoteles","tag-mazatlan","tag-turismo"],"_links":{"self":[{"href":"https:\/\/dimensionturistica.com\/es\/wp-json\/wp\/v2\/posts\/126522","targetHints":{"allow":["GET"]}}],"collection":[{"href":"https:\/\/dimensionturistica.com\/es\/wp-json\/wp\/v2\/posts"}],"about":[{"href":"https:\/\/dimensionturistica.com\/es\/wp-json\/wp\/v2\/types\/post"}],"author":[{"embeddable":true,"href":"https:\/\/dimensionturistica.com\/es\/wp-json\/wp\/v2\/users\/4"}],"replies":[{"embeddable":true,"href":"https:\/\/dimensionturistica.com\/es\/wp-json\/wp\/v2\/comments?post=126522"}],"version-history":[{"count":0,"href":"https:\/\/dimensionturistica.com\/es\/wp-json\/wp\/v2\/posts\/126522\/revisions"}],"wp:featuredmedia":[{"embeddable":true,"href":"https:\/\/dimensionturistica.com\/es\/wp-json\/wp\/v2\/media\/126523"}],"wp:attachment":[{"href":"https:\/\/dimensionturistica.com\/es\/wp-json\/wp\/v2\/media?parent=126522"}],"wp:term":[{"taxonomy":"category","embeddable":true,"href":"https:\/\/dimensionturistica.com\/es\/wp-json\/wp\/v2\/categories?post=126522"},{"taxonomy":"post_tag","embeddable":true,"href":"https:\/\/dimensionturistica.com\/es\/wp-json\/wp\/v2\/tags?post=126522"}],"curies":[{"name":"wp","href":"https:\/\/api.w.org\/{rel}","templated":true}]}}