{"id":126475,"date":"2021-05-13T13:28:35","date_gmt":"2021-05-13T13:28:35","guid":{"rendered":"https:\/\/dimensionturistica.com\/es\/?p=126475"},"modified":"2021-05-13T13:28:37","modified_gmt":"2021-05-13T13:28:37","slug":"el-ayuntamiento-traslada-a-las-empresas-una-agenda-de-la-ciudad-en-fitur-marcada-por-los-contactos-con-aerolineas-turoperadores-y-agentes-de-congresos-y-grandes-eventos-para-consolidar-la-recuperacio","status":"publish","type":"post","link":"https:\/\/dimensionturistica.com\/es\/el-ayuntamiento-traslada-a-las-empresas-una-agenda-de-la-ciudad-en-fitur-marcada-por-los-contactos-con-aerolineas-turoperadores-y-agentes-de-congresos-y-grandes-eventos-para-consolidar-la-recuperacio\/","title":{"rendered":"El Ayuntamiento traslada a las empresas una agenda de la ciudad en FITUR marcada por los contactos con aerol\u00edneas, turoperadores y agentes de congresos y grandes eventos para consolidar la recuperaci\u00f3n tur\u00edstica a partir del oto\u00f1o"},"content":{"rendered":"<p> <br \/>\n<\/p>\n<div id=\"parent-fieldname-text\">\n<p>El delegado de H\u00e1bitat Urbano, Cultura y Turismo, Antonio Mu\u00f1oz, ha participado hoy en el foro-debate \u2018Sevilla adelante\u2019 organizado por la Asociaci\u00f3n Sevillana de Empresas Tur\u00edsticas, ASET, y el propio Ayuntamiento para analizar las perspectivas de reactivaci\u00f3n, as\u00ed como la agenda que llevar\u00e1 la ciudad a la Feria Internacional del Turismo de Madrid, FITUR, que se celebrar\u00e1 la pr\u00f3xima semana. \u201cEn esta edici\u00f3n, y m\u00e1s que nunca, nuestra agenda ser\u00e1 marcadamente profesional, con predominio de las reuniones con aerol\u00edneas, turoperadores y organizadores de congresos y grandes eventos. Sin dejar de aprovechar el verano, que es la temporada principal de las vacaciones familiares, desde Congresos y Turismo de Sevilla consideramos que la recuperaci\u00f3n efectiva de la actividad tur\u00edstica ser\u00e1 a partir del oto\u00f1o\u201d, ha trasladado.<\/p>\n<p>A FITUR la ciudad de Sevilla acudir\u00e1 con seis planteamientos principales, todos ellos en l\u00ednea con las propuestas incluidas en el Plan8 de impulso tur\u00edstico elaborado el pasado verano con una amplia participaci\u00f3n de los empresarios, los sindicatos y el conjunto de la sociedad civil. \u201cSi funciona el binomio de la recuperaci\u00f3n acelerada de conexiones a\u00e9reas y el amarre de congresos y grandes eventos, puede ser un revulsivo para la ansiada recuperaci\u00f3n\u201d, ha dicho el delegado, quien ha estado en la mesa de debate junto con Gustavo de Medina, presidente de ASET, y ante un foro compuesto por una treintena de empresarios sevillanos de la industria tur\u00edstica.<\/p>\n<p>En primer lugar, en FITUR Sevilla buscar\u00e1 todas las alianzas posibles a nivel nacional e internacional con asociaciones tur\u00edsticas y empresariales, administraciones y otros entes con los que Turismo de Sevilla ha venido trabajando en los \u00faltimos a\u00f1os \u201cy que nos permitieron antes de la pandemia escalar a las primeras posiciones en el ranking de destinos urbanos m\u00e1s importantes del mundo\u201d, ha argumentado Mu\u00f1oz. Ser\u00e1n claves los acuerdos con la Confederaci\u00f3n Espa\u00f1ola de Agencias de Viajes, Turespa\u00f1a, Renfe, las ciudades de Madrid, Barcelona o Vitoria o la plataforma gastron\u00f3mica Saborea Espa\u00f1a.<\/p>\n<p>En segundo lugar estar\u00e1 la apertura de nuevas l\u00edneas de promoci\u00f3n en mercados emergentes con productos tur\u00edsticos tradicionales y otros tambi\u00e9n innovadores, as\u00ed como avanzar en aspectos de inteligencia tur\u00edstica. El turismo idiom\u00e1tico, el colectivo LGTBI y la gastronom\u00eda cobrar\u00e1n especial presencia en una edici\u00f3n de esta feria tur\u00edstica, la primera a nivel internacional celebrada en tiempos de pandemia, que estar\u00e1 marcada por el corto-medio plazo y con la confianza en que FITUR 2022 se celebre, como es tradicional, en enero.\u00a0<\/p>\n<p>En tercer lugar, el impulso a la conectividad a\u00e9rea, con encuentros con directivos de aerol\u00edneas tanto para amarrar las frecuencias actuales de cara a la temporada de verano en el aeropuerto de Sevilla como para garantizar m\u00e1s conexiones regulares para la temporada de oto\u00f1o e invierno. \u201cEn estos encuentros, en los que iremos de la mano del propio aeropuerto, se podr\u00e1 tambi\u00e9n especial \u00e9nfasis en el proceso de ampliaci\u00f3n de su terminal, cuyas obras terminar\u00e1n a principios de 2022, al suponer un aliciente adicional para las aerol\u00edneas y un factor a\u00f1adido de competitividad\u201d, ha abundado el delegado.\u00a0\u00a0\u00a0<\/p>\n<p>En cuarto lugar estar\u00e1 la captaci\u00f3n de eventos en los \u00e1mbitos tur\u00edsticos, culturales, deportivos, empresariales y de proyecci\u00f3n de Sevilla en sectores econ\u00f3micos estrat\u00e9gicos para la ciudad y el conjunto de Andaluc\u00eda. \u201cEn FITUR confiamos en amarrar nuevas citas para el oto\u00f1o en FIBES y en desbloquear la celebraci\u00f3n de otras que, debido a la pandemia, se han ido retrasando\u201d, seg\u00fan ha explicado. Se aprovechar\u00e1 al m\u00e1ximo la repercusi\u00f3n internacional de eventos deportivos como el de la Eurocopa o el hecho de que Sevilla sea sede permanente de la remaining de la Copa del Rey hasta 2024 y, asimismo, se presentar\u00e1 la segunda edici\u00f3n del congreso de innovaci\u00f3n y tecnolog\u00edas aplicadas a la industria del Turismo, el Tourism Innovation Summit (TIS), previsto para noviembre.<\/p>\n<p>En quinto lugar, Sevilla como destino seguro. El desarrollo de la agenda cultural de la ciudad durante la pandemia, con la celebraci\u00f3n de la Bienal de Flamenco, el Competition de Cine, el Competition Internacional del T\u00edtere o el feSt, la reapertura de los principales monumentos y museos, la seguridad demostrada en las exposiciones, eventos y mercados relacionados con las Fiestas de la Primavera y el hecho de que Sevilla fuera uno de los primeros destinos del obtener el sello World Protected Stamp de WTTC (World Journey &amp; Tourism Council) ser\u00e1n puestos como ejemplos de que Sevilla es un destino seguro para los viajes.<\/p>\n<p>Y, por \u00faltimo, Sevilla como destino de rodajes. Ante profesionales de la industria audiovisual, el equipo de Congresos y Turismo de Sevilla presentar\u00e1 su nueva estrategia de captaci\u00f3n de rodajes en torno a SE&amp;ME y la nueva oficina municipal de promoci\u00f3n y gesti\u00f3n de permisos, la Sevilla Movie Workplace.\u00a0\u00a0\u00a0<\/p>\n<p>\u201cSiempre con prudencia, el escenario invita a cierto optimismo. La recuperaci\u00f3n de l\u00edneas a\u00e9reas, la reapertura de casi la totalidad de nuestra oferta monumental, la apertura de hoteles\u2026 Son indicadores positivos. Aunque en verano notaremos una afluencia de turistas, ser\u00e1 a partir de en oto\u00f1o cuando realmente estaremos ante la senda de una recuperaci\u00f3n del turismo en Sevilla, dicho con toda la prudencia a la que nos obliga esta pandemia\u201d, seg\u00fan ha concluido el delegado.\u00a0 \u00a0<\/p>\n<p>\u00a0<\/p>\n<\/div>\n\n<p><em> &#8221; Fuentes www.sevilla.org &#8221; <\/em><\/p>\n","protected":false},"excerpt":{"rendered":"<p>El delegado de H\u00e1bitat Urbano, Cultura y Turismo, Antonio Mu\u00f1oz, ha participado hoy en el foro-debate \u2018Sevilla adelante\u2019 organizado por la Asociaci\u00f3n Sevillana de Empresas Tur\u00edsticas, ASET, y el propio Ayuntamiento para analizar las perspectivas de reactivaci\u00f3n, as\u00ed como la agenda que llevar\u00e1 la ciudad a la Feria Internacional del Turismo de Madrid, FITUR, que [&hellip;]<\/p>\n","protected":false},"author":4,"featured_media":0,"comment_status":"open","ping_status":"closed","sticky":false,"template":"","format":"standard","meta":{"om_disable_all_campaigns":false,"jnews-multi-image_gallery":[],"jnews_single_post":[],"jnews_primary_category":[],"jnews_social_meta":[],"footnotes":""},"categories":[40],"tags":[],"class_list":["post-126475","post","type-post","status-publish","format-standard","hentry","category-industria"],"_links":{"self":[{"href":"https:\/\/dimensionturistica.com\/es\/wp-json\/wp\/v2\/posts\/126475","targetHints":{"allow":["GET"]}}],"collection":[{"href":"https:\/\/dimensionturistica.com\/es\/wp-json\/wp\/v2\/posts"}],"about":[{"href":"https:\/\/dimensionturistica.com\/es\/wp-json\/wp\/v2\/types\/post"}],"author":[{"embeddable":true,"href":"https:\/\/dimensionturistica.com\/es\/wp-json\/wp\/v2\/users\/4"}],"replies":[{"embeddable":true,"href":"https:\/\/dimensionturistica.com\/es\/wp-json\/wp\/v2\/comments?post=126475"}],"version-history":[{"count":0,"href":"https:\/\/dimensionturistica.com\/es\/wp-json\/wp\/v2\/posts\/126475\/revisions"}],"wp:attachment":[{"href":"https:\/\/dimensionturistica.com\/es\/wp-json\/wp\/v2\/media?parent=126475"}],"wp:term":[{"taxonomy":"category","embeddable":true,"href":"https:\/\/dimensionturistica.com\/es\/wp-json\/wp\/v2\/categories?post=126475"},{"taxonomy":"post_tag","embeddable":true,"href":"https:\/\/dimensionturistica.com\/es\/wp-json\/wp\/v2\/tags?post=126475"}],"curies":[{"name":"wp","href":"https:\/\/api.w.org\/{rel}","templated":true}]}}