{"id":126456,"date":"2021-05-13T12:56:18","date_gmt":"2021-05-13T12:56:18","guid":{"rendered":"https:\/\/dimensionturistica.com\/es\/?p=126456"},"modified":"2021-05-13T12:56:19","modified_gmt":"2021-05-13T12:56:19","slug":"mas-de-un-millar-de-empresas-turisticas-de-jaen-pueden-beneficiarse-de-las-ayudas-al-sector","status":"publish","type":"post","link":"https:\/\/dimensionturistica.com\/es\/mas-de-un-millar-de-empresas-turisticas-de-jaen-pueden-beneficiarse-de-las-ayudas-al-sector\/","title":{"rendered":"M\u00e1s de un millar de empresas tur\u00edsticas de Ja\u00e9n pueden beneficiarse de las ayudas al sector"},"content":{"rendered":"<p> <br \/>\n<\/p>\n<div>\n<div class=\"td-post-featured-image\"><a rel=\"nofollow noopener\" target=\"_blank\" href=\"https:\/\/www.horajaen.com\/wp-content\/uploads\/2021\/05\/Alcal\u00e1-la-Real-01.jpeg\" data-caption=\"\"><img decoding=\"async\" width=\"696\" height=\"522\" class=\"entry-thumb td-modal-image\" src=\"https:\/\/www.horajaen.com\/wp-content\/uploads\/2021\/05\/Alcal\u00e1-la-Real-01-696x522.jpeg\" srcset=\"https:\/\/www.horajaen.com\/wp-content\/uploads\/2021\/05\/Alcal\u00e1-la-Real-01-696x522.jpeg 696w, https:\/\/www.horajaen.com\/wp-content\/uploads\/2021\/05\/Alcal\u00e1-la-Real-01-300x225.jpeg 300w, https:\/\/www.horajaen.com\/wp-content\/uploads\/2021\/05\/Alcal\u00e1-la-Real-01-768x576.jpeg 768w, https:\/\/www.horajaen.com\/wp-content\/uploads\/2021\/05\/Alcal\u00e1-la-Real-01-1024x768.jpeg 1024w, https:\/\/www.horajaen.com\/wp-content\/uploads\/2021\/05\/Alcal\u00e1-la-Real-01-80x60.jpeg 80w, https:\/\/www.horajaen.com\/wp-content\/uploads\/2021\/05\/Alcal\u00e1-la-Real-01-265x198.jpeg 265w, https:\/\/www.horajaen.com\/wp-content\/uploads\/2021\/05\/Alcal\u00e1-la-Real-01-1068x801.jpeg 1068w, https:\/\/www.horajaen.com\/wp-content\/uploads\/2021\/05\/Alcal\u00e1-la-Real-01-560x420.jpeg 560w, https:\/\/www.horajaen.com\/wp-content\/uploads\/2021\/05\/Alcal\u00e1-la-Real-01.jpeg 1600w\" sizes=\"(max-width: 696px) 100vw, 696px\" alt=\"\" title=\"Alcal\u00e1 la Real 01\"\/><\/a><\/div>\n<p>JA\u00c9N-.\u00a0La delegada territorial de Turismo de la Junta en Ja\u00e9n, Mari\u00e1n Ad\u00e1n, ha se\u00f1alado hoy que m\u00e1s de un millar de empresas tur\u00edsticas de la provincia podr\u00e1n beneficiarse de las l\u00edneas de ayuda al sector puestas en marcha por la Consejer\u00eda de Turismo. Unas partidas que contribuir\u00e1n \u201ca reactivar la industria tur\u00edstica\u201d de cara a los pr\u00f3ximos meses.\u00a0As\u00ed lo ha asegurado Ad\u00e1n en una reuni\u00f3n informativa con los empresarios de Alcal\u00e1 la Actual, que se enmarca dentro de una ronda de contactos, que esta semana la llevar\u00e1 tambi\u00e9n a And\u00fajar, para presentar estas medidas, ha subrayado que las ayudas impulsadas superan en conjunto los 105 millones de euros, \u201cun gran esfuerzo que supera el presupuesto de la Consejer\u00eda\u201d.<\/p>\n<p>En concreto, ha se\u00f1alado que las l\u00edneas de ayudas podr\u00e1n beneficiar a una parte importante de los empresarios vinculados al sector del turismo y ha puntualizado que, seg\u00fan el Registro de Turismo de Andaluc\u00eda, se contabilizan 95 empresas de turismo activo en la provincia; 256 casas rurales; 373 gu\u00edas de turismo (con domicilio de notificaci\u00f3n en Ja\u00e9n); 102 agencias de viaje; m\u00e1s de 250 establecimientos hoteleros; m\u00e1s de 110 apartamentos tur\u00edsticos; y 20 Tenting y complejos rurales.<\/p>\n<p>\u201cNuestro empe\u00f1o es que todos estos empresarios soliciten las ayudas pues queremos que sean unas partidas \u00fatiles y den realmente apoyo al sector en estos momentos\u201d, ha afirmado la delegada territorial, quien ha apuntado que \u201cpor este motivo estamos desplegando una serie de reuniones por toda la provincia, para acercarles los detalles de estas l\u00edneas y resolver cualquier duda que puedan tener sobre la tramitaci\u00f3n o los plazos\u201d.<\/p>\n<p>El objetivo de este encuentro es explicar a los participantes el procedimiento y los requisitos para acceder a estas cuant\u00edas. La responsable territorial les ha animado a solicitarlas y ha recordado en su presentaci\u00f3n que est\u00e1 abierta la convocatoria de las siete l\u00edneas de ayudas, cuatro de ellas (turismo activo, gu\u00edas tur\u00edsticos, casas rurales y agencias de viaje) hasta el pr\u00f3ximo 20 de mayo, y otras tres (hoteles, apartamentos tur\u00edsticos, y tenting y complejos tur\u00edsticos rurales) hasta el 7 de junio.<\/p>\n<p>Se trata de las destinadas a las empresas organizadoras de actividades de turismo activo (3,7 millones), casas rurales (9,9 millones), gu\u00edas de turismo (13,7 millones), agencias de viaje (5,2 millones), establecimientos hoteleros (60 millones), apartamentos tur\u00edsticos (9 millones) y campamentos de turismo y complejos tur\u00edsticos rurales (3,8 millones).<\/p>\n<p>Las cuatro primeras l\u00edneas (turismo activo, gu\u00edas tur\u00edsticos, casas rurales y agencias de viaje), que se pueden solicitar hasta el d\u00eda 20, son de 3.000 euros en un \u00fanico pago, \u201cque esperamos que est\u00e9 abonado antes del verano\u201d. En el caso de los gu\u00edas de turismo, la ayuda ser\u00e1 del importe que se solicite, sin que en ning\u00fan caso pueda superar la cantidad de 3.000 euros.<\/p>\n<p>Respecto a las otras tres l\u00edneas (hoteles, apartamentos tur\u00edsticos, y tenting y complejos tur\u00edsticos rurales), cuya convocatoria se ha abierto hoy y se prolongar\u00e1 hasta el 7 de junio, la delegada ha detallado que las dirigidas a hoteles ser\u00e1n de 200 euros por cada una de las plazas con las que cuenten, hasta un m\u00e1ximo de 200.000 euros. En el caso de los apartamentos tur\u00edsticos, ser\u00e1n de 80 euros por cada una de las plazas sin superar los 50.000 euros. Para las \u00e1reas de pernocta de autocaravanas habr\u00e1 una cuota fija de 3.000 euros; y para los tenting y complejos tur\u00edsticos rurales, la cuant\u00eda se determinar\u00e1 en funci\u00f3n del n\u00famero de trabajadores y oscilar\u00e1 entre los 10.000 y los 20.000 euros.<\/p>\n<\/p><\/div>\n\n<p><em> &#8221; Fuentes www.horajaen.com &#8221; <\/em><\/p>\n","protected":false},"excerpt":{"rendered":"<p>JA\u00c9N-.\u00a0La delegada territorial de Turismo de la Junta en Ja\u00e9n, Mari\u00e1n Ad\u00e1n, ha se\u00f1alado hoy que m\u00e1s de un millar de empresas tur\u00edsticas de la provincia podr\u00e1n beneficiarse de las l\u00edneas de ayuda al sector puestas en marcha por la Consejer\u00eda de Turismo. Unas partidas que contribuir\u00e1n \u201ca reactivar la industria tur\u00edstica\u201d de cara a [&hellip;]<\/p>\n","protected":false},"author":4,"featured_media":126457,"comment_status":"open","ping_status":"closed","sticky":false,"template":"","format":"standard","meta":{"om_disable_all_campaigns":false,"jnews-multi-image_gallery":[],"jnews_single_post":[],"jnews_primary_category":[],"jnews_social_meta":[],"footnotes":""},"categories":[40],"tags":[],"class_list":["post-126456","post","type-post","status-publish","format-standard","has-post-thumbnail","hentry","category-industria"],"_links":{"self":[{"href":"https:\/\/dimensionturistica.com\/es\/wp-json\/wp\/v2\/posts\/126456","targetHints":{"allow":["GET"]}}],"collection":[{"href":"https:\/\/dimensionturistica.com\/es\/wp-json\/wp\/v2\/posts"}],"about":[{"href":"https:\/\/dimensionturistica.com\/es\/wp-json\/wp\/v2\/types\/post"}],"author":[{"embeddable":true,"href":"https:\/\/dimensionturistica.com\/es\/wp-json\/wp\/v2\/users\/4"}],"replies":[{"embeddable":true,"href":"https:\/\/dimensionturistica.com\/es\/wp-json\/wp\/v2\/comments?post=126456"}],"version-history":[{"count":0,"href":"https:\/\/dimensionturistica.com\/es\/wp-json\/wp\/v2\/posts\/126456\/revisions"}],"wp:featuredmedia":[{"embeddable":true,"href":"https:\/\/dimensionturistica.com\/es\/wp-json\/wp\/v2\/media\/126457"}],"wp:attachment":[{"href":"https:\/\/dimensionturistica.com\/es\/wp-json\/wp\/v2\/media?parent=126456"}],"wp:term":[{"taxonomy":"category","embeddable":true,"href":"https:\/\/dimensionturistica.com\/es\/wp-json\/wp\/v2\/categories?post=126456"},{"taxonomy":"post_tag","embeddable":true,"href":"https:\/\/dimensionturistica.com\/es\/wp-json\/wp\/v2\/tags?post=126456"}],"curies":[{"name":"wp","href":"https:\/\/api.w.org\/{rel}","templated":true}]}}