{"id":126445,"date":"2021-05-13T12:39:43","date_gmt":"2021-05-13T12:39:43","guid":{"rendered":"https:\/\/dimensionturistica.com\/es\/?p=126445"},"modified":"2021-05-13T12:39:44","modified_gmt":"2021-05-13T12:39:44","slug":"iberojet-marca-comercial-de-la-aerolinea-de-avoris-lanza-su-ecosistema-digital","status":"publish","type":"post","link":"https:\/\/dimensionturistica.com\/es\/iberojet-marca-comercial-de-la-aerolinea-de-avoris-lanza-su-ecosistema-digital\/","title":{"rendered":"Iberojet, marca comercial de la aerol\u00ednea de \u00c1voris, lanza su ecosistema digital"},"content":{"rendered":"<p> <br \/>\n<\/p>\n<div>\n<div class=\"wysiwyg-photo\"><img decoding=\"async\" src=\"https:\/\/static.hosteltur.com\/app\/public\/uploads\/img\/releases\/2021\/05\/13\/L_143520_screenhunter-204.jpg\" alt=\"Imagen nota de prensa Hosteltur\" width=\"1891\" height=\"840\"\/><\/div>\n<p>Palma, 13 de mayo de 2021<\/p>\n<p>Las aerol\u00edneas de \u00c1voris Corporaci\u00f3n Empresarial, Evelop (Espa\u00f1a) y Orbest (Portugal), comienzan a operar durante este mes de mayo de forma conjunta bajo la legendaria marca de Iberojet. La aerol\u00ednea, en el proceso de transici\u00f3n hacia la nueva marca, presenta hoy su nueva plataforma digital que consiste en una nueva p\u00e1gina internet iberojet.com con versi\u00f3n escritorio y m\u00f3vil, as\u00ed como un nuevo portal B2B para que las agencias de viaje puedan realizar directamente en \u00e9l las reservas de sus clientes. En los pr\u00f3ximos 15 d\u00edas llegar\u00e1n adem\u00e1s dos aplicaciones nativas Android y iPhone, de forma que los viajeros que vuelan con Iberojet puedan reservar y gestionar sus pasajes de la manera que les resulte m\u00e1s sencilla.<\/p>\n<p>La nueva p\u00e1gina internet de Iberojet est\u00e1 disponible en espa\u00f1ol, portugu\u00e9s e ingl\u00e9s y, adem\u00e1s de m\u00faltiples mejoras en usabilidad y contenido, presenta funcionalidades novedosas como son un gestor de reservas (\u201cManage My Booking\u201d) y internet check-in, venta de servicios complementarios hasta 4 horas antes del vuelo o integraci\u00f3n de paquetes (vuelo + lodge), entre otras. Finalmente, y para su comodidad, los clientes que tradicionalmente utilizaban los sitios internet evelop.com y orbest.com ver\u00e1n c\u00f3mo al entrar el navegador les redirige autom\u00e1ticamente a iberojet.com.<\/p>\n<p>Para celebrar este lanzamiento, Iberojet presenta una tarifa especial de introducci\u00f3n por tiempo limitado, tanto desde Espa\u00f1a como desde Portugal. En las rutas desde Madrid, la tarifa es desde 480 \u20ac, ida y vuelta, con tasas incluidas, a La Habana, Punta Cana, Canc\u00fan y San Jos\u00e9 de Costa Rica. En las rutas desde Lisboa, la tarifa es desde 500 \u20ac, ida y vuelta, con tasas incluidas, a Punta Cana, Canc\u00fan y Varadero.<\/p>\n<p>En palabras de Paul Verhagen, subdirector common de la aerol\u00ednea: \u201cEl go-live de nuestra nueva p\u00e1gina internet es un hito essential en nuestra transformaci\u00f3n hacia una marca unificada. Por fin nuestros clientes tienen a su disposici\u00f3n un \u00fanico sitio internet, tanto si su viaje empieza o termina en Espa\u00f1a o Portugal. Es una p\u00e1gina muy intuitiva, con m\u00e1s funcionalidades que la anterior y con un proceso de reserva de billetes y servicios adicionales m\u00e1s sencillo, acorde a lo que nuestros clientes demandan, de manera que seamos capaces de hacer que su viaje comience realmente antes de su avi\u00f3n despegue del suelo.&#8221;<\/p>\n<p>CONTACTO PARA MEDIOS DE COMUNICACI\u00d3N:<\/p>\n<p>Ricardo Fern\u00e1ndez <a rel=\"nofollow noopener\" target=\"_blank\" href=\"https:\/\/www.hosteltur.com\/comunidad\/nota\/mailto:r.fernandezc@avoristravel.com\">r.fernandezc@avoristravel.com <\/a><\/p>\n<p>T. (+34) 639 682 336<\/p>\n<p>Acerca de Iberojet<\/p>\n<p>Iberojet es la marca comercial bajo la cual operan las aerol\u00edneas de \u00c1voris Corporaci\u00f3n Empresarial, miembros de la Asociaci\u00f3n Internacional de Transporte A\u00e9reo (IATA). Cuenta con una flota compuesta por seis aviones Airbus de larga y media distancia A350, A330 y A320, con una edad media de 6,5 a\u00f1os. Esto convierte a la flota de Iberojet en una de las m\u00e1s modernas, eficientes y sostenibles del mercado.<\/p>\n<p>Acerca de \u00c1voris Corporaci\u00f3n Empresarial<\/p>\n<p>\u00c1voris Corporaci\u00f3n Empresarial es el nuevo grupo tur\u00edstico integrado verticalmente, especialista en la comercializaci\u00f3n de viajes, ocio y vacaciones que nace de la fusi\u00f3n de las divisiones de viajes de los grupos Barcel\u00f3 y Globalia. Su equipo humano est\u00e1 integrado por m\u00e1s de 6.000 profesionales, m\u00e1s de 1.500 puntos de venta directa y m\u00e1s de 40 marcas que trabajan desde cinco \u00e1reas, minorista, mayorista, compa\u00f1\u00eda a\u00e9rea, servicios receptivos y cajas regalo para ofrecer al viajero una experiencia \u00fanica adaptada a sus gustos y necesidades.<\/p>\n<\/p><\/div>\n\n<p><em> &#8221; Fuentes www.hosteltur.com &#8221; <\/em><\/p>\n","protected":false},"excerpt":{"rendered":"<p>Palma, 13 de mayo de 2021 Las aerol\u00edneas de \u00c1voris Corporaci\u00f3n Empresarial, Evelop (Espa\u00f1a) y Orbest (Portugal), comienzan a operar durante este mes de mayo de forma conjunta bajo la legendaria marca de Iberojet. La aerol\u00ednea, en el proceso de transici\u00f3n hacia la nueva marca, presenta hoy su nueva plataforma digital que consiste en una [&hellip;]<\/p>\n","protected":false},"author":4,"featured_media":126446,"comment_status":"open","ping_status":"closed","sticky":false,"template":"","format":"standard","meta":{"om_disable_all_campaigns":false,"jnews-multi-image_gallery":[],"jnews_single_post":[],"jnews_primary_category":[],"jnews_social_meta":[],"footnotes":""},"categories":[40],"tags":[1555],"class_list":["post-126445","post","type-post","status-publish","format-standard","has-post-thumbnail","hentry","category-industria","tag-transportes"],"_links":{"self":[{"href":"https:\/\/dimensionturistica.com\/es\/wp-json\/wp\/v2\/posts\/126445","targetHints":{"allow":["GET"]}}],"collection":[{"href":"https:\/\/dimensionturistica.com\/es\/wp-json\/wp\/v2\/posts"}],"about":[{"href":"https:\/\/dimensionturistica.com\/es\/wp-json\/wp\/v2\/types\/post"}],"author":[{"embeddable":true,"href":"https:\/\/dimensionturistica.com\/es\/wp-json\/wp\/v2\/users\/4"}],"replies":[{"embeddable":true,"href":"https:\/\/dimensionturistica.com\/es\/wp-json\/wp\/v2\/comments?post=126445"}],"version-history":[{"count":0,"href":"https:\/\/dimensionturistica.com\/es\/wp-json\/wp\/v2\/posts\/126445\/revisions"}],"wp:featuredmedia":[{"embeddable":true,"href":"https:\/\/dimensionturistica.com\/es\/wp-json\/wp\/v2\/media\/126446"}],"wp:attachment":[{"href":"https:\/\/dimensionturistica.com\/es\/wp-json\/wp\/v2\/media?parent=126445"}],"wp:term":[{"taxonomy":"category","embeddable":true,"href":"https:\/\/dimensionturistica.com\/es\/wp-json\/wp\/v2\/categories?post=126445"},{"taxonomy":"post_tag","embeddable":true,"href":"https:\/\/dimensionturistica.com\/es\/wp-json\/wp\/v2\/tags?post=126445"}],"curies":[{"name":"wp","href":"https:\/\/api.w.org\/{rel}","templated":true}]}}