{"id":126396,"date":"2021-05-13T11:00:23","date_gmt":"2021-05-13T11:00:23","guid":{"rendered":"https:\/\/dimensionturistica.com\/es\/?p=126396"},"modified":"2021-05-13T11:00:25","modified_gmt":"2021-05-13T11:00:25","slug":"la-coordinadora-del-molinete-pide-al-ayuntamiento-de-cartagena-que-presente-un-plan-de-sostenibilidad-turistica-para-el-cerro-gaceta-cartagonova","status":"publish","type":"post","link":"https:\/\/dimensionturistica.com\/es\/la-coordinadora-del-molinete-pide-al-ayuntamiento-de-cartagena-que-presente-un-plan-de-sostenibilidad-turistica-para-el-cerro-gaceta-cartagonova\/","title":{"rendered":"La Coordinadora del Molinete pide al Ayuntamiento de Cartagena que presente un Plan de Sostenibilidad Tur\u00edstica para el cerro &#8211; Gaceta Cartagonova"},"content":{"rendered":"<p> <br \/>\n<\/p>\n<div>\n<p><strong><span data-originalfontsize=\"16pt\" data-originalcomputedfontsize=\"21.33333396911621\">La Coordinadora del Molinete pide al Ayuntamiento de Cartagena que presente un Plan de Sostenibilidad Tur\u00edstica para el cerro<\/span><\/strong><\/p>\n<p><strong><span data-originalfontsize=\"14pt\" data-originalcomputedfontsize=\"18.66666603088379\">El colectivo subraya que \u201cma\u00f1ana termina el plazo para que el Gobierno local pueda conseguir hasta 5 millones de euros para la excavaci\u00f3n integral y puesta en valor de la colina a trav\u00e9s de una convocatoria del Gobierno de Espa\u00f1a\u201d.<\/span><\/strong><\/p>\n<p data-removefontsize=\"true\" data-originalcomputedfontsize=\"16\">La Coordinadora para la Defensa del Cerro del Molinete y su entorno ha solicitado al Ayuntamiento de Cartagena que presente ma\u00f1ana una solicitud al Ministerio de Industria, Comercio y Turismo para ejecutar un Plan de Sostenibilidad Tur\u00edstica en destino que permita invertir hasta 5 millones de euros en la excavaci\u00f3n arqueol\u00f3gica y puesta en valor tur\u00edstico de todo el Arx Asdr\u00fabalis.<\/p>\n<p data-removefontsize=\"true\" data-originalcomputedfontsize=\"16\">Desde este colectivo se ha solicitado que \u201cel gobierno municipal no debe dejar escapar la oportunidad de esta convocatoria, que supondr\u00eda que el Gobierno Central asumiera el 33% de la inversi\u00f3n, la Comunidad Aut\u00f3noma el otro 33% y el Consistorio el otro 33% para conseguir dinamizar el turismo, la econom\u00eda y la vida de la ciudad a trav\u00e9s de la construcci\u00f3n de un verdadero Parque Arqueol\u00f3gico en toda la colina, cuatro veces m\u00e1s grandes que el visitado hace unos d\u00edas por el Rey\u201d.<\/p>\n<p data-removefontsize=\"true\" data-originalcomputedfontsize=\"16\">\u201cEs el momento de descartar las construcciones en las zonas de este yacimiento que quiere sacar a la venta el Ayuntamiento, y poner ese suelo a producir para toda la ciudad mediante la generaci\u00f3n de riqueza para el presente y generaciones futuras mediante la recuperaci\u00f3n de los restos arqueol\u00f3gicos p\u00fanicos, romanos y de otras \u00e9pocas que acoge El Molinete, desde la Calle Morer\u00eda hasta calles San Esteban, Balcones Azules y la trasera de las Puertas de Murcia\u201d, recalcan desde la Coordinadora.<\/p>\n<p data-removefontsize=\"true\" data-originalcomputedfontsize=\"16\">\u201cSi el Ayuntamiento deja pasar esta oportunidad demostrar\u00eda un enorme desinter\u00e9s en la recuperaci\u00f3n de nuestro patrimonio y del casco hist\u00f3rico en general, apostando por la degradaci\u00f3n de los restos ya encontrados y la desidia en la que mantienen los solares desde hace d\u00e9cadas\u201d, a\u00f1aden desde este colectivo.<\/p>\n<p data-removefontsize=\"true\" data-originalcomputedfontsize=\"16\">Este programa de convocatoria de subvenciones del Estado est\u00e1 orientado a que los planes contribuyan a afrontar los retos recogidos en los principales documentos estrat\u00e9gicos nacionales y auton\u00f3micas, tales como la preservaci\u00f3n y restauraci\u00f3n del patrimonio cultural.<\/p>\n<p data-removefontsize=\"true\" data-originalcomputedfontsize=\"16\">Entre las tipolog\u00edas de actuaciones que se recogen como subvencionables se incluyen la recuperaci\u00f3n y protecci\u00f3n de yacimientos arqueol\u00f3gicos y la recuperaci\u00f3n del patrimonio cultural, siendo susceptibles de valoraci\u00f3n los Bienes de Inter\u00e9s Cultural, como la Comunidad Aut\u00f3noma considera al Molinete al encontrarse en el Conjunto Hist\u00f3rico Art\u00edstico.<\/p>\n<p data-removefontsize=\"true\" data-originalcomputedfontsize=\"16\">La propuesta de la Coordinadora del Molinete se enmarcar\u00eda en la categor\u00eda de destinos tur\u00edsticos urbanos. Esta categor\u00eda incluye a ciudades de tama\u00f1o intermedio o municipios con poblaci\u00f3n superior 20.000 habitantes, con un modelo tur\u00edstico sostenible en proceso de consolidaci\u00f3n, que cuentan con valores hist\u00f3ricos, culturales o patrimoniales o con productos tur\u00edsticos con elevado potencial para enriquecer y complementar la experiencia tur\u00edstica. Seg\u00fan la convocatoria \u201cEstos destinos afrontan la necesidad de aumentar su propuesta de valor, dise\u00f1ando productos y servicios que incentiven la visita. Requieren mantener y mejorar sus cascos hist\u00f3ricos y diversificar los recorridos tradicionales por las ciudades con nuevas rutas, as\u00ed como conciliar los diversos usos de los barrios tur\u00edsticos (vivir, trabajar, visitar, disfrutar), estableciendo al tiempo modelos de convivencia entre la poblaci\u00f3n residente y la visitante. Igualmente, precisan consolidar herramientas digitales que faciliten la gesti\u00f3n de los flujos tur\u00edsticos y que contribuyan a una gesti\u00f3n m\u00e1s eficiente de los servicios y medios de transporte\u201d.<\/p>\n<\/p><\/div>\n\n<p><em> &#8221; Fuentes www.gacetacartagonova.com &#8221; <\/em><\/p>\n","protected":false},"excerpt":{"rendered":"<p>La Coordinadora del Molinete pide al Ayuntamiento de Cartagena que presente un Plan de Sostenibilidad Tur\u00edstica para el cerro El colectivo subraya que \u201cma\u00f1ana termina el plazo para que el Gobierno local pueda conseguir hasta 5 millones de euros para la excavaci\u00f3n integral y puesta en valor de la colina a trav\u00e9s de una convocatoria [&hellip;]<\/p>\n","protected":false},"author":4,"featured_media":0,"comment_status":"open","ping_status":"closed","sticky":false,"template":"","format":"standard","meta":{"om_disable_all_campaigns":false,"jnews-multi-image_gallery":[],"jnews_single_post":[],"jnews_primary_category":[],"jnews_social_meta":[],"footnotes":""},"categories":[40],"tags":[],"class_list":["post-126396","post","type-post","status-publish","format-standard","hentry","category-industria"],"_links":{"self":[{"href":"https:\/\/dimensionturistica.com\/es\/wp-json\/wp\/v2\/posts\/126396","targetHints":{"allow":["GET"]}}],"collection":[{"href":"https:\/\/dimensionturistica.com\/es\/wp-json\/wp\/v2\/posts"}],"about":[{"href":"https:\/\/dimensionturistica.com\/es\/wp-json\/wp\/v2\/types\/post"}],"author":[{"embeddable":true,"href":"https:\/\/dimensionturistica.com\/es\/wp-json\/wp\/v2\/users\/4"}],"replies":[{"embeddable":true,"href":"https:\/\/dimensionturistica.com\/es\/wp-json\/wp\/v2\/comments?post=126396"}],"version-history":[{"count":0,"href":"https:\/\/dimensionturistica.com\/es\/wp-json\/wp\/v2\/posts\/126396\/revisions"}],"wp:attachment":[{"href":"https:\/\/dimensionturistica.com\/es\/wp-json\/wp\/v2\/media?parent=126396"}],"wp:term":[{"taxonomy":"category","embeddable":true,"href":"https:\/\/dimensionturistica.com\/es\/wp-json\/wp\/v2\/categories?post=126396"},{"taxonomy":"post_tag","embeddable":true,"href":"https:\/\/dimensionturistica.com\/es\/wp-json\/wp\/v2\/tags?post=126396"}],"curies":[{"name":"wp","href":"https:\/\/api.w.org\/{rel}","templated":true}]}}