{"id":126276,"date":"2021-05-13T05:10:17","date_gmt":"2021-05-13T05:10:17","guid":{"rendered":"https:\/\/dimensionturistica.com\/es\/?p=126276"},"modified":"2021-05-13T05:10:17","modified_gmt":"2021-05-13T05:10:17","slug":"continuar-con-medidas-sanitarias-para-reactivar-turismo-pide-gobernador","status":"publish","type":"post","link":"https:\/\/dimensionturistica.com\/es\/continuar-con-medidas-sanitarias-para-reactivar-turismo-pide-gobernador\/","title":{"rendered":"Continuar con medidas sanitarias para reactivar turismo, pide gobernador"},"content":{"rendered":"<p> <br \/>\n<\/p>\n<p>Destac\u00f3 inversiones en infraestructura como el Aeropuerto de la Huasteca, que detonar\u00e1 el turismo y econom\u00eda de la regi\u00f3n&#13;\n<\/p>\n<div id=\"contenido\">\n<p>&#13;<br \/>\n\t<span style=\"font-family:tahoma,geneva,sans-serif;\"><span style=\"font-size:16px;\">San Luis Potos\u00ed, SLP.- Es basic continuar con medidas sanitarias por el Covid-19 para una reactivaci\u00f3n del sector tur\u00edstico y econ\u00f3mico ordenado y responsable, enfocado al cuidado de la salud de las y los prestadores de servicio y de los visitantes, consider\u00f3 el Gobernador del Estado, Juan Manuel Carreras L\u00f3pez.<\/span><\/span><\/p>\n<p>&#13;<br \/>\n\t<span style=\"font-family:tahoma,geneva,sans-serif;\"><span style=\"font-size:16px;\">En ese sentido, el mandatario inform\u00f3 que se mantiene un di\u00e1logo constante con las y los empresarios, prestadores de servicio y agencias de viaje con la finalidad de que se contin\u00fae reforzando el cumplimiento de los protocolos para la apertura de m\u00e1s espacios ante el nuevo sem\u00e1foro epidemiol\u00f3gico.<\/span><\/span><\/p>\n<p>&#13;<br \/>\n\t\u00a0<\/p>\n<p>&#13;<br \/>\n\t<span style=\"font-family:tahoma,geneva,sans-serif;\"><span style=\"font-size:16px;\">Destac\u00f3 que en San Luis Potos\u00ed hay un turismo de negocios importante, y que en la medida que se reactiven muchas de las actividades econ\u00f3micas se generar\u00e1 una derrama adicional paralela al turismo, que permitir\u00e1 el repunte de este sector en San Luis Potos\u00ed.<\/span><\/span><\/p>\n<p>&#13;<br \/>\n\t\u00a0<\/p>\n<p>&#13;<br \/>\n\t<span style=\"font-family:tahoma,geneva,sans-serif;\"><span style=\"font-size:16px;\">\u201cHay una serie de inversiones de infraestructura como el propio Aeropuerto de la Huasteca, cuyo desarrollo central est\u00e1 fincado fundamentalmente en un desarrollo de la actividad tur\u00edstica de esa regi\u00f3n\u201d, subray\u00f3 Juan Manuel Carreras.<\/span><\/span><\/p>\n<p>&#13;<br \/>\n\t\u00a0<\/p>\n<p>&#13;<br \/>\n\t<span style=\"font-family:tahoma,geneva,sans-serif;\"><span style=\"font-size:16px;\">Finalmente, con motivo del D\u00eda Internacional de la Enfermer\u00eda, reconoci\u00f3 a quienes desempe\u00f1an esta labor, sobre todo en este \u00faltimo a\u00f1o en el que han estado al frente del combate a la pandemia por Covid-19, y envi\u00f3 una felicitaci\u00f3n especial a la potosina Sandra Olimpia Guti\u00e9rrez Enr\u00edquez, catedr\u00e1tica de la Universidad Aut\u00f3noma de San Luis Potos\u00ed (UASLP), que fue distinguida por el \u201cM\u00e9rito de Enfermer\u00eda Mar\u00eda Guadalupe Cerisola\u201d que entrega el gobierno federal.<\/span><\/span><\/p>\n<p>\u00a0<\/p><\/div>\n<p><script>\n  !function(f,b,e,v,n,t,s)\n  {if(f.fbq)return;n=f.fbq=function(){n.callMethod?\n  n.callMethod.apply(n,arguments):n.queue.push(arguments)};\n  if(!f._fbq)f._fbq=n;n.push=n;n.loaded=!0;n.version='2.0';\n  n.queue=[];t=b.createElement(e);t.async=!0;\n  t.src=v;s=b.getElementsByTagName(e)[0];\n  s.parentNode.insertBefore(t,s)}(window, document,'script',\n  'https:\/\/connect.facebook.net\/en_US\/fbevents.js');\n  fbq('init', '504378563074909');\n  fbq('track', 'PageView');\n<\/script><br \/>\n<br \/><\/p>\n<p><em> &#8221; Fuentes planoinformativo.com &#8221; <\/em><\/p>\n","protected":false},"excerpt":{"rendered":"<p>Destac\u00f3 inversiones en infraestructura como el Aeropuerto de la Huasteca, que detonar\u00e1 el turismo y econom\u00eda de la regi\u00f3n&#13; &#13; San Luis Potos\u00ed, SLP.- Es basic continuar con medidas sanitarias por el Covid-19 para una reactivaci\u00f3n del sector tur\u00edstico y econ\u00f3mico ordenado y responsable, enfocado al cuidado de la salud de las y los prestadores [&hellip;]<\/p>\n","protected":false},"author":4,"featured_media":126277,"comment_status":"open","ping_status":"closed","sticky":false,"template":"","format":"standard","meta":{"om_disable_all_campaigns":false,"jnews-multi-image_gallery":[],"jnews_single_post":[],"jnews_primary_category":[],"jnews_social_meta":[],"footnotes":""},"categories":[40],"tags":[],"class_list":["post-126276","post","type-post","status-publish","format-standard","has-post-thumbnail","hentry","category-industria"],"_links":{"self":[{"href":"https:\/\/dimensionturistica.com\/es\/wp-json\/wp\/v2\/posts\/126276","targetHints":{"allow":["GET"]}}],"collection":[{"href":"https:\/\/dimensionturistica.com\/es\/wp-json\/wp\/v2\/posts"}],"about":[{"href":"https:\/\/dimensionturistica.com\/es\/wp-json\/wp\/v2\/types\/post"}],"author":[{"embeddable":true,"href":"https:\/\/dimensionturistica.com\/es\/wp-json\/wp\/v2\/users\/4"}],"replies":[{"embeddable":true,"href":"https:\/\/dimensionturistica.com\/es\/wp-json\/wp\/v2\/comments?post=126276"}],"version-history":[{"count":0,"href":"https:\/\/dimensionturistica.com\/es\/wp-json\/wp\/v2\/posts\/126276\/revisions"}],"wp:featuredmedia":[{"embeddable":true,"href":"https:\/\/dimensionturistica.com\/es\/wp-json\/wp\/v2\/media\/126277"}],"wp:attachment":[{"href":"https:\/\/dimensionturistica.com\/es\/wp-json\/wp\/v2\/media?parent=126276"}],"wp:term":[{"taxonomy":"category","embeddable":true,"href":"https:\/\/dimensionturistica.com\/es\/wp-json\/wp\/v2\/categories?post=126276"},{"taxonomy":"post_tag","embeddable":true,"href":"https:\/\/dimensionturistica.com\/es\/wp-json\/wp\/v2\/tags?post=126276"}],"curies":[{"name":"wp","href":"https:\/\/api.w.org\/{rel}","templated":true}]}}