{"id":126261,"date":"2021-05-13T04:29:11","date_gmt":"2021-05-13T04:29:11","guid":{"rendered":"https:\/\/dimensionturistica.com\/es\/?p=126261"},"modified":"2021-05-13T04:29:12","modified_gmt":"2021-05-13T04:29:12","slug":"sorprende-a-industria-turistica-salida-repentina-de-gloria-guevara-del-wttc","status":"publish","type":"post","link":"https:\/\/dimensionturistica.com\/es\/sorprende-a-industria-turistica-salida-repentina-de-gloria-guevara-del-wttc\/","title":{"rendered":"Sorprende a industria tur\u00edstica salida repentina de Gloria Guevara del WTTC"},"content":{"rendered":"<p> <br \/>\n<\/p>\n<div id=\"post-153820\">\n<p class=\"antetitulo\" style=\"margin-top: 10px;\">Tras una exitosa Cumbre World<\/p>\n<hr style=\"margin: 10px 0 3px\" \/>\n<p class=\"autor\" style=\"font-size: 12px; margin: 10px 0;\">R. R. I Ciudad de M\u00e9xico | 13 de  mayo de 2021 &#13;<br \/>\n\t <a rel=\"nofollow noopener\" target=\"_blank\" href=\"https:\/\/www.reportur.com\/mexico\/2021\/05\/13\/sorprende-industria-turistica-salida-repentina-gloria-guevara-del-wttc\/#respond\" style=\"float:right; text-decoration: none; color:#000000\">&#13;<br \/>\n    <img decoding=\"async\" src=\"https:\/\/www.reportur.com\/wp-content\/themes\/reportur\/images\/comment.png\" align=\"absmiddle\" style=\"margin-right: 0;\" \/> Deja un comentario\t\t<\/a>&#13;\n\t\t<\/p>\n<hr style=\"margin: 3px 0 10px\" \/>\n<div class=\"post\">\n<p><img decoding=\"async\" class=\"aligncenter wp-image-127746\" src=\"https:\/\/www.reportur.com\/wp-content\/uploads\/2020\/01\/GLORIA-1024x682.jpg\" alt=\"\" width=\"640\" height=\"427\" srcset=\"https:\/\/www.reportur.com\/wp-content\/uploads\/2020\/01\/GLORIA-1024x682.jpg 1024w, https:\/\/www.reportur.com\/wp-content\/uploads\/2020\/01\/GLORIA-550x367.jpg 550w, https:\/\/www.reportur.com\/wp-content\/uploads\/2020\/01\/GLORIA-768x512.jpg 768w, https:\/\/www.reportur.com\/wp-content\/uploads\/2020\/01\/GLORIA-75x50.jpg 75w, https:\/\/www.reportur.com\/wp-content\/uploads\/2020\/01\/GLORIA.jpg 1280w\" sizes=\"(max-width: 640px) 100vw, 640px\" \/><\/p>\n<p>A poco menos de un mes de que Gloria Guevara Manzo y el Consejo Mundial de Viajes y Turismo (WTTC por sus siglas en ingl\u00e9s), mantuvieran los reflectores en la Cumbre World, que se llev\u00f3 a\u00a0 cabo en Canc\u00fan, a la cual calificaron de exitosa ministros de turismo y empresarios de casi todo el mundo, el organismo da a conocer cambios en su estructura, y con ellos la destituci\u00f3n de Guevara Manzo como presidenta y CEO.<\/p>\n<p>Justo en la cumbre se dio a conocer al nuevo Chair del WTTC, Arnold Donald, presidente y CEO de Carnival Company, en sustituci\u00f3n de Chris Nassetta, quien a menos de un mes de la ardua labor de Guevara en la cumbre diera a conocer este cambio y el nombramiento de Julia Simpson como presidenta y CEO a partir del 15 de agosto.<\/p>\n<div class=\"page\" title=\"Page 3\">\n<div class=\"layoutArea\">\n<div class=\"column\">\n<p>La ex Secretaria de Turismo de Me\u0301xico, quien se incorporo\u0301 al WTTC en el a\u00f1o 2017, fue la voz que lider\u00f3 al sector durante el a\u00f1o m\u00e1s dif\u00edcil que se ha registrado en la historia, haciendo frente al impacto devastador que trajo la pandemia a la industria de los viajes en todo el mundo.<\/p>\n<p>Guevara Manzo consolid\u00f3 las\u00a0bases, mediante la creacio\u0301n de protocolos de seguridad e higiene, para garantizar la seguridad de todos los que participan de manera directa e indirecta en la industria; y ayud\u00f3 a definir los ejes para el camino hacia la recuperacio\u0301n del sector.<\/p>\n<p>Asimismo, fortalecio\u0301 los lazos de cooperacio\u0301n entre los sectores privado y pu\u0301blico, y coloc\u00f3 al sector privado world como la voz li\u0301der en la agenda del sector de viajes y turismo en el mundo, y durante su gestio\u0301n el WTTC tuvo una gran participacio\u0301n e interlocucio\u0301n con el G20.<\/p>\n<p>\u201cEstoy muy orgullosa de haber dirigido este equipo diverso y talentoso y de haber trabajado durante todos estos an\u0303os con grandes li\u0301deres que integran al WTTC, adema\u0301s de construir relaciones so\u0301lidas con los jefes de gobierno del turismo de todo el mundo\u201d, dijo Guevara Manzo, al mismo tiempo que se\u00f1al que dejar\u00e1\u00a0al WTTC en una posicio\u0301n ma\u0301s fuerte como la voz del sector privado world, que lidera la agenda del sector de viajes y turismo en el mundo. \u201cSe\u0301 que bajo el so\u0301lido liderazgo de Julia, este organismo continuara\u0301 construyendo sobre este legado y lo llevara\u0301 a su pro\u0301ximo nivel, apoyando a todo el sector global de viajes y turismo para su recuperacio\u0301n\u201d.<\/p>\n<p>Por su parte el nuevo Chair del WTTC, reconocio\u0301\u00a0el trabajo de Gloria Guevara y agradeci\u00f3 su\u00a0dedicacio\u0301n y compromiso con el WTTC, especialmente en los u\u0301ltimos an\u0303os, que han sido los ma\u0301s difi\u0301ciles. \u201cSu contribucio\u0301n ha sido invaluable, incluyendo su ayuda para consolidar al sector frente a la\u00a0crisis por la pandemia, proporcionando una voz y una direccio\u0301n clara para el reinicio seguro de los viajes internacionales. El Comite\u0301 Ejecutivo y yo, estamos agradecidos por la continua ayuda de Gloria, a trave\u0301s de esta transicio\u0301n y su apoyo al WTTC\u201d.<\/p>\n<p>Asimismo le dio la bienvenida a Julia Simpson, \u201ctrabajaremos juntos\u00a0para seguir construyendo iniciativas para el futuro, tales como las que se presentaron recientemente en la exitosa Cumbre Mundial del WTTC en Cancu\u0301n\u201d, dijo. (<a rel=\"nofollow noopener\" target=\"_blank\" href=\"https:\/\/www.reportur.com\/mexico\/2021\/04\/26\/hoy-arranca-la-cumbre-mundial-del-wttc-cancun\/\">Canc\u00fan: arranca cumbre tur\u00edstica mundial con m\u00e1s de 600 asistentes)<\/a><\/p>\n<p>\u00a0<\/p>\n<\/div>\n<\/div>\n<\/div>\n<p><!-- AddThis Advanced Settings above via filter on the_content --><!-- AddThis Advanced Settings below via filter on the_content --><!-- AddThis Advanced Settings generic via filter on the_content --><!-- AddThis Share Buttons above via filter on the_content --><!-- AddThis Share Buttons below via filter on the_content --><!-- AddThis Share Buttons generic via filter on the_content --><\/div>\n<hr class=\"noCss\" \/><\/div>\n\n<p><em> &#8221; Fuentes www.reportur.com &#8221; <\/em><\/p>\n","protected":false},"excerpt":{"rendered":"<p>Tras una exitosa Cumbre World R. R. I Ciudad de M\u00e9xico | 13 de mayo de 2021 &#13; &#13; Deja un comentario &#13; A poco menos de un mes de que Gloria Guevara Manzo y el Consejo Mundial de Viajes y Turismo (WTTC por sus siglas en ingl\u00e9s), mantuvieran los reflectores en la Cumbre World, [&hellip;]<\/p>\n","protected":false},"author":4,"featured_media":126262,"comment_status":"open","ping_status":"closed","sticky":false,"template":"","format":"standard","meta":{"om_disable_all_campaigns":false,"jnews-multi-image_gallery":[],"jnews_single_post":[],"jnews_primary_category":[],"jnews_social_meta":[],"footnotes":""},"categories":[40],"tags":[],"class_list":["post-126261","post","type-post","status-publish","format-standard","has-post-thumbnail","hentry","category-industria"],"_links":{"self":[{"href":"https:\/\/dimensionturistica.com\/es\/wp-json\/wp\/v2\/posts\/126261","targetHints":{"allow":["GET"]}}],"collection":[{"href":"https:\/\/dimensionturistica.com\/es\/wp-json\/wp\/v2\/posts"}],"about":[{"href":"https:\/\/dimensionturistica.com\/es\/wp-json\/wp\/v2\/types\/post"}],"author":[{"embeddable":true,"href":"https:\/\/dimensionturistica.com\/es\/wp-json\/wp\/v2\/users\/4"}],"replies":[{"embeddable":true,"href":"https:\/\/dimensionturistica.com\/es\/wp-json\/wp\/v2\/comments?post=126261"}],"version-history":[{"count":0,"href":"https:\/\/dimensionturistica.com\/es\/wp-json\/wp\/v2\/posts\/126261\/revisions"}],"wp:featuredmedia":[{"embeddable":true,"href":"https:\/\/dimensionturistica.com\/es\/wp-json\/wp\/v2\/media\/126262"}],"wp:attachment":[{"href":"https:\/\/dimensionturistica.com\/es\/wp-json\/wp\/v2\/media?parent=126261"}],"wp:term":[{"taxonomy":"category","embeddable":true,"href":"https:\/\/dimensionturistica.com\/es\/wp-json\/wp\/v2\/categories?post=126261"},{"taxonomy":"post_tag","embeddable":true,"href":"https:\/\/dimensionturistica.com\/es\/wp-json\/wp\/v2\/tags?post=126261"}],"curies":[{"name":"wp","href":"https:\/\/api.w.org\/{rel}","templated":true}]}}