{"id":126203,"date":"2021-05-13T01:26:49","date_gmt":"2021-05-13T01:26:49","guid":{"rendered":"https:\/\/dimensionturistica.com\/es\/?p=126203"},"modified":"2021-05-13T01:26:49","modified_gmt":"2021-05-13T01:26:49","slug":"agencias-ar-suma-frecuencias-a-miami-mientras-a-otras-companias-no-las-autorizan","status":"publish","type":"post","link":"https:\/\/dimensionturistica.com\/es\/agencias-ar-suma-frecuencias-a-miami-mientras-a-otras-companias-no-las-autorizan\/","title":{"rendered":"Agencias: AR suma frecuencias a Miami mientras a otras compa\u00f1\u00edas no las autorizan"},"content":{"rendered":"<p> <br \/>\n<\/p>\n<div id=\"post-153808\">\n<p class=\"antetitulo\" style=\"margin-top: 10px;\">quejas ante inequidad <\/p>\n<hr style=\"margin: 10px 0 3px\" \/>\n<p class=\"autor\" style=\"font-size: 12px; margin: 10px 0;\">R. R l Buenos Aires | 12 de  mayo de 2021 &#13;<br \/>\n\t <a rel=\"nofollow noopener\" target=\"_blank\" href=\"https:\/\/www.reportur.com\/aerolineas\/2021\/05\/12\/agencias-ar-suma-frecuencias-miami-otras-companias-no-las-autorizan\/#respond\" style=\"float:right; text-decoration: none; color:#000000\">&#13;<br \/>\n    <img decoding=\"async\" src=\"https:\/\/www.reportur.com\/wp-content\/themes\/reportur\/images\/comment.png\" align=\"absmiddle\" style=\"margin-right: 0;\" \/> Deja un comentario\t\t<\/a>&#13;\n\t\t<\/p>\n<hr style=\"margin: 3px 0 10px\" \/>\n<p class=\"relacionadosSingle\"><b>TEMAS RELACIONADOS: <a rel=\"nofollow noopener\" target=\"_blank\" href=\"https:\/\/www.reportur.com\/tag\/ar\/\">AR<\/a>, <a rel=\"nofollow noopener\" target=\"_blank\" href=\"https:\/\/www.reportur.com\/tag\/argentina\/\">Argentina<\/a>, <a rel=\"nofollow noopener\" target=\"_blank\" href=\"https:\/\/www.reportur.com\/tag\/cancun\/\">Canc\u00fan<\/a>, <a rel=\"nofollow noopener\" target=\"_blank\" href=\"https:\/\/www.reportur.com\/tag\/eeuu\/\">EEUU<\/a>, <a rel=\"nofollow noopener\" target=\"_blank\" href=\"https:\/\/www.reportur.com\/tag\/miami\/\">Miami<\/a>, <a rel=\"nofollow noopener\" target=\"_blank\" href=\"https:\/\/www.reportur.com\/tag\/punta-cana\/\">Punta Cana<\/a><\/b><\/p>\n<hr style=\"margin-bottom: 15px;\" \/>\n<div class=\"post\">\n<p class=\"yiv5407507382MsoNormal\"><img decoding=\"async\" class=\"aligncenter wp-image-153811 size-full\" src=\"https:\/\/www.reportur.com\/wp-content\/uploads\/2021\/05\/miami__1280x720-e1620869270234.jpg\" alt=\"\" width=\"640\" height=\"360\" \/><\/p>\n<p>\u00a0<\/p>\n<p class=\"yiv5407507382MsoNormal\">Aerol\u00edneas Argentinas acaba de aumentar las frecuencias a la ciudad de Miami durante el mes de junio en sincron\u00eda con el aumento desenfrenado de demanda y tarifas para ese destino de vacunaci\u00f3n masiva.<\/p>\n<p class=\"yiv5407507382MsoNormal\">Los agentes de viaje se quejan en redes sociales y se escandalizan de que mientras el gobierno suspende una sustancial cantidad de vuelos sobre todo a Canc\u00fan y Punta Cana hasta septiembre y los pocos programados a Europa, aumenta sus frecuencias a este destino que cotiza con tarifas en alza. (<a rel=\"nofollow noopener\" target=\"_blank\" href=\"https:\/\/www.reportur.com\/argentina\/2021\/05\/04\/argentinos-pagan-desde-700-dolares-pasajes-miami\/\">Argentinos pagan m\u00e1s de 7.000 d\u00f3lares para vacunarse en Miami)<\/a><\/p>\n<p class=\"yiv5407507382MsoNormal\">\u201cLlama la atenci\u00f3n que la aerol\u00ednea de bandera publique el precio del pasaje a\u00e9reo en d\u00f3lares , informando que el pago es en efectivo y que no incluye ni equipaje\u201d se quejan los agentes, a la vez que el pasaje asciende a $ 230.000 en junio y m\u00e1s en julio.<\/p>\n<p class=\"yiv5407507382MsoNormal\">El reclamo b\u00e1sicamente es que haya ecuanimidad en el mercado y que los beneficios no sean s\u00f3lo para la aerol\u00ednea de bandera. En teor\u00eda todos los vuelos est\u00e1n \u201csujetos a revisi\u00f3n por el Gobierno\u201d pero mientras un pu\u00f1ado de compa\u00f1\u00edas a\u00e9reas tienen que hacer pedidos extraordinarios para reanudar sus principales vuelos, AR anuncia el aumento de sus frecuencias generando nuevamente un desequilibrio y competencia desleal seg\u00fan los propios agentes que venden unos y otros vuelos.<\/p>\n<p><!-- AddThis Advanced Settings above via filter on the_content --><!-- AddThis Advanced Settings below via filter on the_content --><!-- AddThis Advanced Settings generic via filter on the_content --><!-- AddThis Share Buttons above via filter on the_content --><!-- AddThis Share Buttons below via filter on the_content --><!-- AddThis Share Buttons generic via filter on the_content --><\/div>\n<hr class=\"noCss\" \/><\/div>\n\n<p><em> &#8221; Fuentes www.reportur.com &#8221; <\/em><\/p>\n","protected":false},"excerpt":{"rendered":"<p>quejas ante inequidad R. R l Buenos Aires | 12 de mayo de 2021 &#13; &#13; Deja un comentario &#13; TEMAS RELACIONADOS: AR, Argentina, Canc\u00fan, EEUU, Miami, Punta Cana \u00a0 Aerol\u00edneas Argentinas acaba de aumentar las frecuencias a la ciudad de Miami durante el mes de junio en sincron\u00eda con el aumento desenfrenado de demanda [&hellip;]<\/p>\n","protected":false},"author":4,"featured_media":126204,"comment_status":"open","ping_status":"closed","sticky":false,"template":"","format":"standard","meta":{"om_disable_all_campaigns":false,"jnews-multi-image_gallery":[],"jnews_single_post":[],"jnews_primary_category":[],"jnews_social_meta":[],"footnotes":""},"categories":[40],"tags":[],"class_list":["post-126203","post","type-post","status-publish","format-standard","has-post-thumbnail","hentry","category-industria"],"_links":{"self":[{"href":"https:\/\/dimensionturistica.com\/es\/wp-json\/wp\/v2\/posts\/126203","targetHints":{"allow":["GET"]}}],"collection":[{"href":"https:\/\/dimensionturistica.com\/es\/wp-json\/wp\/v2\/posts"}],"about":[{"href":"https:\/\/dimensionturistica.com\/es\/wp-json\/wp\/v2\/types\/post"}],"author":[{"embeddable":true,"href":"https:\/\/dimensionturistica.com\/es\/wp-json\/wp\/v2\/users\/4"}],"replies":[{"embeddable":true,"href":"https:\/\/dimensionturistica.com\/es\/wp-json\/wp\/v2\/comments?post=126203"}],"version-history":[{"count":0,"href":"https:\/\/dimensionturistica.com\/es\/wp-json\/wp\/v2\/posts\/126203\/revisions"}],"wp:featuredmedia":[{"embeddable":true,"href":"https:\/\/dimensionturistica.com\/es\/wp-json\/wp\/v2\/media\/126204"}],"wp:attachment":[{"href":"https:\/\/dimensionturistica.com\/es\/wp-json\/wp\/v2\/media?parent=126203"}],"wp:term":[{"taxonomy":"category","embeddable":true,"href":"https:\/\/dimensionturistica.com\/es\/wp-json\/wp\/v2\/categories?post=126203"},{"taxonomy":"post_tag","embeddable":true,"href":"https:\/\/dimensionturistica.com\/es\/wp-json\/wp\/v2\/tags?post=126203"}],"curies":[{"name":"wp","href":"https:\/\/api.w.org\/{rel}","templated":true}]}}