{"id":126145,"date":"2021-05-12T23:47:18","date_gmt":"2021-05-12T23:47:18","guid":{"rendered":"https:\/\/dimensionturistica.com\/es\/?p=126145"},"modified":"2021-05-12T23:47:18","modified_gmt":"2021-05-12T23:47:18","slug":"una-agencia-italiana-organiza-viajes-a-serbia-para-vacunarse-por-500-euros","status":"publish","type":"post","link":"https:\/\/dimensionturistica.com\/es\/una-agencia-italiana-organiza-viajes-a-serbia-para-vacunarse-por-500-euros\/","title":{"rendered":"Una agencia italiana organiza viajes a Serbia para vacunarse por 500 euros"},"content":{"rendered":"<p> <br \/>\n<\/p>\n<div>\n<p><strong>En Serbia<\/strong>, donde el plan de vacunaci\u00f3n contra el <a rel=\"nofollow noopener\" target=\"_blank\" href=\"https:\/\/es.yahoo.com\/topics\/Coronavirus\/\" data-ylk=\"slk:COVID\" class=\"link rapid-noclick-resp\">COVID<\/a> avanza positivamente, el <strong>Gobierno ha dado la posibilidad de vacunarse<\/strong> a los <strong>ciudadanos de otros pa\u00edses<\/strong>. Para ello ha puesto a servicio de los interesados un <strong>formulario a rellenar<\/strong> en el que dejar los datos personales, la disponibilidad de fechas y hasta <strong>elegir cu\u00e1l es la vacuna que preferir\u00edan recibir<\/strong> de las cuatro disponibles. Para<strong> ayudar a los italianos que quieran desplazarse a Belgrado <\/strong>para inocularse la vacuna, una<strong> agencia de Bolonia ha lanzado una suerte de paquete de viaje<\/strong> en el que ofrecen alojamiento y asistencia por unos 500 euros.<\/p>\n<figure class=\"caas-figure\">\n<div style=\"\">\n<div>\n<div class=\"caas-img-container caas-img-loader noheight\"><img decoding=\"async\" class=\"caas-img caas-lazy has-preview\" alt=\"\" src=\"https:\/\/s.yimg.com\/ny\/api\/res\/1.2\/yg2fRYg1NW2PAIqBKAS79g--\/YXBwaWQ9aGlnaGxhbmRlcjt3PTk2MA--\/https:\/\/s.yimg.com\/os\/creatr-uploaded-images\/2021-02\/d45cdeb0-6466-11eb-af7f-31282c62c3fb\"\/><noscript><img decoding=\"async\" alt=\"\" src=\"https:\/\/s.yimg.com\/ny\/api\/res\/1.2\/yg2fRYg1NW2PAIqBKAS79g--\/YXBwaWQ9aGlnaGxhbmRlcjt3PTk2MA--\/https:\/\/s.yimg.com\/os\/creatr-uploaded-images\/2021-02\/d45cdeb0-6466-11eb-af7f-31282c62c3fb\" class=\"caas-img\"\/><\/noscript><\/div>\n<\/div>\n<\/div>\n<\/figure>\n<p>La agencia en cuesti\u00f3n se llama Viaggi Salvadori y sus propietarios son Umberto Sassatelli Salvadori y su hermana Carlotta. Ha sido \u00e9l, Umberto, quien ha concedido una entrevista al medio italiano <a rel=\"nofollow noopener\" target=\"_blank\" href=\"https:\/\/www.tpi.it\/esteri\/vaccini-serbia-italiani-agenzia-viaggi-bologna-intervista-20210414771063\/\" data-ylk=\"slk:TPI\" class=\"link rapid-noclick-resp\"><em>TPI<\/em><\/a> en la que ha explicado en qu\u00e9 consiste ese paquete que ofrecen despu\u00e9s de que la noticia fuese publicada por diversos medios nacionales.\u00a0<\/p>\n<p>\u201cQuisiera precisar que <strong>no hacemos turismo de vacunaci\u00f3n <\/strong>ni viajes de esperanza. Somos una agencia seria que existe desde hace m\u00e1s de 90 a\u00f1os. No organizamos peregrinaciones a Lourdes ni los llamados \u2018pot trips\u2019. <strong>Simplemente damos apoyo a medida<\/strong>, gesti\u00f3n de viajes <em>in situ <\/em>a quienes deciden ir a Serbia a vacunarse y ya han obtenido una cita para la administraci\u00f3n de la vacuna \u201c, ha aclarado Sassatelli.\u00a0<\/p>\n<p>Seg\u00fan ha explicado el propietario de esta agencia de viajes, existe un formulario en el que cualquiera puede \u201cmanifestar inter\u00e9s en vacunarse\u201d y que pese al aluvi\u00f3n de solicitudes \u2013cuenta que en solo unos d\u00edas m\u00e1s de 80.000\u2013 \u201ca\u00fan est\u00e1 en l\u00ednea\u201d. La mayor\u00eda de peticiones llegan de pa\u00edses vecinos de la antigua Yugoslavia, pero tambi\u00e9n hay italianos interesados en la concept de viajar a Serbia para vacunarse antes de lo que les tocar\u00eda por turno en Italia <strong>eligiendo entre Pfizer, Sputnik, AstraZeneca y Sinopharm.<\/strong><\/p>\n<p>\u00c9l mismo lo ha hecho y ha explicado que lo complet\u00f3 un viernes y que recibi\u00f3 respuesta el domingo para vacunarse a partir de finales de este mes de abril. Lo que ofrece esta agencia, seg\u00fan su gerente, es no tanto un paquete tur\u00edstico como un viaje con asistencia. Un ayuda que se inicia con<strong> asesoramiento a la hora de rellenar el formulario <\/strong>\u201cque no es exactamente intuitivo, ya que est\u00e1 escrito en cir\u00edlico y requiere un correo electr\u00f3nico y un tel\u00e9fono serbio\u201d.<\/p>\n<p><button class=\"link rapid-noclick-resp caas-button collapse-button\" aria-label=\"\" title=\"\" data-ylk=\"elm:readmore;slk:Story continues\">Leer m\u00e1s<\/button><\/p>\n<p>Cuando la solicitud ha sido estudiada por las autoridades serbias y aprobada, el solicitante recibe un mensaje con su cita para presentarse en el centro de vacunaci\u00f3n correspondiente. Desde la agencia ayudan con todos esos tr\u00e1mites y adem\u00e1s <a rel=\"nofollow noopener\" target=\"_blank\" href=\"https:\/\/leisure.viaggisalvadori.it\/vaccinati-in-serbia-il-viaggio-lo-organizziamo-noi\/\" data-ylk=\"slk:ofrecen, por 500 euros, el alojamiento y la asistencia\" class=\"link rapid-noclick-resp\">ofrecen, <strong>por 500 euros, el alojamiento y la asistencia<\/strong><\/a> en el lugar durante <strong>cuatro d\u00edas en Belgrado. <\/strong><\/p>\n<p>\u201cNo es un paquete de viaje, sino simplemente una estad\u00eda con asistencia\u201d, insiste Sassatelli, quien a\u00f1ade que \u201cnos encargamos de reservar el hotel, una persona <em>in situ <\/em>que te acompa\u00f1a en todos tus movimientos, ayud\u00e1ndote tambi\u00e9n con el idioma y, por supuesto, el seguro. Todo por poco m\u00e1s de 500 euros por persona\u201d. <strong>No est\u00e1 incluido el desplazamiento desde Italia a Serbia.<\/strong><\/p>\n<p>En <a rel=\"nofollow noopener\" target=\"_blank\" href=\"https:\/\/www.lavozdegalicia.es\/noticia\/sociedad\/2021\/04\/19\/viaje-serbia-vacuna-incluida-500-euros\/00031618826922629838512.htm\" data-ylk=\"slk:La Voz de Galicia\" class=\"link rapid-noclick-resp\"><em>La Voz de Galicia<\/em><\/a>, donde han recogido la existencia de esta oferta, hacen hincapi\u00e9 en el hecho de que <strong>Serbia es uno de los pa\u00edses m\u00e1s avanzados en la inmunizaci\u00f3n de su poblaci\u00f3n<\/strong>. Seg\u00fan los datos publicados por el citado diario gallego, el pasado jueves el 39% de los mayores de edad de Belgrado hab\u00eda recibido al menos una dosis y Goran Aleksic, embajador de Serbia en Italia, ha asegurado que \u201ca finales de abril estar\u00e1 vacunado el 40% de la poblaci\u00f3n de todo el pa\u00eds y esperamos alcanzar la inmunidad colectiva a finales de julio\u201d.<\/p>\n<p>La clave ha estado en buscar, seg\u00fan el ministro de Asuntos Exteriores serbio, Nikola Selakovic, \u201cacuerdos bilaterales para conseguir vacunas, comprando dos en el oeste (Pfizer yAstraZeneca) y dos en el este (Sputnik y Sinopharm). Es el resultado del duro trabajo de nuestro presidente, Aleksander Vucic, que no ha tenido problema para hablar directamente con Putin y Xi Jinping\u201d.<\/p>\n<h3>EN V\u00cdDEO | La UE no renovar\u00e1 contratos con Astrazeneca y Johnson &amp; Johnson, seg\u00fan La Stampa<\/h3>\n<\/div>\n\n<p><em> &#8221; Fuentes es.noticias.yahoo.com &#8221; <\/em><\/p>\n","protected":false},"excerpt":{"rendered":"<p>En Serbia, donde el plan de vacunaci\u00f3n contra el COVID avanza positivamente, el Gobierno ha dado la posibilidad de vacunarse a los ciudadanos de otros pa\u00edses. Para ello ha puesto a servicio de los interesados un formulario a rellenar en el que dejar los datos personales, la disponibilidad de fechas y hasta elegir cu\u00e1l es [&hellip;]<\/p>\n","protected":false},"author":4,"featured_media":126146,"comment_status":"open","ping_status":"closed","sticky":false,"template":"","format":"standard","meta":{"om_disable_all_campaigns":false,"jnews-multi-image_gallery":[],"jnews_single_post":[],"jnews_primary_category":[],"jnews_social_meta":[],"footnotes":""},"categories":[40],"tags":[],"class_list":["post-126145","post","type-post","status-publish","format-standard","has-post-thumbnail","hentry","category-industria"],"_links":{"self":[{"href":"https:\/\/dimensionturistica.com\/es\/wp-json\/wp\/v2\/posts\/126145","targetHints":{"allow":["GET"]}}],"collection":[{"href":"https:\/\/dimensionturistica.com\/es\/wp-json\/wp\/v2\/posts"}],"about":[{"href":"https:\/\/dimensionturistica.com\/es\/wp-json\/wp\/v2\/types\/post"}],"author":[{"embeddable":true,"href":"https:\/\/dimensionturistica.com\/es\/wp-json\/wp\/v2\/users\/4"}],"replies":[{"embeddable":true,"href":"https:\/\/dimensionturistica.com\/es\/wp-json\/wp\/v2\/comments?post=126145"}],"version-history":[{"count":0,"href":"https:\/\/dimensionturistica.com\/es\/wp-json\/wp\/v2\/posts\/126145\/revisions"}],"wp:featuredmedia":[{"embeddable":true,"href":"https:\/\/dimensionturistica.com\/es\/wp-json\/wp\/v2\/media\/126146"}],"wp:attachment":[{"href":"https:\/\/dimensionturistica.com\/es\/wp-json\/wp\/v2\/media?parent=126145"}],"wp:term":[{"taxonomy":"category","embeddable":true,"href":"https:\/\/dimensionturistica.com\/es\/wp-json\/wp\/v2\/categories?post=126145"},{"taxonomy":"post_tag","embeddable":true,"href":"https:\/\/dimensionturistica.com\/es\/wp-json\/wp\/v2\/tags?post=126145"}],"curies":[{"name":"wp","href":"https:\/\/api.w.org\/{rel}","templated":true}]}}